{"id":2367,"date":"2020-09-25T00:00:00","date_gmt":"2020-09-25T00:00:00","guid":{"rendered":"https:\/\/www.imovirtual.com\/noticias2\/2020\/09\/25\/campo-de-ourique\/"},"modified":"2020-09-25T00:00:00","modified_gmt":"2020-09-25T00:00:00","slug":"campo-de-ourique","status":"publish","type":"post","link":"https:\/\/www.imovirtual.com\/noticias\/relatorio-de-precos\/campo-de-ourique\/","title":{"rendered":"Lisboa: Campo de Ourique"},"content":{"rendered":"<p class=\"css-8qfla4\">\n<p class=\"css-m5h6m0 edperro0\">\n<h1><strong>Tudo sobre Campo de Ourique<\/strong><\/h1>\n<p>A freguesia de Campo de Ourique \u2013 ou Bairro de Campo de Ourique, como tamb\u00e9m \u00e9 apelidada \u2013 \u00e9 uma antiga terra de quintas pertencentes a Campolide, projetada por Frederico Ressano Garcia em 1910, ap\u00f3s a implementa\u00e7\u00e3o da Rep\u00fablica Portuguesa.<\/p>\n<p>Como resultado da agrega\u00e7\u00e3o de freguesias, Campo de Ourique abrange as antigas freguesias de Santa Isabel e Santo Condest\u00e1vel, representando, deste modo, uma \u00e1rea total de 1,65km2 e 22 mil habitantes.&nbsp;<\/p>\n<ul>\n<li><a href=\"https:\/\/www.imovirtual.com\/comprar\/apartamento\/campo-de-ourique-lisboa\/\" target=\"_blank\" rel=\"noopener\">Comprar casa em Campo de Ourique&nbsp;<\/a><\/li>\n<li><a href=\"https:\/\/www.imovirtual.com\/arrendar\/apartamento\/campo-de-ourique-lisboa\/\" target=\"_blank\" rel=\"noopener\">Arrendar casa em Campo de Ourique<\/a><\/li>\n<\/ul>\n<p>Se tamb\u00e9m quer pertencer \u00e0 lista de moradores desta freguesia, saiba que o pre\u00e7o m\u00e9dio de venda ronda os 3.600\u20ac\/m2, um pre\u00e7o mediano acima do valor da cidade de Lisboa (3 205 \u20ac\/m2 ). Comprar uma casa em Campo de Ourique pode n\u00e3o ser para todas as carteiras, mas n\u00e3o se vai arrepender.&nbsp;&nbsp;<\/p>\n<p>Sabia que durante a II Guerra Mundial, Campo de Ourique serviu de ref\u00fagio para muitos judeus? Atualmente, possui cerca de 22.132 habitantes, dispersos pelos mais de 13.800 alojamentos.<\/p>\n<p>&nbsp;<\/p>\n<h2><strong>Patrim\u00f3nio<\/strong><\/h2>\n<\/p>\n<h3>Cinema Europa<\/h3>\n<p>Este espa\u00e7o cultural que outrora foi uma das maiores salas de cinema de Lisboa, reabriu e 2017 como biblioteca e espa\u00e7o cultural, tendo mais de 5.000 livros em sala.<\/p>\n<\/p>\n<h3>Casa Fernando Pessoa<\/h3>\n<\/p>\n<p>O escritor portugu\u00eas Fernando Pessoa passou os \u00faltimos quinze anos da sua vida em Campo de Ourique, na sua casa na Rua Coelho da Rocha. Hoje em dia, a casa do poeta&nbsp; pode ser visitada &#8211; a biblioteca dedicada ao poeta e salas com objetos pessoais, como a m\u00e1quina de escrever de Pessoa, os \u00f3culos e os seus cadernos. Ao longo do ano decorrem eventos especiais como exposi\u00e7\u00f5es tempor\u00e1rias e leituras de poesia. Em Setembro, a entrada na Casa Fernando Pessoa \u00e9 livre e estar\u00e1 aberta ao p\u00fablico de ter\u00e7a a domingo das 11h \u00e0s 17h, sendo a \u00faltima entrada \u00e0s 16h00.<\/p>\n<p>No \u00e2mbito da cultura, a Junta de Freguesia de Campo de Ourique organiza v\u00e1rias atividades, entre as quais passeios culturais, confer\u00eancias, mostras de artesanato, a Universidade S\u00e9nior e a Ludobiblioteca.<\/p>\n<\/p>\n<h2><strong>Espa\u00e7os de lazer ao ar livre<\/strong><\/h2>\n<p>Se comprar uma casa em Campo de Ourique aproveite para dar uma caminhada ou passear no Jardim da Parada, um dos locais mais emblem\u00e1ticos do bairro.<\/p>\n<\/p>\n<h2><strong>Transportes e Acessibilidades<\/strong><\/h2>\n<p>O Bairro de Campo de Ourique n\u00e3o disp\u00f5e de diversos meios de transportes como comboio ou metro, pois a ess\u00eancia singular do bairro ainda hoje perdura: sair de casa e poder fazer tudo a p\u00e9. Contudo, tem o simb\u00f3lico El\u00e9trico 28, que para al\u00e9m de muito tur\u00edstico, liga o Martim Moniz a Campo de Ourique.&nbsp;&nbsp;<\/p>\n<\/p>\n<h2><strong>Sa\u00fade<\/strong>&nbsp;<\/h2>\n<p>No que diz respeito \u00e0 sa\u00fade, pode encontrar nesta freguesia, os especialistas dedicados exclusivamente \u00e0 Podologia com a mais avan\u00e7ada tecnologia &#8211; a cl\u00ednica <a href=\"https:\/\/www.doutorpe.pt\/\" target=\"_blank\" rel=\"noopener\">Doutor P\u00e9<\/a>. A sa\u00fade dos nossos p\u00e9s \u00e9 de grande import\u00e2ncia, sendo a base de sustento do nosso corpo, n\u00e3o nos podemos esquecer de cuidar e tratar.<\/p>\n<\/p>\n<h2><strong>Com\u00e9rcio<\/strong>&nbsp;<\/h2>\n<p>O <a href=\"https:\/\/welovecampodeourique.com\/category\/comercio\/\" target=\"_blank\" rel=\"noopener\">com\u00e9rcio<\/a> e servi\u00e7os s\u00e3o das principais raz\u00f5es pelo qual Campo de Ourique \u00e9 t\u00e3o procurado, tendo como consequ\u00eancia a crescente procura por im\u00f3veis para habita\u00e7\u00e3o e para investimento, tornando Campo de Ourique uma zona t\u00e3o cobi\u00e7ada. Se morar em Campo de Ourique pode ter \u00e0 sua porta in\u00fameras lojas, restaurantes e mercados tradicionais &#8211; um verdadeiro centro comercial a c\u00e9u aberto.&nbsp; Nesta freguesia, tem ao seu dispor v\u00e1rios caf\u00e9s, gelatarias e bares, para experimentar a vida noturna do bairro do Campo de Ourique.<\/p>\n<\/p>\n<p><strong>Mercado Municipal de Campo de Ourique<\/strong><\/p>\n<p>O enigm\u00e1tico Mercado Municipal de Campo de Ourique \u00e9 um mercado local com deliciosos produtos frescos e muitos restaurantes. Este mercado e alimenta\u00e7\u00e3o \u00e9 muito menos frequentado pelos turistas do que o Mercado Ribeira Time-Out.&nbsp; A simpatia dos comerciantes aliado \u00e0 variedade de legumes, fruta e outros alimentos n\u00e3o o v\u00e3o deixar indiferente.<\/p>\n<p>Na principal rua de Campo de Ourique, a Rua Coelho da Rocha, pode deixar deliciar-se pelos melhores locais para comer, desde a comida japonesa at\u00e9 aos pratos mais saud\u00e1veis e \u201cna moda\u201d.<\/p>\n<p>Se \u00e9 oficialmente um novo morador deste agrad\u00e1vel bairro lisboeta, com certeza ir\u00e1 querer ter o seu cantinho decorado a gosto, mas nada melhor do que ajuda de profissionais. Passe pelo atelier <a href=\"http:\/\/margaridabugarim.com\/\" target=\"_blank\" rel=\"noopener\">Margarida Burgarim<\/a>, deslumbre-se com as brilhantes ideias de decora\u00e7\u00e3o e incr\u00edvel mobili\u00e1rio desenhado \u00e0 medida.<\/p>\n<h2>&nbsp;<\/h2>\n<h2><strong>O que dizem os moradores?&nbsp;<\/strong><\/h2>\n<p>A simpatia reina entre os moradores de Campo de Ourique, dos mais novos aos mais antigos. Segundo estes, transportes, seguran\u00e7a, lojas e restaurante n\u00e3o faltam. O pior mesmo \u00e9 o estacionamento.<\/p>\n<p>Num estudo feito pelo Imovirtual, junto dos moradores de Campo de Ourique, foi poss\u00edvel atribuir uma avalia\u00e7\u00e3o global da freguesia, bem como identificar os pontos mais forte e mais fracos da mesma. Veja os resultados:<\/p>\n<p class=\" block-img\"><img decoding=\"async\" src=\"https:\/\/images.prismic.io\/imovirtual\/4ad753d9-0150-4566-b4c5-62703cc7dfd5_tabela-items_campo+de+ourique.png&amp;rect=82,0,773,516&amp;w=601&amp;h=401\" alt=\"\"><\/p>\n<p>Se est\u00e1 \u00e0 procura de um im\u00f3vel para arrendar ou comprar nesta localidade, consulte todas as ofertas dispon\u00edveis no website do <a href=\"https:\/\/www.imovirtual.com\/\" target=\"_blank\" rel=\"noopener\">Imovirtual<\/a>.<\/p>\n<p class=\" block-img\"><img decoding=\"async\" src=\"https:\/\/www.imovirtual.com\/noticias\/wp-content\/uploads\/2022\/11\/3c23b667-0a08-4ca1-abcb-74566be5c538_Copia-de-Banners-Autores-2.png\" alt=\"Alexandre Lu\u00eds Autor Imovirtual\"><\/p>\n<h5><em>Tamb\u00e9m conhecido como &#8216;O Consultor&#8217;. Pode encontr\u00e1-lo a consultar o \u00faltimo estudo de mercado. N\u00e3o tem talento para vender, mas sabe tudo sobre Imobili\u00e1rio. Fala sobre quest\u00f5es relacionadas com o tema no Blog do Imovirtual.<\/em><\/h5>\n<\/p>\n<h4><strong>Leia tamb\u00e9m<\/strong><\/h4>\n<ul>\n<li>Os erros mais frequentes dos&nbsp;<a href=\"https:\/\/www.imovirtual.com\/noticias\/imobiliario\/os-erros-mais-frequentes-dos-novos-compradores\" target=\"_blank\" rel=\"noopener\"><strong>compradores de primeira habita\u00e7\u00e3o<\/strong><\/a><\/li>\n<li>O processo de&nbsp;<a href=\"https:\/\/www.imovirtual.com\/noticias\/imobiliario\/oito-etapas-comprar-casas\" target=\"_blank\" rel=\"noopener\"><strong>compra de um im\u00f3vel<\/strong><\/a>&nbsp;em 8 etapas<\/li>\n<li>Como escolher a&nbsp;<a href=\"https:\/\/www.imovirtual.com\/noticias\/imobiliario\/dicas-para-escolher-zona-onde-viver\" target=\"_blank\" rel=\"noopener\"><strong>zona certa para viver<\/strong><\/a><\/li>\n<\/ul>\n<\/p>\n<div class=\"css-h5fkc8\"><strong>Ultima actualiza\u00e7\u00e3o:<\/strong> 29 setembro 2021<\/div>\n","protected":false},"excerpt":{"rendered":"<p>Tudo sobre Campo de Ourique A freguesia de Campo de Ourique \u2013 ou Bairro de Campo de Ourique, como tamb\u00e9m \u00e9 apelidada \u2013 \u00e9 uma antiga terra de quintas pertencentes a Campolide, projetada por Frederico Ressano Garcia em 1910, ap\u00f3s a implementa\u00e7\u00e3o da Rep\u00fablica Portuguesa. Como resultado da agrega\u00e7\u00e3o de freguesias, Campo de Ourique abrange &hellip;<\/p>\n","protected":false},"author":3,"featured_media":2368,"comment_status":"closed","ping_status":"open","sticky":false,"template":"","format":"standard","meta":{"footnotes":""},"categories":[2],"tags":[],"class_list":["post-2367","post","type-post","status-publish","format-standard","has-post-thumbnail","hentry","category-relatorio-de-precos"],"_links":{"self":[{"href":"https:\/\/www.imovirtual.com\/noticias\/wp-json\/wp\/v2\/posts\/2367","targetHints":{"allow":["GET"]}}],"collection":[{"href":"https:\/\/www.imovirtual.com\/noticias\/wp-json\/wp\/v2\/posts"}],"about":[{"href":"https:\/\/www.imovirtual.com\/noticias\/wp-json\/wp\/v2\/types\/post"}],"author":[{"embeddable":true,"href":"https:\/\/www.imovirtual.com\/noticias\/wp-json\/wp\/v2\/users\/3"}],"replies":[{"embeddable":true,"href":"https:\/\/www.imovirtual.com\/noticias\/wp-json\/wp\/v2\/comments?post=2367"}],"version-history":[{"count":0,"href":"https:\/\/www.imovirtual.com\/noticias\/wp-json\/wp\/v2\/posts\/2367\/revisions"}],"wp:featuredmedia":[{"embeddable":true,"href":"https:\/\/www.imovirtual.com\/noticias\/wp-json\/wp\/v2\/media\/2368"}],"wp:attachment":[{"href":"https:\/\/www.imovirtual.com\/noticias\/wp-json\/wp\/v2\/media?parent=2367"}],"wp:term":[{"taxonomy":"category","embeddable":true,"href":"https:\/\/www.imovirtual.com\/noticias\/wp-json\/wp\/v2\/categories?post=2367"},{"taxonomy":"post_tag","embeddable":true,"href":"https:\/\/www.imovirtual.com\/noticias\/wp-json\/wp\/v2\/tags?post=2367"}],"curies":[{"name":"wp","href":"https:\/\/api.w.org\/{rel}","templated":true}]}}