{"id":2353,"date":"2021-09-30T00:00:00","date_gmt":"2021-09-30T00:00:00","guid":{"rendered":"https:\/\/www.imovirtual.com\/noticias2\/2021\/09\/30\/mercado-imobiliario-em-numeros-barometro-mensal-setembro-21\/"},"modified":"2021-09-30T00:00:00","modified_gmt":"2021-09-30T00:00:00","slug":"mercado-imobiliario-em-numeros-barometro-mensal-setembro-21","status":"publish","type":"post","link":"https:\/\/www.imovirtual.com\/noticias\/relatorio-de-precos\/mercado-imobiliario-em-numeros-barometro-mensal-setembro-21\/","title":{"rendered":"Mercado Imobili\u00e1rio em N\u00fameros: Bar\u00f3metro Mensal de Setembro"},"content":{"rendered":"<p class=\"css-8qfla4\">\n<p class=\"css-m5h6m0 edperro0\">\n<h1><strong>Varia\u00e7\u00e3o Mensal: Setembro 2021 vs Agosto 2021<\/strong><\/h1>\n<h3><strong>Venda | Apartamentos e Moradias<\/strong><\/h3>\n<p>O pre\u00e7o m\u00e9dio dos im\u00f3veis anunciados no Imovirtual para venda em Portugal foi de 370.372\u20ac em Setembro de 2021. Assistimos a uma estabilidade dos pre\u00e7os marcado por 1,4% face ao m\u00eas anterior que registou um pre\u00e7o m\u00e9dio de 365.264\u20ac.<\/p>\n<p>No m\u00eas de Setembro, o distrito que se destaca com o maior aumento de varia\u00e7\u00e3o percentual de pre\u00e7o face ao m\u00eas de Agosto foi <strong>Viseu <\/strong>com um crescimento de 2,9%.<\/p>\n<p>Em segundo lugar temos <strong>Faro <\/strong>com uma maior varia\u00e7\u00e3o percentual de pre\u00e7o face ao m\u00eas anterior de 2%, com 484.232\u20ac em Agosto e 493.860\u20ac em Setembro. <strong>Set\u00fabal <\/strong>apresenta um crescimento de 1,9% em compara\u00e7\u00e3o a Agosto de 2021.<\/p>\n<p>Este m\u00eas assistimos apenas a um distrito com queda acentuada na varia\u00e7\u00e3o percentual do pre\u00e7o face ao m\u00eas anterior. Apenas de destacar <strong>\u00c9vora <\/strong>com -3,5%, passando de 248.679\u20ac para 239.869\u20ac.&nbsp;<\/p>\n<p class=\" block-img\"><img decoding=\"async\" src=\"https:\/\/www.imovirtual.com\/noticias\/wp-content\/uploads\/2022\/11\/c2b691eb-fb74-41db-937e-d3d2e497ef09_tab1.png\" alt=\"imovirtual\"><\/p>\n<p class=\" block-img\"><img decoding=\"async\" src=\"https:\/\/www.imovirtual.com\/noticias\/wp-content\/uploads\/2022\/11\/385b5fc4-9e32-41d8-a057-6b1085d904fd_tab2.png\" alt=\"imovirtual\"><\/p>\n<p class=\" block-img\"><img decoding=\"async\" src=\"https:\/\/www.imovirtual.com\/noticias\/wp-content\/uploads\/2022\/11\/99d76e9a-8c1c-4edb-abc0-57a57d23afed_tab3.png\" alt=\"imovirtual\"><\/p>\n<h3><strong>Arrendamento | Apartamentos e Moradias<\/strong><\/h3>\n<p>Em Portugal, o pre\u00e7o m\u00e9dio dos im\u00f3veis anunciados no Imovirtual no segmento de arrendamento apresenta um ligeiro decr\u00e9scimo marcado por -1,3% no pre\u00e7o m\u00e9dio de Setembro em compara\u00e7\u00e3o com Agosto (1.019\u20ac para 1.006\u20ac).<\/p>\n<p><strong>Bragan\u00e7a <\/strong>\u00e9 o distrito que teve o maior crescimento percentual de 17,8%, comparativamente a Agosto, passando de 382\u20ac para 450\u20ac. <br \/>Os restantes distritos que apresentam um crescimento, ainda que ligeiros, s\u00e3o <strong>Castelo Branco<\/strong>, <strong>Santar\u00e9m<\/strong>, <strong>Beja<\/strong> e <strong>\u00c9vora <\/strong>com um crescimento percentual de 4,39%, 4,39%, 4,37% e 4,2%, respetivamente.<\/p>\n<p>Contrariamente, <strong>Portalegre <\/strong>e a <strong>Regi\u00e3o Aut\u00f3noma da Madeira <\/strong>apresentam uma queda percentual do pre\u00e7o m\u00e9dio dos im\u00f3veis de -2,7% e -2,6% respetivamente.<\/p>\n<p class=\" block-img\"><img decoding=\"async\" src=\"https:\/\/www.imovirtual.com\/noticias\/wp-content\/uploads\/2022\/11\/d865e46e-2b7b-4aac-8a3a-e053b6722a63_tab4.png\" alt=\"imovirtual\"><\/p>\n<p class=\" block-img\"><img decoding=\"async\" src=\"https:\/\/www.imovirtual.com\/noticias\/wp-content\/uploads\/2022\/11\/fe1b7324-6faa-42fb-9ce8-93be01c6bd89_tab5.png\" alt=\"imovirtual\"><\/p>\n<p class=\" block-img\"><img decoding=\"async\" src=\"https:\/\/www.imovirtual.com\/noticias\/wp-content\/uploads\/2022\/11\/684f9bb6-e346-426f-a25a-1562f066b2fe_tab6.png\" alt=\"imovirtual\"><\/p>\n<h2><strong>Varia\u00e7\u00e3o Anual: Setembro 2021 vs Setembro 2020<\/strong><\/h2>\n<p>Para uma melhor an\u00e1lise da evolu\u00e7\u00e3o dos pre\u00e7os m\u00e9dios \u00e9 importante comparar tamb\u00e9m dois per\u00edodos hom\u00f3logos em anos seguidos com uma realidade social bastante distinta para compreender o impacto sentido.<\/p>\n<h3><strong>Venda | Apartamentos e Moradias<\/strong><\/h3>\n<p>Comparando os pre\u00e7os m\u00e9dios dos an\u00fancios dos im\u00f3veis no Imovirtual do m\u00eas de Setembro de 2021 com igual per\u00edodo do ano anterior verifica-se um crescimento de 9%, passando de 339.680\u20ac para 370.372\u20ac.&nbsp;<\/p>\n<p>O distrito que registou a maior varia\u00e7\u00e3o percentual foi, novamente, <strong>\u00c9vora <\/strong>(18,1%), passando o pre\u00e7o m\u00e9dio de 203.185\u20ac no per\u00edodo hom\u00f3logo do ano anterior para 239.869\u20ac em de 2021.<\/p>\n<p><strong>Regi\u00e3o Aut\u00f3noma da Madeira <\/strong>e <strong>Vila Real <\/strong>registaram uma uma varia\u00e7\u00e3o percentual de 18% e 11,9% respetivamente.<\/p>\n<p><strong>Guarda<\/strong> \u00e9, novamente, o distrito com a maior quebra percentual no per\u00edodo considerado com -9,1% (de 123.340\u20ac em 2020 para 112.108\u20ac em 2021).<\/p>\n<p class=\" block-img\"><img decoding=\"async\" src=\"https:\/\/www.imovirtual.com\/noticias\/wp-content\/uploads\/2022\/11\/0329f511-1398-48a2-9cb7-f7a1ec54bc9b_graf1.png\" alt=\"imovirtual\"><\/p>\n<h3><strong>Arrendamento | Apartamentos e Moradias<\/strong><\/h3>\n<p>No segmento de arrendamento, os pre\u00e7os das rendas diminuem desde 2019, este m\u00eas \u00e9 marcado por -4,2%, comparando os pre\u00e7os m\u00e9dios anunciados do m\u00eas de Setembro de 2021 (1.006\u20ac) com igual per\u00edodo do ano anterior (1.050\u20ac).<\/p>\n<p><strong>Portalegre <\/strong>registou o maior aumento percentual de 39% no pre\u00e7o m\u00e9dio anunciado, passando a renda m\u00e9dia mensal de 313\u20ac para 435\u20ac em Setembro de 2021. <strong>Guarda<\/strong> apresenta tamb\u00e9m um aumento percentual de 32,3% e <strong>Bragan\u00e7a<\/strong> de 23%.&nbsp;<\/p>\n<p>Os distritos que registaram a maior quebra percentual foram <strong>Viseu <\/strong>com -7,6% (de 477\u20ac para 441\u20ac) e <strong>Beja<\/strong> com -4,2% (de 549\u20ac para 526\u20ac).<\/p>\n<p class=\" block-img\"><img decoding=\"async\" src=\"https:\/\/www.imovirtual.com\/noticias\/wp-content\/uploads\/2022\/11\/0ccc0fc5-82ba-42d9-90f0-0a1244bbdf8a_graf2.png\" alt=\"imovirtual\"><\/p>\n<h3><strong>Leia tamb\u00e9m:<\/strong><\/h3>\n<ul>\n<li><a href=\"https:\/\/www.imovirtual.com\/noticias\/imoblog\/igualdade-mulheres-homens-consultoria-imobiliaria\" target=\"_blank\" rel=\"noopener\"><strong>Consultoria Imobili\u00e1ria: ser\u00e1 esta uma profiss\u00e3o que iguala Homens e Mulheres?<\/strong><\/a><\/li>\n<li><a href=\"https:\/\/www.imovirtual.com\/noticias\/noticias\/massimo-forte-rendimentos-imobiliario\" target=\"_blank\" rel=\"noopener\"><strong>De TA a TZ: Curtas com Massimo Forte: Rendimentos no Imobili\u00e1rio | Epis\u00f3dio 9<\/strong><\/a><\/li>\n<li><a href=\"https:\/\/www.imovirtual.com\/noticias\/imoblog\/aproximo-o-evento-que-conecta-os-profissionais-do-setor-imobiliario-2021\" target=\"_blank\" rel=\"noopener\"><strong>APROXIMO 2021: O evento que conecta os Profissionais do Setor Imobili\u00e1rio<\/strong><\/a><\/li>\n<\/ul>\n<\/p>\n<div class=\"css-h5fkc8\"><strong>Ultima actualiza\u00e7\u00e3o:<\/strong> 30 setembro 2021<\/div>\n","protected":false},"excerpt":{"rendered":"<p>Varia\u00e7\u00e3o Mensal: Setembro 2021 vs Agosto 2021 Venda | Apartamentos e Moradias O pre\u00e7o m\u00e9dio dos im\u00f3veis anunciados no Imovirtual para venda em Portugal foi de 370.372\u20ac em Setembro de 2021. Assistimos a uma estabilidade dos pre\u00e7os marcado por 1,4% face ao m\u00eas anterior que registou um pre\u00e7o m\u00e9dio de 365.264\u20ac. No m\u00eas de Setembro, &hellip;<\/p>\n","protected":false},"author":3,"featured_media":2354,"comment_status":"closed","ping_status":"open","sticky":false,"template":"","format":"standard","meta":{"footnotes":""},"categories":[2],"tags":[],"class_list":["post-2353","post","type-post","status-publish","format-standard","has-post-thumbnail","hentry","category-relatorio-de-precos"],"_links":{"self":[{"href":"https:\/\/www.imovirtual.com\/noticias\/wp-json\/wp\/v2\/posts\/2353","targetHints":{"allow":["GET"]}}],"collection":[{"href":"https:\/\/www.imovirtual.com\/noticias\/wp-json\/wp\/v2\/posts"}],"about":[{"href":"https:\/\/www.imovirtual.com\/noticias\/wp-json\/wp\/v2\/types\/post"}],"author":[{"embeddable":true,"href":"https:\/\/www.imovirtual.com\/noticias\/wp-json\/wp\/v2\/users\/3"}],"replies":[{"embeddable":true,"href":"https:\/\/www.imovirtual.com\/noticias\/wp-json\/wp\/v2\/comments?post=2353"}],"version-history":[{"count":0,"href":"https:\/\/www.imovirtual.com\/noticias\/wp-json\/wp\/v2\/posts\/2353\/revisions"}],"wp:featuredmedia":[{"embeddable":true,"href":"https:\/\/www.imovirtual.com\/noticias\/wp-json\/wp\/v2\/media\/2354"}],"wp:attachment":[{"href":"https:\/\/www.imovirtual.com\/noticias\/wp-json\/wp\/v2\/media?parent=2353"}],"wp:term":[{"taxonomy":"category","embeddable":true,"href":"https:\/\/www.imovirtual.com\/noticias\/wp-json\/wp\/v2\/categories?post=2353"},{"taxonomy":"post_tag","embeddable":true,"href":"https:\/\/www.imovirtual.com\/noticias\/wp-json\/wp\/v2\/tags?post=2353"}],"curies":[{"name":"wp","href":"https:\/\/api.w.org\/{rel}","templated":true}]}}