{"id":2330,"date":"2020-12-21T00:00:00","date_gmt":"2020-12-21T00:00:00","guid":{"rendered":"https:\/\/www.imovirtual.com\/noticias2\/2020\/12\/21\/a-galp-vai-concentrar-a-sua-operacao-em-sines\/"},"modified":"2020-12-21T00:00:00","modified_gmt":"2020-12-21T00:00:00","slug":"a-galp-vai-concentrar-a-sua-operacao-em-sines","status":"publish","type":"post","link":"https:\/\/www.imovirtual.com\/noticias\/novidades\/a-galp-vai-concentrar-a-sua-operacao-em-sines\/","title":{"rendered":"Galp vai parar a atividade de refina\u00e7\u00e3o em Matosinhos"},"content":{"rendered":"<p class=\"css-8qfla4\">\n<p class=\"css-m5h6m0 edperro0\">\n<h1><strong>Galp vai parar a atividade de refina\u00e7\u00e3o em Matosinhos<\/strong><\/h1>\n<p>A Galp vai concentrar a sua opera\u00e7\u00e3o em Sines e, por isso, vai deixar de usar Matosinhos como refinaria, isto no pr\u00f3ximo ano. Esta decis\u00e3o foi comunicada \u00e0 Comiss\u00e3o do Mercado de Valores Mobili\u00e1rios (CMVM).<\/p>\n<p>Foi na manh\u00e3 desta segunda-feira que a petrol\u00edfera fez saber que vai concentrar toda a sua atividade de refinaria em Sines em detrimento de Matosinhos. A justifica\u00e7\u00e3o est\u00e1 relacionada com \u201caltera\u00e7\u00f5es estruturais dos padr\u00f5es de consumo de produtos petrol\u00edferos motivados pelo contexto regulat\u00f3rio Europeu e pelo contexto covid-19\u201d. Estas altera\u00e7\u00f5es \u201coriginaram um impacto significativo nas atividades industriais de downstream da Galp\u201d, come\u00e7a desta forma o comunicado.<\/p>\n<p>O mesmo comunicado prossegue, confirmando que \u201cap\u00f3s uma rigorosa avalia\u00e7\u00e3o de alternativas, a Galp ir\u00e1 concentrar as suas atividades de refina\u00e7\u00e3o e desenvolvimentos futuros de Sines e descontinuar as opera\u00e7\u00f5es de refina\u00e7\u00e3o em Matosinhos a partir de 2021\u201d.<\/p>\n<p>Quanto a n\u00fameros, a \u201creconfigura\u00e7\u00e3o\u201d ir\u00e1 permitir \u201cuma redu\u00e7\u00e3o de mais de 90 milh\u00f5es de por ano em custos fixos e investimentos\u201d. O \u201cvalor contabil\u00edstico dos ativos a erem descontinuados \u00e9 de 200 milh\u00f5es de euros\u201d.<\/p>\n<p>A GALP afian\u00e7a no mesmo comunicado que \u201cir\u00e1 focar-se no aumento da resili\u00eancia e competitividade do complexo industrial de Sines, com uma capacidade de processamento de crude de 220 kbpd e equipado com unidades de maior convers\u00e3o, estando em an\u00e1lise iniciativas com vista ao aumento da sua efici\u00eancia processual e energ\u00e9tica, bem como a integra\u00e7\u00e3o de produ\u00e7\u00e3o de biocombust\u00edveis avan\u00e7ados e de outros produtos com baixo teor de carbono e maior valor acrescentado.\u201d<\/p>\n<p>Garante ainda que \u201cos investimentos potenciais associados a estas iniciativas poder\u00e3o ser suportados pelas poupan\u00e7as da reestrutura\u00e7\u00e3o em curso e pelos mecanismos de apoio \u00e0 transi\u00e7\u00e3o energ\u00e9tica\u201d.<\/p>\n<p class=\" block-img\"><img decoding=\"async\" src=\"https:\/\/www.imovirtual.com\/noticias\/wp-content\/uploads\/2022\/11\/35ce8fdc-7f6c-4930-b514-06c8b6107a8e_Joao-Miguel-Banner-2.png\" alt=\"Jo\u00e3o Miguel Autor Imovirtual Blog\"><\/p>\n<h5><em>Jo\u00e3o Miguel \u00e9 o homem dos n\u00fameros. O jeito para os n\u00fameros sempre foi inato, assim como o talento para a escrita. J\u00e1 tentou fazer um sem o outro, mas n\u00e3o foi bem sucedido na tarefa. Por isso, hoje escreve para a sec\u00e7\u00e3o &#8216;Finan\u00e7as&#8217; do Blog do Imovirtual.<\/em><\/h5>\n<\/p>\n<h3><strong>Leia tamb\u00e9m:<\/strong><\/h3>\n<ul>\n<li>Assinado contrato da empreitada do Prolongamento do Quebra-Mar do <a href=\"https:\/\/www.imovirtual.com\/noticias\/noticias\/assinado-contrato-da-empreitada-do-prolongamento-do-quebra-mar-do-porto-de-leixoes\" target=\"_blank\" rel=\"noopener\"><strong>Porto de Leix\u00f5es<\/strong><\/a><\/li>\n<li><a href=\"https:\/\/www.imovirtual.com\/noticias\/noticias\/camara-de-lisboa-aprova-transformacao-de-edificio-da-carta-municipal-do-patrimonio-em-habitacao-turistica\" target=\"_blank\" rel=\"noopener\"><strong>C\u00e2mara de Lisboa<\/strong><\/a> aprova transforma\u00e7\u00e3o de edif\u00edcio da Carta Municipal do Patrim\u00f3nio em habita\u00e7\u00e3o tur\u00edstica<\/li>\n<li><strong><a href=\"https:\/\/www.imovirtual.com\/noticias\/noticias\/o-premio-nacional-de-paisagem-202-foi-conquistado-pela-herdade-da-contenda\" target=\"_blank\" rel=\"noopener\">Herdade da Contenda<\/a> <\/strong>conquista Pr\u00e9mio Nacional de Paisagem<\/li>\n<\/ul>\n<\/p>\n<div class=\"css-h5fkc8\"><strong>Ultima actualiza\u00e7\u00e3o:<\/strong> 01 outubro 2021<\/div>\n","protected":false},"excerpt":{"rendered":"<p>Galp vai parar a atividade de refina\u00e7\u00e3o em Matosinhos A Galp vai concentrar a sua opera\u00e7\u00e3o em Sines e, por isso, vai deixar de usar Matosinhos como refinaria, isto no pr\u00f3ximo ano. Esta decis\u00e3o foi comunicada \u00e0 Comiss\u00e3o do Mercado de Valores Mobili\u00e1rios (CMVM). Foi na manh\u00e3 desta segunda-feira que a petrol\u00edfera fez saber que &hellip;<\/p>\n","protected":false},"author":3,"featured_media":2331,"comment_status":"closed","ping_status":"open","sticky":false,"template":"","format":"standard","meta":{"footnotes":""},"categories":[4],"tags":[],"class_list":["post-2330","post","type-post","status-publish","format-standard","has-post-thumbnail","hentry","category-novidades"],"_links":{"self":[{"href":"https:\/\/www.imovirtual.com\/noticias\/wp-json\/wp\/v2\/posts\/2330","targetHints":{"allow":["GET"]}}],"collection":[{"href":"https:\/\/www.imovirtual.com\/noticias\/wp-json\/wp\/v2\/posts"}],"about":[{"href":"https:\/\/www.imovirtual.com\/noticias\/wp-json\/wp\/v2\/types\/post"}],"author":[{"embeddable":true,"href":"https:\/\/www.imovirtual.com\/noticias\/wp-json\/wp\/v2\/users\/3"}],"replies":[{"embeddable":true,"href":"https:\/\/www.imovirtual.com\/noticias\/wp-json\/wp\/v2\/comments?post=2330"}],"version-history":[{"count":0,"href":"https:\/\/www.imovirtual.com\/noticias\/wp-json\/wp\/v2\/posts\/2330\/revisions"}],"wp:featuredmedia":[{"embeddable":true,"href":"https:\/\/www.imovirtual.com\/noticias\/wp-json\/wp\/v2\/media\/2331"}],"wp:attachment":[{"href":"https:\/\/www.imovirtual.com\/noticias\/wp-json\/wp\/v2\/media?parent=2330"}],"wp:term":[{"taxonomy":"category","embeddable":true,"href":"https:\/\/www.imovirtual.com\/noticias\/wp-json\/wp\/v2\/categories?post=2330"},{"taxonomy":"post_tag","embeddable":true,"href":"https:\/\/www.imovirtual.com\/noticias\/wp-json\/wp\/v2\/tags?post=2330"}],"curies":[{"name":"wp","href":"https:\/\/api.w.org\/{rel}","templated":true}]}}