{"id":2321,"date":"2021-10-01T00:00:00","date_gmt":"2021-10-01T00:00:00","guid":{"rendered":"https:\/\/www.imovirtual.com\/noticias2\/2021\/10\/01\/reaproveitar-agua-em-casa\/"},"modified":"2021-10-01T00:00:00","modified_gmt":"2021-10-01T00:00:00","slug":"reaproveitar-agua-em-casa","status":"publish","type":"post","link":"https:\/\/www.imovirtual.com\/noticias\/lifestyle\/reaproveitar-agua-em-casa\/","title":{"rendered":"5 formas para reaproveitar \u00e1gua em casa"},"content":{"rendered":"<p class=\"css-8qfla4\">\n<p class=\"css-m5h6m0 edperro0\">\n<h1><strong>Como reaproveitar e poupar \u00e1gua em casa<\/strong><\/h1>\n<p>Hoje, dia 1 de outubro de 2021, celebramos o <strong>Dia Nacional da \u00c1gua<\/strong>, um recurso essencial ao bem-estar humano e cujas <strong>reservas est\u00e3o em risco de colapsar<\/strong>. Quem o diz \u00e9 o estudo do projeto Aqueduto do <a href=\"https:\/\/www.wri.org\/aqueduct\" target=\"_blank\" rel=\"noopener\">World Resources Institute<\/a> que reconhece Portugal como um dos pa\u00edses em elevado risco por conta da escassez de \u00e1gua. Isto acontece porque, frequentemente s\u00e3o utilizadas, pelo menos, 80% das suas reservas de \u00e1gua a cada ano. O ensaio revela ainda que<strong> as principais fontes de consumo s\u00e3o a agricultura, as ind\u00fastrias e os munic\u00edpios<\/strong>. Esta vis\u00e3o \u00e9 cimentada pelas conclus\u00f5es do estudo da <a href=\"https:\/\/gulbenkian.pt\/publication\/o-uso-da-agua-em-portugal\/\" target=\"_blank\" rel=\"noopener\">Funda\u00e7\u00e3o Calouste Gulbenkian<\/a> que revela que Portugal enfrenta s\u00e9rios riscos de escassez de \u00e1gua at\u00e9 2040. <\/p>\n<p>Urge tomar uma atitude e como tanto temos falado nos nossos textos sobre <a href=\"https:\/\/www.imovirtual.com\/noticias\/imobiliario\/sustentabilidade-torne-o-seu-escritorio-mais-sustentavel\" target=\"_blank\" rel=\"noopener\">sustentabilidade<\/a>, &#8220;um pequeno gesto, uma grande atitude&#8221;. A mudan\u00e7a est\u00e1 em cada um de n\u00f3s e toda a ajuda \u00e9 bem vinda. Por isso n\u00e3o vale s\u00f3 aplicar alguns dos <a href=\"https:\/\/www.imovirtual.com\/noticias\/lifestyle\/dicas-domesticas\" target=\"_blank\" rel=\"noopener\">truques<\/a> que lhe falamos em <strong><a href=\"https:\/\/www.imovirtual.com\/noticias\/imobiliario\/como-poupar-na-fatura-da-agua\/\" target=\"_blank\" rel=\"noopener\"><em>Como poupar na fatura da \u00e1gua<\/em><\/a><\/strong>, \u00e9 tamb\u00e9m importante<strong><em> <\/em>saber reaproveitar <\/strong>este recurso t\u00e3o precioso. Por isso deixamos-lhe <strong>5 dicas de atitudes e h\u00e1bitos que pode implementar em casa facilmente<\/strong>, para aproveitar toda a gota de \u00e1gua poss\u00edvel.<\/p>\n<\/p>\n<h3>Conhe\u00e7a tamb\u00e9m: Dicas para&nbsp;<a href=\"https:\/\/www.imovirtual.com\/noticias\/lifestyle\/dicas-para-reduzir-o-plastico-em-casa\" target=\"_blank\" rel=\"noopener\"><strong>reduzir o pl\u00e1stico em casa<\/strong><\/a><\/h3>\n<\/p>\n<h2><strong>Recolha a \u00e1gua de aquecer o banho<\/strong><\/h2>\n<p>Quando aquece a \u00e1gua do banho para as crian\u00e7as ou espera que o duche fique pronto <strong>est\u00e1 a desperdi\u00e7ar \u00e1gua em perfeitas condi\u00e7\u00f5es<\/strong>. Segundo a <a href=\"https:\/\/www.epal.pt\/EPAL\/menu\/%C3%A1gua\/campanhas\/uso-eficiente\" target=\"_blank\" rel=\"noopener\"><strong>EPAL<\/strong><\/a>, em m\u00e9dia, uma torneira aberta durante 1 minuto <strong>gasta cerca de 12 litros de \u00e1gua<\/strong>. Por isso fa\u00e7a as contas: ao fim do m\u00eas \u00e9 um or\u00e7amento demasiado pesado para as suas <a href=\"https:\/\/www.imovirtual.com\/noticias\/financas\/\" target=\"_blank\" rel=\"noopener\"><strong>finan\u00e7as<\/strong><\/a>, mas sobretudo para o meio ambiente. Assim uma boa forma de reaproveitar a \u00e1gua do banho \u00e9 guard\u00e1-la num balde, alguidar ou dispensador e utiliz\u00e1-la para fazer descargas da sanita, lavar o ch\u00e3o, regar as plantas, lavar o carro ou os dentes. <\/p>\n<\/p>\n<h2><strong>Aproveite a \u00e1gua de cozer alimentos<\/strong><\/h2>\n<p>Sabia que a \u00e1gua de cozer alimentos como br\u00f3colos, cenouras ou ab\u00f3bora <strong>pode ser utilizada para a confec\u00e7\u00e3o de deliciosos caldos de legumes<\/strong>? Pois \u00e9, ao deitar pelo ralo abaixo o l\u00edquido utilizado para confeccionar os seus legumes est\u00e1 a desperdi\u00e7ar, n\u00e3o s\u00f3 \u00e1gua, mas uma fonte de nutrientes que pode ser reutilizada e transformada num petisco. Com esta \u00e1gua<strong> pode fazer um caldo de legumes caseiro<\/strong> recorrendo restos de legumes perdidos pelo <a href=\"https:\/\/www.imovirtual.com\/noticias\/lifestyle\/organizacao-frigorifico-congelador\" target=\"_blank\" rel=\"noopener\">frigor\u00edfico<\/a> e a cascas de alimentos, criando um n\u00e9ctar apetitoso que pode ser usado na confe\u00e7\u00e3o de risottos, sopas, arroz e at\u00e9 caril.<\/p>\n<\/p>\n<h2><strong>Use a \u00e1gua do aqu\u00e1rio para regar plantas<\/strong><\/h2>\n<p>Tem peixes em casa? Os aqu\u00e1rios levam normalmente uma quantidade consider\u00e1vel de \u00e1gua que acaba por ir pelo cano abaixo no dia de <a href=\"https:\/\/www.imovirtual.com\/noticias\/lifestyle\/rotina-diaria-de-limpeza-domestica\" target=\"_blank\" rel=\"noopener\"><strong>limpeza<\/strong><\/a> do habitat dos <a href=\"https:\/\/www.imovirtual.com\/noticias\/lifestyle\/cuidados-casa-animais-de-estimacao-cao-gato\" target=\"_blank\" rel=\"noopener\"><strong>animais de estima\u00e7\u00e3o<\/strong><\/a>. Em vez de desperdi\u00e7ar este recurso, pode sempre reaproveit\u00e1-lo e canaliza-lo para a rega das <a href=\"https:\/\/www.imovirtual.com\/noticias\/decoracao\/plantas-must-have-decoracao-de-interiores\" target=\"_blank\" rel=\"noopener\"><strong>plantas<\/strong><\/a> &#8211; pelo menos daquelas que n\u00e3o s\u00e3o esquisitas com o tipo de \u00e1gua que recebem.<\/p>\n<\/p>\n<h2><strong>Recolha a \u00e1gua da chuva<\/strong><\/h2>\n<p>Estamos em pleno Outono, a dois passos de entrarmos no Inverno e de recebermos o tempo frio e chuvoso.<strong> Uma forma de reaproveitar e poupar \u00e1gua \u00e9 recolhendo a \u00e1gua que a chuva nos proporciona<\/strong>. \u00c9 gr\u00e1tis e f\u00e1cil de recolher com um mero <strong>alguidar<\/strong> &#8211; ou um sistema pr\u00f3prio se assim estiver disposto a instalar &#8211; e pode dar-lhe muitos usos onde se incluem: regar o <a href=\"https:\/\/www.imovirtual.com\/noticias\/decoracao\/saiba-como-montar-um-jardim-vertical-em-casa\" target=\"_blank\" rel=\"noopener\"><strong>jardim<\/strong><\/a>, limpar a <a href=\"https:\/\/www.imovirtual.com\/noticias\/decoracao\/otimize-o-espaco-da-sua-garagem\" target=\"_blank\" rel=\"noopener\"><strong>garagem<\/strong><\/a>, lavar o <a href=\"https:\/\/www.imovirtual.com\/noticias\/imobiliario\/carros-eletricos-condominio\" target=\"_blank\" rel=\"noopener\">carro<\/a>, descarregar o autoclismo, entre muitos outros usos para os quais <strong>este tipo de \u00e1gua \u00e9 seguro<\/strong>. <\/p>\n<\/p>\n<h2><strong>Aproveite o gelo do congelador<\/strong><\/h2>\n<p>Chegou aquela altura do m\u00eas em que tem de tirar tudo para fora do seu<strong> congelador <\/strong>para eliminar o gelo? Em vez de o deitar fora pelo cano abaixo, <strong>deixe-o derreter e utilize para regar as <a href=\"https:\/\/www.imovirtual.com\/noticias\/lifestyle\/plantas-pet-friendly\" target=\"_blank\" rel=\"noopener\">plantas<\/a> e afins<\/strong>. Afinal de contas, o gelo nada mais \u00e9 do que \u00e1gua solidificada.<\/p>\n<\/p>\n<p class=\" block-img\"><img decoding=\"async\" src=\"https:\/\/www.imovirtual.com\/noticias\/wp-content\/uploads\/2022\/11\/bd5974cf-f0b2-4813-a690-c8359669947e_Copia-de-Banners-Autores.png\" alt=\"Ana Catarina Autor Imovirtual\"><\/p>\n<h5><em>Ana Catarina \u00e9 a mi\u00fada das tend\u00eancias. Gosta de ficar em casa a perder-se pelas p\u00e1ginas de um livro, mas tamb\u00e9m n\u00e3o dispensa um caf\u00e9 tardio com os amigos. Est\u00e1 sempre \u00e0 procura do \u00faltimo grito em Lifestyle para revelar no Blog do Imovirtual.<\/em><\/h5>\n<\/p>\n<h4><strong>Mais sobre&nbsp;<em>Lifestyle<\/em><\/strong><\/h4>\n<ul>\n<li>Esta \u00e9 a forma correta de fazer <a href=\"https:\/\/www.imovirtual.com\/noticias\/lifestyle\/reciclagem-em-casa\" target=\"_blank\" rel=\"noopener\"><strong>reciclagem em casa<\/strong><\/a><\/li>\n<li>5 dicas para ter uma&nbsp;<a href=\"https:\/\/www.imovirtual.com\/noticias\/lifestyle\/dicas-casa-sustentabilidade\" target=\"_blank\" rel=\"noopener\"><strong>casa mais sustent\u00e1vel<\/strong><\/a><\/li>\n<li><a href=\"https:\/\/www.imovirtual.com\/noticias\/lifestyle\/tudo-sobre-desperdicio-zero\" target=\"_blank\" rel=\"noopener\"><strong>Desperd\u00edcio Zero<\/strong><\/a>: como aplicar este estilo de vida em casa<\/li>\n<\/ul>\n<\/p>\n<div class=\"css-h5fkc8\"><strong>Ultima actualiza\u00e7\u00e3o:<\/strong> 01 outubro 2021<\/div>\n","protected":false},"excerpt":{"rendered":"<p>Como reaproveitar e poupar \u00e1gua em casa Hoje, dia 1 de outubro de 2021, celebramos o Dia Nacional da \u00c1gua, um recurso essencial ao bem-estar humano e cujas reservas est\u00e3o em risco de colapsar. Quem o diz \u00e9 o estudo do projeto Aqueduto do World Resources Institute que reconhece Portugal como um dos pa\u00edses em &hellip;<\/p>\n","protected":false},"author":3,"featured_media":2322,"comment_status":"closed","ping_status":"open","sticky":false,"template":"","format":"standard","meta":{"footnotes":""},"categories":[3],"tags":[],"class_list":["post-2321","post","type-post","status-publish","format-standard","has-post-thumbnail","hentry","category-lifestyle"],"_links":{"self":[{"href":"https:\/\/www.imovirtual.com\/noticias\/wp-json\/wp\/v2\/posts\/2321","targetHints":{"allow":["GET"]}}],"collection":[{"href":"https:\/\/www.imovirtual.com\/noticias\/wp-json\/wp\/v2\/posts"}],"about":[{"href":"https:\/\/www.imovirtual.com\/noticias\/wp-json\/wp\/v2\/types\/post"}],"author":[{"embeddable":true,"href":"https:\/\/www.imovirtual.com\/noticias\/wp-json\/wp\/v2\/users\/3"}],"replies":[{"embeddable":true,"href":"https:\/\/www.imovirtual.com\/noticias\/wp-json\/wp\/v2\/comments?post=2321"}],"version-history":[{"count":0,"href":"https:\/\/www.imovirtual.com\/noticias\/wp-json\/wp\/v2\/posts\/2321\/revisions"}],"wp:featuredmedia":[{"embeddable":true,"href":"https:\/\/www.imovirtual.com\/noticias\/wp-json\/wp\/v2\/media\/2322"}],"wp:attachment":[{"href":"https:\/\/www.imovirtual.com\/noticias\/wp-json\/wp\/v2\/media?parent=2321"}],"wp:term":[{"taxonomy":"category","embeddable":true,"href":"https:\/\/www.imovirtual.com\/noticias\/wp-json\/wp\/v2\/categories?post=2321"},{"taxonomy":"post_tag","embeddable":true,"href":"https:\/\/www.imovirtual.com\/noticias\/wp-json\/wp\/v2\/tags?post=2321"}],"curies":[{"name":"wp","href":"https:\/\/api.w.org\/{rel}","templated":true}]}}