{"id":2307,"date":"2020-04-28T00:00:00","date_gmt":"2020-04-28T00:00:00","guid":{"rendered":"https:\/\/www.imovirtual.com\/noticias2\/2020\/04\/28\/como-tornar-a-decoracao-da-sua-casa-mais-luxuosa-id164\/"},"modified":"2024-08-28T10:19:40","modified_gmt":"2024-08-28T10:19:40","slug":"como-tornar-a-decoracao-da-sua-casa-mais-luxuosa-id164","status":"publish","type":"post","link":"https:\/\/www.imovirtual.com\/noticias\/lifestyle\/como-tornar-a-decoracao-da-sua-casa-mais-luxuosa-id164\/","title":{"rendered":"Como tornar a decora\u00e7\u00e3o da sua casa mais luxuosa?"},"content":{"rendered":"<p class=\"css-8qfla4\">\n<p class=\"css-m5h6m0 edperro0\">\n<h1><strong>Mais por menos: dicas para uma decora\u00e7\u00e3o de casa mais luxosa<\/strong><\/h1>\n<p>Deixamos-lhe algumas sugest\u00f5es de decora\u00e7\u00e3o, at\u00e9 porque a eleg\u00e2ncia est\u00e1 na apar\u00eancia e n\u00e3o na etiqueta dos objetos.<\/p>\n<\/p>\n<h2><strong>Plantas altas<\/strong><\/h2>\n<p>Por muito simples que seja a decora\u00e7\u00e3o de sua casa, acrescente-lhe plantas altas para um&nbsp;<em>twist<\/em>&nbsp;refrescante e elegante. Escolha plantas ex\u00f3ticas \u2013 um coqueiro, por exemplo \u2013 e aposte numa composi\u00e7\u00e3o original de v\u00e1rias alturas e diferentes texturas nos vasos.<\/p>\n<p>&nbsp;<\/p>\n<h2><strong>Paleta equilibrada<\/strong><\/h2>\n<p>As cores claras (beges, cinzas, tons terra), ao contr\u00e1rio das nuances mais escuras, refletem a luz e podem ser combinadas com texturas e outras cores mais dram\u00e1ticas. Outra sugest\u00e3o passa por acrescentar pequenos apontamentos metalizados na sua decora\u00e7\u00e3o. Os ambientes escuros funcionam melhor em divis\u00f5es de m\u00e9dias ou grandes dimens\u00f5es, onde pode jogar com escolhas mais arrojadas que n\u00e3o v\u00e3o dar a sensa\u00e7\u00e3o de espa\u00e7os mais apertados.<\/p>\n<p>&nbsp;<\/p>\n<h2><strong>Padr\u00f5es e decora\u00e7\u00e3o<\/strong><\/h2>\n<p>Caso n\u00e3o dispense os padr\u00f5es \u2013 uma boa aposta para dinamizar uma divis\u00e3o \u2013, aposte em linhas retas e verticais at\u00e9 ao teto para criar a ilus\u00e3o de amplitude, como por exemplo, lambris altos e coloridos. Na decora\u00e7\u00e3o das divis\u00f5es use e abuse de quadros emoldurados e tenha a liberdade para criar a sua pr\u00f3pria galeria de arte.<\/p>\n<\/p>\n<h2><strong>Tecidos nobres<\/strong><\/h2>\n<p>H\u00e1 tecidos que s\u00e3o, inegavelmente, sin\u00f3nimo de eleg\u00e2ncia. Estamos a falar do linho (ideal para as esta\u00e7\u00f5es mais quentes), do cetim e da seda (aut\u00eantico luxo). Se tiver um budget limitado, \u00e9 poss\u00edvel comprar produtos (cortinados, len\u00e7\u00f3is de cama, toalhas) com percentagens inferiores destes materiais, em mistura com algod\u00e3o.<\/p>\n<p>&nbsp;<\/p>\n<h2><strong>Superf\u00edcies espelhadas<\/strong><\/h2>\n<p>Se h\u00e1 truque que aumente o espa\u00e7o de uma divis\u00e3o, mesmo que ilusoriamente, \u00e9 apostar em superf\u00edcies com reflexo. Ao refletir a parede imediatamente oposta, a divis\u00e3o dobra o tamanho. Mas aten\u00e7\u00e3o, cuidado com o que vai refletir \u2013 escolha a parede mais bonita que tiver para ser o centro da divis\u00e3o. Pode ainda pendurar espelhos com molduras chamativas no quarto ou no hall de entrada.<\/p>\n<\/p>\n<p>N\u00e3o subestime nenhum detalhe, mas tamb\u00e9m n\u00e3o cometa o erro de n\u00e3o imprimir a sua personalidade e os seus gostos pessoais na decora\u00e7\u00e3o da sua pr\u00f3pria casa.<\/p>\n<p>&nbsp;<\/p>\n<p class=\" block-img\"><img decoding=\"async\" src=\"https:\/\/www.imovirtual.com\/noticias\/wp-content\/uploads\/2022\/11\/af14b393-f5d1-4a75-8368-42f656903033_Copia-de-Banners-Autores-3.png\" alt=\"Maria Lu\u00edsa Autor Imovirtual\"><\/p>\n<h5><em>Maria Lu\u00edsa \u00e9 a decoradora. A paix\u00e3o pela decora\u00e7\u00e3o surgiu desde muito cedo, quando as paredes se tornaram folhas de desenho. Juntou o \u00fatil ao agrad\u00e1vel e fez da voca\u00e7\u00e3o o seu trabalho. Est\u00e1 a cargo dos temas sobre &#8216;Decora\u00e7\u00e3o&#8217; do Blog do Imovirtual.<\/em><\/h5>\n<\/p>\n<h4><strong>Mais sobre Decora\u00e7\u00e3o<\/strong><\/h4>\n<ul>\n<li>Tend\u00eancias para&nbsp;<a href=\"https:\/\/www.imovirtual.com\/noticias\/decoracao\/tendencias-decoracao-quarto-2021\" target=\"_blank\" rel=\"noopener\"><strong>decora\u00e7\u00e3o de quartos<\/strong><\/a>&nbsp;em 2021<\/li>\n<li>4 dicas para conseguir uma&nbsp;<a href=\"https:\/\/www.imovirtual.com\/noticias\/decoracao\/decoracao-minimalista\" target=\"_blank\" rel=\"noopener\"><strong>decora\u00e7\u00e3o minimalista<\/strong><\/a><\/li>\n<li>DecoImo: o&nbsp;<a href=\"https:\/\/www.imovirtual.com\/noticias\/decoracao\/o-boho-e-como-o-incorporar-na-sua-casa\" target=\"_blank\" rel=\"noopener\"><strong>Boho<\/strong><\/a>&nbsp;e como o incorporar na sua casa<\/li>\n<\/ul>\n<\/p>\n<div class=\"css-h5fkc8\"><strong>Ultima actualiza\u00e7\u00e3o:<\/strong> 29 setembro 2021<\/div>\n","protected":false},"excerpt":{"rendered":"<p>Mais por menos: dicas para uma decora\u00e7\u00e3o de casa mais luxosa Deixamos-lhe algumas sugest\u00f5es de decora\u00e7\u00e3o, at\u00e9 porque a eleg\u00e2ncia est\u00e1 na apar\u00eancia e n\u00e3o na etiqueta dos objetos. Plantas altas Por muito simples que seja a decora\u00e7\u00e3o de sua casa, acrescente-lhe plantas altas para um&nbsp;twist&nbsp;refrescante e elegante. Escolha plantas ex\u00f3ticas \u2013 um coqueiro, por &hellip;<\/p>\n","protected":false},"author":3,"featured_media":0,"comment_status":"closed","ping_status":"open","sticky":false,"template":"","format":"standard","meta":{"footnotes":""},"categories":[3],"tags":[],"class_list":["post-2307","post","type-post","status-publish","format-standard","hentry","category-lifestyle"],"_links":{"self":[{"href":"https:\/\/www.imovirtual.com\/noticias\/wp-json\/wp\/v2\/posts\/2307","targetHints":{"allow":["GET"]}}],"collection":[{"href":"https:\/\/www.imovirtual.com\/noticias\/wp-json\/wp\/v2\/posts"}],"about":[{"href":"https:\/\/www.imovirtual.com\/noticias\/wp-json\/wp\/v2\/types\/post"}],"author":[{"embeddable":true,"href":"https:\/\/www.imovirtual.com\/noticias\/wp-json\/wp\/v2\/users\/3"}],"replies":[{"embeddable":true,"href":"https:\/\/www.imovirtual.com\/noticias\/wp-json\/wp\/v2\/comments?post=2307"}],"version-history":[{"count":0,"href":"https:\/\/www.imovirtual.com\/noticias\/wp-json\/wp\/v2\/posts\/2307\/revisions"}],"wp:attachment":[{"href":"https:\/\/www.imovirtual.com\/noticias\/wp-json\/wp\/v2\/media?parent=2307"}],"wp:term":[{"taxonomy":"category","embeddable":true,"href":"https:\/\/www.imovirtual.com\/noticias\/wp-json\/wp\/v2\/categories?post=2307"},{"taxonomy":"post_tag","embeddable":true,"href":"https:\/\/www.imovirtual.com\/noticias\/wp-json\/wp\/v2\/tags?post=2307"}],"curies":[{"name":"wp","href":"https:\/\/api.w.org\/{rel}","templated":true}]}}