{"id":2268,"date":"2021-03-25T00:00:00","date_gmt":"2021-03-25T00:00:00","guid":{"rendered":"https:\/\/www.imovirtual.com\/noticias2\/2021\/03\/25\/nova-cidade-em-almada-custara-800-milhoes\/"},"modified":"2021-03-25T00:00:00","modified_gmt":"2021-03-25T00:00:00","slug":"nova-cidade-em-almada-custara-800-milhoes","status":"publish","type":"post","link":"https:\/\/www.imovirtual.com\/noticias\/novidades\/nova-cidade-em-almada-custara-800-milhoes\/","title":{"rendered":"Almada vai ter uma \u2018nova cidade\u2019 que contar\u00e1 com investimento de 800 milh\u00f5es"},"content":{"rendered":"<p class=\"css-8qfla4\">\n<p class=\"css-m5h6m0 edperro0\">\n<h1><strong>Almada vai ter uma \u2018nova cidade\u2019 que contar\u00e1 com investimento de 800 milh\u00f5es<\/strong><\/h1>\n<p>Chama-se Innovation District e \u00e9 um projeto imobili\u00e1rio apresentado pela Universidade Nova de Lisboa, com o apoio estrat\u00e9gico da C\u00e2mara Municipal de Almada, que pretende investir 800 milh\u00f5es de euros em 400 hectares de interven\u00e7\u00e3o, dos quais 110 ser\u00e3o zonas verdes, para criar novas infraestruturas para mais 4500 habitantes. A iniciativa pretende criar uma \u201cnova cidade global\u201d que combinar\u00e1 a sustentabilidade com a inova\u00e7\u00e3o e conhecimento tecnol\u00f3gico. Est\u00e3o previstas obras de expans\u00e3o do Metro do Sul do Tejo at\u00e9 \u00e0 Costa da Caparica bem como a reabilita\u00e7\u00e3o da zona de Porto Brand\u00e3o.<\/p>\n<p>As preocupa\u00e7\u00f5es ambientais tamb\u00e9m fazem parte da proposta do \u201cAlmada Innovation District\u201d. \u201cO projeto prev\u00ea a cria\u00e7\u00e3o de uma comunidade energ\u00e9tica com produ\u00e7\u00e3o pr\u00f3pria, sustent\u00e1vel e neutra em carbono, estruturando o desenvolvimento urbano em torno dos parques verdes e integrando, tamb\u00e9m, m\u00e9todos e solu\u00e7\u00f5es de constru\u00e7\u00e3o ecol\u00f3gicas e sustent\u00e1veis\u201d, refere a <a href=\"http:\/\/www.m-almada.pt\/xportal\/xmain?xpid=cmav2&amp;xpgid=noticias_detalhe&amp;noticia_detalhe_qry=BOUI=695120229&amp;noticia_titulo_qry=BOUI=695120229\" target=\"_blank\" rel=\"noopener\">autarquia em comunicado<\/a>. <\/p>\n<p>A n\u00edvel habitacional, antev\u00ea-se a cria\u00e7\u00e3o de 1000 novos fogos que impulsionaram o desenvolvimento de novas atividades econ\u00f3micas que dar\u00e3o lugar a 17.000 novos postos de trabalho, que resultaram da atra\u00e7\u00e3o de institui\u00e7\u00f5es \u00e2ncora e empresas, nacionais e internacionais, e do desenvolvimento de um cluster de ci\u00eancia e inova\u00e7\u00e3o. <\/p>\n<p>A proposta come\u00e7ou a ser delineada que come\u00e7ou a ser delineada em 2019 com o Munic\u00edpio de Almada, j\u00e1 conta com propriet\u00e1rios que com projetos submetidos para licenciamento. Estima-se que a primeira fase do &#8220;Almada Innovation District&#8221; esteja conclu\u00edda em 3 anos, sendo que os promotores do projeto acreditam que o seu desenvolvimento pode ajudar \u00e0 recupera\u00e7\u00e3o p\u00f5s-pandemia. No rol de propriet\u00e1rios e investidores privados, est\u00e3o nomes como Cordalequation, Rustik Puzzle, Sostate, Empresa Maia e Pereira, Cooperativa de Ensino Superior Egas Moniz, Emerging Ocean, Rio Capital, Orbisribalta e Funda\u00e7\u00e3o Serra Henriques. Note-se que foi h\u00e1 um ano que estas entidades assinaram um memorando de entendimento com a Universidade Nova de Lisboa.<\/p>\n<p>O vice-reitor da Universidade Nova de Lisboa, Jos\u00e9 Ferreira Machado, afirma que a g\u00e9nese do Innovation District s\u00e3o as pessoas, \u201co seu talento e as redes que estabelecem entre si\u201d. \u201cAs pessoas precisam de s\u00edtios para viver e para interagir: lugares onde possam residir, trabalhar, conversar e usufruir dos seus tempos livres, ou seja, precisam de cidades como aquela que ir\u00e1 nascer em Almada e que ir\u00e1 refor\u00e7ar a internacionaliza\u00e7\u00e3o da regi\u00e3o da Grande Lisboa\u201d. <\/p>\n<p>J\u00e1 a presidente da C\u00e2mara Municipal de Almada, In\u00eas de Medeiros, acredita que este \u00e9 um \u201cprojeto estruturante para a afirma\u00e7\u00e3o de Almada, enquanto polo de inova\u00e7\u00e3o e de cria\u00e7\u00e3o de solu\u00e7\u00f5es de sustentabilidade inovadoras, assumindo tamb\u00e9m um papel de proje\u00e7\u00e3o de Portugal a n\u00edvel internacional\u201d, esclarece. <\/p>\n<p class=\" block-img\"><img decoding=\"async\" src=\"https:\/\/www.imovirtual.com\/noticias\/wp-content\/uploads\/2022\/11\/f619092d-9b39-467c-aaf3-5c881a52dffd_Copia-de-Banners-Autores-5.png\" alt=\"Imovirtual Investidores Autor Blog Imovirtual\"><\/p>\n<h5><em>O nome diz tudo, n\u00e3o \u00e9? Tratam de todos os temas sobre investimento imobili\u00e1rio.<\/em><\/h5>\n<\/p>\n<h3><strong>Leia tamb\u00e9m<\/strong><\/h3>\n<ul>\n<li><a href=\"https:\/\/www.imovirtual.com\/noticias\/noticias\/douro-vai-ter-nova-ponte-que-custara-50m\" target=\"_blank\" rel=\"noopener\"><strong>Douro<\/strong><\/a> vai ter nova ponte que custar\u00e1 50M\u20ac<\/li>\n<li>O Nosso Guia Para <a href=\"https:\/\/www.imovirtual.com\/noticias\/imobiliario\/nosso-guia-para-comprar-moradia-ou-apartamento\" target=\"_blank\" rel=\"noopener\"><strong>Comprar Moradia ou Apartamento<\/strong><\/a><\/li>\n<li><a href=\"https:\/\/www.imovirtual.com\/noticias\/imobiliario\/preco-das-casas-em-lisboa\" target=\"_blank\" rel=\"noopener\"><strong>Evolu\u00e7\u00e3o do pre\u00e7o das casas<\/strong><\/a> em Lisboa<\/li>\n<\/ul>\n<\/p>\n<div class=\"css-h5fkc8\"><strong>Ultima actualiza\u00e7\u00e3o:<\/strong> 11 outubro 2021<\/div>\n","protected":false},"excerpt":{"rendered":"<p>Almada vai ter uma \u2018nova cidade\u2019 que contar\u00e1 com investimento de 800 milh\u00f5es Chama-se Innovation District e \u00e9 um projeto imobili\u00e1rio apresentado pela Universidade Nova de Lisboa, com o apoio estrat\u00e9gico da C\u00e2mara Municipal de Almada, que pretende investir 800 milh\u00f5es de euros em 400 hectares de interven\u00e7\u00e3o, dos quais 110 ser\u00e3o zonas verdes, para &hellip;<\/p>\n","protected":false},"author":3,"featured_media":2269,"comment_status":"closed","ping_status":"open","sticky":false,"template":"","format":"standard","meta":{"footnotes":""},"categories":[4],"tags":[],"class_list":["post-2268","post","type-post","status-publish","format-standard","has-post-thumbnail","hentry","category-novidades"],"_links":{"self":[{"href":"https:\/\/www.imovirtual.com\/noticias\/wp-json\/wp\/v2\/posts\/2268","targetHints":{"allow":["GET"]}}],"collection":[{"href":"https:\/\/www.imovirtual.com\/noticias\/wp-json\/wp\/v2\/posts"}],"about":[{"href":"https:\/\/www.imovirtual.com\/noticias\/wp-json\/wp\/v2\/types\/post"}],"author":[{"embeddable":true,"href":"https:\/\/www.imovirtual.com\/noticias\/wp-json\/wp\/v2\/users\/3"}],"replies":[{"embeddable":true,"href":"https:\/\/www.imovirtual.com\/noticias\/wp-json\/wp\/v2\/comments?post=2268"}],"version-history":[{"count":0,"href":"https:\/\/www.imovirtual.com\/noticias\/wp-json\/wp\/v2\/posts\/2268\/revisions"}],"wp:featuredmedia":[{"embeddable":true,"href":"https:\/\/www.imovirtual.com\/noticias\/wp-json\/wp\/v2\/media\/2269"}],"wp:attachment":[{"href":"https:\/\/www.imovirtual.com\/noticias\/wp-json\/wp\/v2\/media?parent=2268"}],"wp:term":[{"taxonomy":"category","embeddable":true,"href":"https:\/\/www.imovirtual.com\/noticias\/wp-json\/wp\/v2\/categories?post=2268"},{"taxonomy":"post_tag","embeddable":true,"href":"https:\/\/www.imovirtual.com\/noticias\/wp-json\/wp\/v2\/tags?post=2268"}],"curies":[{"name":"wp","href":"https:\/\/api.w.org\/{rel}","templated":true}]}}