{"id":2218,"date":"2021-03-21T00:00:00","date_gmt":"2021-03-21T00:00:00","guid":{"rendered":"https:\/\/www.imovirtual.com\/noticias2\/2021\/03\/21\/urban-jungle-jardim-vertical-em-apartamento\/"},"modified":"2021-03-21T00:00:00","modified_gmt":"2021-03-21T00:00:00","slug":"urban-jungle-jardim-vertical-em-apartamento","status":"publish","type":"post","link":"https:\/\/www.imovirtual.com\/noticias\/lifestyle\/urban-jungle-jardim-vertical-em-apartamento\/","title":{"rendered":"Urban Jungle: como construir um jardim vertical num apartamento"},"content":{"rendered":"<p class=\"css-8qfla4\">\n<p class=\"css-m5h6m0 edperro0\">\n<h1><strong>Urban Jungle: como construir um jardim vertical num apartamento<\/strong><\/h1>\n<p>Viver num apartamento n\u00e3o \u00e9 sin\u00f3nimo de aliena\u00e7\u00e3o da natureza. Pelo contr\u00e1rio, existem plantas com fins terap\u00eauticos que facilitam a vida dentro de casa, como <a href=\"https:\/\/https:\/https:\/\/www.imovirtual.com\/en\/noticias\/decoracao\/saiba-como-montar-um-jardim-vertical-em-casa\" target=\"_blank\" rel=\"noopener\">Imovirtual explicou neste artigo<\/a>, al\u00e9m de darem um toque de <em>je ne sais quoi<\/em> a qualquer tipo de ambiente. Por isso n\u00e3o \u00e9 de estranhar que ultimamente o conceito de Urban Jungle tenha conquistado cada vez mais apreciadores da jardinagem, ansiosos por poderem p\u00f4r as m\u00e3os \u00e0 \u201chorta\u201d, nos seus pequenos apartamentos com falta de espa\u00e7o horizontal. Consiste na cria\u00e7\u00e3o de um jardim em formato vertical recorrendo a materiais como a madeira, o pl\u00e1stico ou o bambu para a otimiza\u00e7\u00e3o da estrutura. Inclusivamente, h\u00e1 quem recorra \u00e0 reutiliza\u00e7\u00e3o e ao reaproveitamento de materiais para a delimita\u00e7\u00e3o do jardim. <\/p>\n<p>Seja qual for o tipo de estrutura escolhida para sustenta o jardim vertical, as plantas devem ser escolhidas a dedo, sob pena de algumas das esp\u00e9cies n\u00e3o coadunarem bem com outras. Neste artigo apresentamos-lhe algumas dicas para criar uma verdadeira selva na sua sala ou um jardim de ervas arom\u00e1ticas vertical na sua cozinha. <\/p>\n<\/p>\n<h3><strong>Ideias para Materiais de Suporte<\/strong><\/h3>\n<p>Al\u00e9m das tradicionais paredes repletas de plantas e flores, existem outras op\u00e7\u00f5es para criar o seu jardim vertical. Uma delas \u00e9 as <a href=\"https:\/\/www.imovirtual.com\/noticias\/decoracao\/como-reutilizar-paletes-para-decorar\" target=\"_blank\" rel=\"noopener\">paletes de madeira<\/a>, um elemento muito vers\u00e1til e bastante utilizado no mundo do design. Pela sua facilidade de renova\u00e7\u00e3o e pelo aspeto r\u00fastico, conquistam v\u00e1rios ambientes e apresentam diversos tipos de aplica\u00e7\u00f5es. No caso dos jardins verticais, podem ser usadas para suster toda a estrutura de plantas. Dependendo do lugar onde as paletes ir\u00e3o ficar expostas \u00e9 necess\u00e1rio dar-lhes um tratamento mais aprofundado e cuidado. Por exemplo, se pensar em inseri-las numa parede da sua varanda o jardim vertical ir\u00e1 estar exposto \u00e0s intemp\u00e9ries e ao sol, al\u00e9m das regras peri\u00f3dicas. Por isso, \u00e9 conveniente utilizar um acabamento mais robusto para madeiras, de forma a evitar acidentes indesej\u00e1veis. <\/p>\n<p>Tamb\u00e9m pode criar um jardim vertical com possibilidade de migra\u00e7\u00e3o atrav\u00e9s do uso de uma escada. Hoje at\u00e9 pode estar na sala, mas amanh\u00e3 pode ser movido para o quarto. Al\u00e9m da sua facilidade de montagem, este suporte tamb\u00e9m possibilita o reaproveitamento de materiais.<\/p>\n<p class=\" block-img\"><img decoding=\"async\" src=\"https:\/\/www.imovirtual.com\/noticias\/wp-content\/uploads\/2022\/11\/887ec3cc-cfa7-4cc3-a7a4-766d7185247f_c3c444a9-bed3-43a4-82aa-6b7b10cfa7d7_photocredits_pinterest.jpg\" alt=\"urban jungle\"><\/p>\n<p>Outra das formas simples de criar um jardim vertical \u00e9 atrav\u00e9s de prateleiras. Baratas, de f\u00e1cil montagem e muito vers\u00e1teis, este tipo de decora\u00e7\u00e3o permite a mudan\u00e7a de posicionamento das plantas com facilidade. Al\u00e9m disso, ao escolher este m\u00e9todo ter\u00e1 a ainda a possibilidade de harmonizar as prateleiras com a restante decora\u00e7\u00e3o da sua casa ou, pelo contr\u00e1rio, apresentar algo disruptivo e claramente distinto dos normais ambientes.<strong> <\/strong>N\u00e3o existe uma ordem propriamente dita para a coloca\u00e7\u00e3o das prateleiras, o importante \u00e9 ficarem em harmonia com o ambiente.<\/p>\n<p>Se nenhuma destas t\u00e9cnicas o convencer a aventurar-se pelo mundo do Urban Jungle, temos a certeza que os jardins suspensos tratar\u00e3o de o fazer. Tal como o nome indica, as plantas surgem a partir do teto, atrav\u00e9s de cordas ou de arames. \u00c9 sem d\u00favida uma op\u00e7\u00e3o mais exc\u00eantrica e dependendo plantas escolhidas, pode vir a faz\u00ea-lo sentir em plena selva. <\/p>\n<\/p>\n<h3><strong>O que plantar no seu jardim vertical<\/strong><\/h3>\n<p>A escolha das plantas para o seu jardim deve ser pensada e ponderada. Existem v\u00e1rios factores que condicionam a sele\u00e7\u00e3o, como a localiza\u00e7\u00e3o, o clima e a pr\u00f3pria estrutura. E definitivamente, h\u00e1 plantas que deve excluir do seu jardim vertical \u00e0 priori, umas porque necessitam de muito espa\u00e7o, outras porque sujam muito. \u00c9 o caso dos chor\u00f5es, da flor-de-cera, das estrel\u00edcias e da alfazema. O certo \u00e9 que planear \u00e9 a palavra de ordem e logicamente que a prefer\u00eancia deve recair sobre plantas perenes, ou seja, de longa durabilidade. De resto, toda a arquitetura do jardim est\u00e1 mais relacionada com as prefer\u00eancias pessoais de cada pessoa. <\/p>\n<p>Se tiver o objetivo de construir uma parede repleta de <a href=\"https:\/\/www.imovirtual.com\/en\/noticias\/lifestyle\/calendario-para-plantar-jardim-janeiro-a-junho\" target=\"_blank\" rel=\"noopener\">plantas<\/a> ent\u00e3o sugerimos que opte por esp\u00e9cies como a p\u00e9rola verde, a hera, a bir\u00edope, a avenca, a barba-de-serpente, o sing\u00f3nio, a sambaia e a colar de P\u00e9rolas variegata. Por outro lado, se ambiciona ter um ambiente rodeado de flores ent\u00e3o a escolha \u00e9 menos limitada: orqu\u00eddeas, gerberas, malmequeres, beg\u00f3nias e jacintos s\u00e3o algumas das op\u00e7\u00f5es. <\/p>\n<p>Os amantes da cozinha ir\u00e3o certamente ficar rendidos a uma <a href=\"https:\/\/www.imovirtual.com\/en\/noticias\/decoracao\/como-e-possivel-criar-uma-horta-num-apartamento-id248.html\" target=\"_blank\" rel=\"noopener\">&#8220;mini-horta&#8221; em casa<\/a>. Para isso, \u00e9 preciso ter em conta que a maioria das esp\u00e9cies comest\u00edveis prefere um local com boa luz solar e regas frequentes. Manjeric\u00e3o, Salva, Tomilho-lim\u00e3o, Alecrim, Oreg\u00e3os, Amores Perfeitos, R\u00facula, Salsa, Coentros e Hortel\u00e3 s\u00e3o alguns dos exemplos de plantas que vivem bem em apartamentos. <\/p>\n<\/p>\n<h3><strong>N\u00e3o descure o cuidado das plantas<\/strong><\/h3>\n<p>Um jardim vertical pode ser utilizado como um elemento decorativo de uma divis\u00e3o, mas \u00e9 importante n\u00e3o esquecer que se trata de uma parte viva e que por isso \u00e9 necess\u00e1rio ter alguns cuidados com ele. A come\u00e7ar pela luz: a maioria das plantas requer exposi\u00e7\u00e3o solar, por isso \u00e9 importante que o jardim vertical esteja posicionado num local estrat\u00e9gico, que beneficie da luz do sol por per\u00edodos generosos. Ainda assim, a exposi\u00e7\u00e3o em demasia pode ferir ou mesmo acabar com a vida de algumas das plantas, por isso \u00e9 importante conhecer bem todos os tipos de esp\u00e9cies a incorporar no conjunto e <a href=\"https:\/\/www.imovirtual.com\/en\/noticias\/lifestyle\/6-dicas-para-trabalhar-plantas-ou-jardim\" target=\"_blank\" rel=\"noopener\">cuidar delas com gentiliza e apre\u00e7o<\/a>. Assim, no rol de cuidados n\u00e3o deve descartar os per\u00edodos de rega frequentes e a fertiliza\u00e7\u00e3o. Para os mais distra\u00eddos, a boa not\u00edcia \u00e9 que existem plantas que n\u00e3o requerem tantos cuidados neste campo, como \u00e9 o caso dos cactos e suculentas. Finalmente \u00e9 importante escolher o recipiente adequado para acondicionar a planta. Se optar por construir um jardim suspenso, prefira vasos leves. <\/p>\n<\/p>\n<p class=\" block-img\"><img decoding=\"async\" src=\"https:\/\/www.imovirtual.com\/noticias\/wp-content\/uploads\/2022\/11\/bd5974cf-f0b2-4813-a690-c8359669947e_Copia-de-Banners-Autores.png\" alt=\"Ana Catarina Autor Imovirtual\"><\/p>\n<h5><em>Ana Catarina \u00e9 a mi\u00fada das tend\u00eancias. Gosta de ficar em casa a perder-se pelas p\u00e1ginas de um livro, mas tamb\u00e9m n\u00e3o dispensa um caf\u00e9 tardio com os amigos. Est\u00e1 sempre \u00e0 procura do \u00faltimo grito em Lifestyle para revelar no Blog do Imovirtual.<\/em><\/h5>\n<\/p>\n<h4><strong>Leia tamb\u00e9m<\/strong><\/h4>\n<ul>\n<li>7 <a href=\"https:\/\/www.imovirtual.com\/noticias\/decoracao\/7-plantas-casa-diminuem-humidade\" target=\"_blank\" rel=\"noopener\"><strong>plantas<\/strong><\/a> para ter em casa e que diminuem humidade<\/li>\n<li>Consiga uma <a href=\"https:\/\/www.imovirtual.com\/en\/noticias\/decoracao\/cuide-do-meio-ambiente-e-ao-mesmo-tempo-crie-um-espaco\" target=\"_blank\" rel=\"noopener\"><strong>decora\u00e7\u00e3o Eco-Friendly<\/strong><\/a> em 4 passos<\/li>\n<li>Traga a <a href=\"https:\/\/www.imovirtual.com\/noticias\/decoracao\/traga-a-natureza-para-dentro-da-sua-casa-id243.html\" target=\"_blank\" rel=\"noopener\"><strong>natureza<\/strong><\/a> para dentro da sua casa<\/li>\n<\/ul>\n<\/p>\n<div class=\"css-h5fkc8\"><strong>Ultima actualiza\u00e7\u00e3o:<\/strong> 07 outubro 2021<\/div>\n","protected":false},"excerpt":{"rendered":"<p>Urban Jungle: como construir um jardim vertical num apartamento Viver num apartamento n\u00e3o \u00e9 sin\u00f3nimo de aliena\u00e7\u00e3o da natureza. Pelo contr\u00e1rio, existem plantas com fins terap\u00eauticos que facilitam a vida dentro de casa, como Imovirtual explicou neste artigo, al\u00e9m de darem um toque de je ne sais quoi a qualquer tipo de ambiente. Por isso &hellip;<\/p>\n","protected":false},"author":3,"featured_media":2220,"comment_status":"closed","ping_status":"open","sticky":false,"template":"","format":"standard","meta":{"footnotes":""},"categories":[3],"tags":[],"class_list":["post-2218","post","type-post","status-publish","format-standard","has-post-thumbnail","hentry","category-lifestyle"],"_links":{"self":[{"href":"https:\/\/www.imovirtual.com\/noticias\/wp-json\/wp\/v2\/posts\/2218","targetHints":{"allow":["GET"]}}],"collection":[{"href":"https:\/\/www.imovirtual.com\/noticias\/wp-json\/wp\/v2\/posts"}],"about":[{"href":"https:\/\/www.imovirtual.com\/noticias\/wp-json\/wp\/v2\/types\/post"}],"author":[{"embeddable":true,"href":"https:\/\/www.imovirtual.com\/noticias\/wp-json\/wp\/v2\/users\/3"}],"replies":[{"embeddable":true,"href":"https:\/\/www.imovirtual.com\/noticias\/wp-json\/wp\/v2\/comments?post=2218"}],"version-history":[{"count":0,"href":"https:\/\/www.imovirtual.com\/noticias\/wp-json\/wp\/v2\/posts\/2218\/revisions"}],"wp:featuredmedia":[{"embeddable":true,"href":"https:\/\/www.imovirtual.com\/noticias\/wp-json\/wp\/v2\/media\/2220"}],"wp:attachment":[{"href":"https:\/\/www.imovirtual.com\/noticias\/wp-json\/wp\/v2\/media?parent=2218"}],"wp:term":[{"taxonomy":"category","embeddable":true,"href":"https:\/\/www.imovirtual.com\/noticias\/wp-json\/wp\/v2\/categories?post=2218"},{"taxonomy":"post_tag","embeddable":true,"href":"https:\/\/www.imovirtual.com\/noticias\/wp-json\/wp\/v2\/tags?post=2218"}],"curies":[{"name":"wp","href":"https:\/\/api.w.org\/{rel}","templated":true}]}}