{"id":2186,"date":"2021-05-31T00:00:00","date_gmt":"2021-05-31T00:00:00","guid":{"rendered":"https:\/\/www.imovirtual.com\/noticias2\/2021\/05\/31\/famosos-cristiano-ronaldo-marquise-rua-castilho\/"},"modified":"2021-05-31T00:00:00","modified_gmt":"2021-05-31T00:00:00","slug":"famosos-cristiano-ronaldo-marquise-rua-castilho","status":"publish","type":"post","link":"https:\/\/www.imovirtual.com\/noticias\/lifestyle\/famosos-cristiano-ronaldo-marquise-rua-castilho\/","title":{"rendered":"Nova &#8216;marquise&#8217; de Cristiano Ronaldo est\u00e1 a dar que falar"},"content":{"rendered":"<p class=\"css-8qfla4\">\n<p class=\"css-m5h6m0 edperro0\">\n<h1><strong>Nova &#8216;marquise&#8217; de Cristiano Ronaldo est\u00e1 a dar que falar<\/strong><\/h1>\n<p>A nova casa de Cristiano Ronaldo na Rua Castilho tem dado que falar e n\u00e3o tem sido s\u00f3 por bons motivos. Depois de <a href=\"https:\/\/sol.sapo.pt\/artigo\/735942\/georgina-rodriguez-partilha-video-que-mostra-parte-da-casa-de-luxo-de-cristiano-ronaldo-em-lisboa\" target=\"_blank\" rel=\"noopener\">Georgina Rodriguez publicar um v\u00eddeo<\/a> no terra\u00e7o luxoso com vista sobre Lisboa, plasma, piscina e jacuzzi a pol\u00e9mica estalou. Parece h\u00e1 um problema com o dito local, uma nova &#8216;Marquise&#8217; que n\u00e3o constava no projeto inicial e que deixou os <a href=\"https:\/\/visao.sapo.pt\/atualidade\/sociedade\/2021-05-28-arquiteto-que-desenhou-penthouse-de-ronaldo-em-lisboa-arrasa-alteracao-ao-projeto-uma-conspurcacao-do-nosso-trabalho\/\" target=\"_blank\" rel=\"noopener\">arquitetos do im\u00f3vel indignados com a obra<\/a>. <\/p>\n<p>O profissional respons\u00e1vel pelo projeto, Jos\u00e9 Mateus, publicou um <a href=\"https:\/\/www.facebook.com\/jose.mateus.140\/posts\/10224078477047404\" target=\"_blank\" rel=\"noopener\">texto no Facebook<\/a> a que o Imovirtual teve acesso, onde denota o seu evidente desagrado com a atitude do capit\u00e3o da Sele\u00e7\u00e3o Portuguesa de Futebol. &#8220;Assistir ao desrespeito e \u00e0 conspurca\u00e7\u00e3o de forma ign\u00f3bil do nosso trabalho, da nossa arquitetura, sem ter cumulativamente a anu\u00eancia dos arquitetos, dos vizinhos e sem projeto aprovado pela C\u00e2mara Municipal de Lisboa, construindo \u00e0 bela \u2018maneira antiga\u2019 uma marquise no coroamento do edif\u00edcio, \u00e9 algo a que n\u00e3o vou assistir parado. H\u00e1 cultura, h\u00e1 autorias, h\u00e1 regras, h\u00e1 respeito pelos outros e pelo trabalho dos outros, h\u00e1 civismo, h\u00e1 princ\u00edpios que n\u00e3o admito que sejam atropelados. Seja por quem for\u201d, defende o empres\u00e1rio. <\/p>\n<p>O problema com a altera\u00e7\u00e3o da planta do luxuoso duplex que custou mais de 7 milh\u00f5es de euros vai muito al\u00e9m de uma infelicidade est\u00e9tica: pode mesmo tratar-se de uma quest\u00e3o legal. \u00c0 <a href=\"https:\/\/sicnoticias.pt\/pais\/2021-05-27-Nova-casa-de-Ronaldo.-Fernando-Medina-diz-que-construcao-de-marquise-vai-ser-averiguada-f56505a2\">SIC<\/a> o Presidente da C\u00e2mara de Lisboa, Fernando Medina avan\u00e7ou que a autarquia &#8220;<em>vai averiguar a situa\u00e7\u00e3o e depois vai agir em fun\u00e7\u00e3o da situa\u00e7\u00e3o&#8221;. <\/em><\/p>\n<p>O duplex de Cristiano Ronaldo foi o apartamento vendido em Portugal ao maior pre\u00e7o de sempre. O jogador da Juventus est\u00e1 de volta a Portugal para preparar o <a href=\"https:\/\/maisfutebol.iol.pt\/selecao-nacional\/cristiano-ronaldo\/video-ronaldo-treina-na-penthouse-de-lisboa-antes-de-se-juntar-a-selecao\" target=\"_blank\" rel=\"noopener\">Euro 2020<\/a> e recentemente estreou o luxuoso duplex perto do Parque Eduardo VII com a sua namorada, Georgina Rodriguez. As modifica\u00e7\u00f5es feitas pelo craque j\u00e1 est\u00e3o a ser alvo de piadas na rede social Twitter, sob a hashtag <a href=\"https:\/\/twitter.com\/hashtag\/MeteMarquiseNumFilme?src=hashtag_click\" target=\"_blank\" rel=\"noopener\">#MeteMarquiseNumFilme<\/a>. <\/p>\n<p class=\" block-img\"><img decoding=\"async\" src=\"https:\/\/www.imovirtual.com\/noticias\/wp-content\/uploads\/2022\/11\/bd5974cf-f0b2-4813-a690-c8359669947e_Copia-de-Banners-Autores.png\" alt=\"ana catarina imovirtual\"><\/p>\n<h5><em>Ana Catarina \u00e9 a mi\u00fada das tend\u00eancias. Gosta de ficar em casa a perder-se pelas p\u00e1ginas de um livro, mas tamb\u00e9m n\u00e3o dispensa um caf\u00e9 tardio com os amigos. Est\u00e1 sempre \u00e0 procura do \u00faltimo grito em Lifestyle para revelar no Blog do Imovirtual.<\/em><\/h5>\n<\/p>\n<h4><strong>Leia tamb\u00e9m<\/strong><\/h4>\n<ul>\n<li><a href=\"https:\/\/www.imovirtual.com\/noticias\/lifestyle\/tom-cruise-vende-casa-por-40-milhoes-dolares\" target=\"_blank\" rel=\"noopener\"><strong>Tom Cruise<\/strong><\/a> vende casa no Colorado por 39,5 milh\u00f5es de d\u00f3lares<\/li>\n<li>6 <a href=\"https:\/\/www.imovirtual.com\/noticias\/lifestyle\/tiny-houses-incriveis\" target=\"_blank\" rel=\"noopener\"><strong>Tiny Houses<\/strong><\/a> verdadeiramente incr\u00edveis<\/li>\n<li>E se os <a href=\"https:\/\/www.imovirtual.com\/noticias\/lifestyle\/se-os-caes-pudessem-escolher-uma-casa\" target=\"_blank\" rel=\"noopener\"><strong>c\u00e3es<\/strong><\/a> pudessem escolher uma casa?<\/li>\n<\/ul>\n<\/p>\n<div class=\"css-h5fkc8\"><strong>Ultima actualiza\u00e7\u00e3o:<\/strong> 01 outubro 2021<\/div>\n","protected":false},"excerpt":{"rendered":"<p>Nova &#8216;marquise&#8217; de Cristiano Ronaldo est\u00e1 a dar que falar A nova casa de Cristiano Ronaldo na Rua Castilho tem dado que falar e n\u00e3o tem sido s\u00f3 por bons motivos. Depois de Georgina Rodriguez publicar um v\u00eddeo no terra\u00e7o luxoso com vista sobre Lisboa, plasma, piscina e jacuzzi a pol\u00e9mica estalou. Parece h\u00e1 um &hellip;<\/p>\n","protected":false},"author":3,"featured_media":2187,"comment_status":"closed","ping_status":"open","sticky":false,"template":"","format":"standard","meta":{"footnotes":""},"categories":[3],"tags":[],"class_list":["post-2186","post","type-post","status-publish","format-standard","has-post-thumbnail","hentry","category-lifestyle"],"_links":{"self":[{"href":"https:\/\/www.imovirtual.com\/noticias\/wp-json\/wp\/v2\/posts\/2186","targetHints":{"allow":["GET"]}}],"collection":[{"href":"https:\/\/www.imovirtual.com\/noticias\/wp-json\/wp\/v2\/posts"}],"about":[{"href":"https:\/\/www.imovirtual.com\/noticias\/wp-json\/wp\/v2\/types\/post"}],"author":[{"embeddable":true,"href":"https:\/\/www.imovirtual.com\/noticias\/wp-json\/wp\/v2\/users\/3"}],"replies":[{"embeddable":true,"href":"https:\/\/www.imovirtual.com\/noticias\/wp-json\/wp\/v2\/comments?post=2186"}],"version-history":[{"count":0,"href":"https:\/\/www.imovirtual.com\/noticias\/wp-json\/wp\/v2\/posts\/2186\/revisions"}],"wp:featuredmedia":[{"embeddable":true,"href":"https:\/\/www.imovirtual.com\/noticias\/wp-json\/wp\/v2\/media\/2187"}],"wp:attachment":[{"href":"https:\/\/www.imovirtual.com\/noticias\/wp-json\/wp\/v2\/media?parent=2186"}],"wp:term":[{"taxonomy":"category","embeddable":true,"href":"https:\/\/www.imovirtual.com\/noticias\/wp-json\/wp\/v2\/categories?post=2186"},{"taxonomy":"post_tag","embeddable":true,"href":"https:\/\/www.imovirtual.com\/noticias\/wp-json\/wp\/v2\/tags?post=2186"}],"curies":[{"name":"wp","href":"https:\/\/api.w.org\/{rel}","templated":true}]}}