{"id":2165,"date":"2021-05-21T00:00:00","date_gmt":"2021-05-21T00:00:00","guid":{"rendered":"https:\/\/www.imovirtual.com\/noticias2\/2021\/05\/21\/imosintese-noticias-2105\/"},"modified":"2021-05-21T00:00:00","modified_gmt":"2021-05-21T00:00:00","slug":"imosintese-noticias-2105","status":"publish","type":"post","link":"https:\/\/www.imovirtual.com\/noticias\/novidades\/imosintese-noticias-2105\/","title":{"rendered":"IMOS\u00cdNTESE &#8211; NOT\u00cdCIAS 21\/05"},"content":{"rendered":"<p class=\"css-8qfla4\">\n<p class=\"css-m5h6m0 edperro0\">\n<h1><strong>Imos\u00edntese &#8211; 21 de Maio de 2021<\/strong><\/h1>\n<p><strong>Em parceria com o&nbsp;<a href=\"https:\/\/www.diarioimobiliario.pt\/\" target=\"_blank\" rel=\"noopener\">Di\u00e1rio Imobili\u00e1rio<\/a>, o Imovirtual apresenta diariamente um resumo notici\u00e1rio dos acontecimentos mais relevantes do dia. Fique a par das \u00faltimas novidades do Mercado Imobili\u00e1rio.<\/strong><\/p>\n<\/p>\n<h2><strong>Os 620 milh\u00f5es e o &#8216;EU Nextgeneration&#8217; n\u00e3o chegam para renovar o parque habitacional portugu\u00eas<\/strong><\/h2>\n<p>C\u00e1tia Alves, rec\u00e9m nomeada Directora de Sustentabilidade e Responsabilidade Corporativa da UCI, admite que nem os 620 milh\u00f5es do PPR, nem o&nbsp;&nbsp;&#8216;EU Nextgeneration&#8217; s\u00e3o suficientes para renovar o parque habitacional portugu\u00eas,&nbsp;s\u00f3 a colabora\u00e7\u00e3o p\u00fablico-privada pode ajudar e admite que ser&nbsp;sustent\u00e1vel \u00e9 ser rent\u00e1vel!<\/p>\n<h3><strong>Saiba mais <a href=\"https:\/\/www.diarioimobiliario.pt\/Entrevistas\/Os-620-milhoes-e-o-EU-Nextgeneration-nao-chegam-para-renovar-o-parque-habitacional-portugues\" target=\"_blank\" rel=\"noopener\">aqui<\/a><\/strong><\/h3>\n<\/p>\n<h2><strong>Alpes franceses, Portugal e Veneza s\u00e3o os destinos mais procurados para f\u00e9rias e aquisi\u00e7\u00e3o de casa<\/strong><\/h2>\n<p>Com a reabertura das viagens, a procura de destinos para f\u00e9rias ou comprar casa disparou. Portugal, a par com os Alpes franceses e Veneza \u00e9 dos mais procurados segundo a Maison Global.<\/p>\n<h3><strong>Saiba mais <a href=\"https:\/\/www.diarioimobiliario.pt\/Actualidade\/Alpes-franceses-Portugal-e-Veneza-sao-os-destinos-mais-procurados-para-ferias-e-aquisicao-de-casa\" target=\"_blank\" rel=\"noopener\">aqui<\/a><\/strong><\/h3>\n<\/p>\n<h2><strong>Belgas da Besix Red iniciam comercializa\u00e7\u00e3o do DUUO na Pra\u00e7a de Espanha<\/strong><\/h2>\n<p>Em parceria com a holding de investimentos belga Compagnie Du Bois Sauvage, a Besix Red&nbsp;lan\u00e7a hoje oficialmente a primeira fase da comercializa\u00e7\u00e3o do DUUO, na Pra\u00e7a de Espanha, num investimento de&nbsp;110 milh\u00f5es de euros.<\/p>\n<h3><strong>Saiba mais <a href=\"https:\/\/www.diarioimobiliario.pt\/Habitacao\/Belgas-da-Besix-Red-iniciam-comercializacao-do-DUUO-na-Praca-de-Espanha\" target=\"_blank\" rel=\"noopener\">aqui<\/a><\/strong><\/h3>\n<\/p>\n<h2><strong>Houses of Portugal &#8211; Value &amp; Style para mostrar l\u00e1 fora o que melhor se faz em Portugal<\/strong><\/h2>\n<p>O projecto Houses of Portugal &#8211; Value &amp; Style acaba de lan\u00e7ar a segunda edi\u00e7\u00e3o da revista destinada a mostrar &#8211; sobretudo nos mercados internacionais -, o que de melhor se faz no imobili\u00e1rio e nos materiais de constru\u00e7\u00e3o no pa\u00eds.<\/p>\n<h3><strong>Saiba mais <a href=\"https:\/\/www.diarioimobiliario.pt\/Actualidade\/Houses-of-Portugal-Value-Style-para-mostrar-la-fora-o-que-melhor-se-faz-em-Portugal\" target=\"_blank\" rel=\"noopener\">aqui<\/a><\/strong><\/h3>\n<\/p>\n<h2><strong>Casa Museu Quinta de Santiago com mostra de design 100% portugu\u00eas<\/strong><\/h2>\n<p>A&nbsp;Cobermaster Concept, marca portuguesa de desenvolvimento e fabrico de mobili\u00e1rio premium com inspira\u00e7\u00e3o vintage e industrial est\u00e1 representada na exposi\u00e7\u00e3o de mobili\u00e1rio contempor\u00e2neo na&nbsp;Casa Museu Quinta de Santiago, em Matosinhos.<\/p>\n<h3><strong>Saiba mais <a href=\"https:\/\/www.diarioimobiliario.pt\/Arquitectura\/Design\/Casa-Museu-Quinta-de-Santiago-com-mostra-de-design-100-portugues\" target=\"_blank\" rel=\"noopener\">aqui<\/a><\/strong><\/h3>\n<\/p>\n<h3><strong>Leia as anteriores Imos\u00edntese<\/strong><\/h3>\n<ul>\n<li><a href=\"https:\/\/www.imovirtual.com\/noticias\/noticias\/imosintese-noticias-2005\" target=\"_blank\" rel=\"noopener\"><strong>IMOS\u00cdNTESE &#8211; NOT\u00cdCIAS 20\/05<\/strong><\/a><\/li>\n<li><a href=\"https:\/\/www.imovirtual.com\/noticias\/noticias\/imosintese-noticias-1905\" target=\"_blank\" rel=\"noopener\"><strong>IMOS\u00cdNTESE &#8211; NOT\u00cdCIAS 19\/05<\/strong><\/a><\/li>\n<li><a href=\"https:\/\/www.imovirtual.com\/noticias\/noticias\/imosintese-noticias-1805\" target=\"_blank\" rel=\"noopener\"><strong>IMOS\u00cdNTESE &#8211; NOT\u00cdCIAS 18\/05<\/strong><\/a><\/li>\n<\/ul>\n<\/p>\n<div class=\"css-h5fkc8\"><strong>Ultima actualiza\u00e7\u00e3o:<\/strong> 19 outubro 2021<\/div>\n","protected":false},"excerpt":{"rendered":"<p>Imos\u00edntese &#8211; 21 de Maio de 2021 Em parceria com o&nbsp;Di\u00e1rio Imobili\u00e1rio, o Imovirtual apresenta diariamente um resumo notici\u00e1rio dos acontecimentos mais relevantes do dia. Fique a par das \u00faltimas novidades do Mercado Imobili\u00e1rio. Os 620 milh\u00f5es e o &#8216;EU Nextgeneration&#8217; n\u00e3o chegam para renovar o parque habitacional portugu\u00eas C\u00e1tia Alves, rec\u00e9m nomeada Directora de &hellip;<\/p>\n","protected":false},"author":3,"featured_media":100,"comment_status":"closed","ping_status":"open","sticky":false,"template":"","format":"standard","meta":{"footnotes":""},"categories":[4],"tags":[],"class_list":["post-2165","post","type-post","status-publish","format-standard","has-post-thumbnail","hentry","category-novidades"],"_links":{"self":[{"href":"https:\/\/www.imovirtual.com\/noticias\/wp-json\/wp\/v2\/posts\/2165","targetHints":{"allow":["GET"]}}],"collection":[{"href":"https:\/\/www.imovirtual.com\/noticias\/wp-json\/wp\/v2\/posts"}],"about":[{"href":"https:\/\/www.imovirtual.com\/noticias\/wp-json\/wp\/v2\/types\/post"}],"author":[{"embeddable":true,"href":"https:\/\/www.imovirtual.com\/noticias\/wp-json\/wp\/v2\/users\/3"}],"replies":[{"embeddable":true,"href":"https:\/\/www.imovirtual.com\/noticias\/wp-json\/wp\/v2\/comments?post=2165"}],"version-history":[{"count":0,"href":"https:\/\/www.imovirtual.com\/noticias\/wp-json\/wp\/v2\/posts\/2165\/revisions"}],"wp:featuredmedia":[{"embeddable":true,"href":"https:\/\/www.imovirtual.com\/noticias\/wp-json\/wp\/v2\/media\/100"}],"wp:attachment":[{"href":"https:\/\/www.imovirtual.com\/noticias\/wp-json\/wp\/v2\/media?parent=2165"}],"wp:term":[{"taxonomy":"category","embeddable":true,"href":"https:\/\/www.imovirtual.com\/noticias\/wp-json\/wp\/v2\/categories?post=2165"},{"taxonomy":"post_tag","embeddable":true,"href":"https:\/\/www.imovirtual.com\/noticias\/wp-json\/wp\/v2\/tags?post=2165"}],"curies":[{"name":"wp","href":"https:\/\/api.w.org\/{rel}","templated":true}]}}