{"id":2163,"date":"2021-04-16T00:00:00","date_gmt":"2021-04-16T00:00:00","guid":{"rendered":"https:\/\/www.imovirtual.com\/noticias2\/2021\/04\/16\/imosintese-noticias-1604\/"},"modified":"2021-04-16T00:00:00","modified_gmt":"2021-04-16T00:00:00","slug":"imosintese-noticias-1604","status":"publish","type":"post","link":"https:\/\/www.imovirtual.com\/noticias\/novidades\/imosintese-noticias-1604\/","title":{"rendered":"IMOS\u00cdNTESE &#8211; NOT\u00cdCIAS 16\/04"},"content":{"rendered":"<p class=\"css-8qfla4\">\n<p class=\"css-m5h6m0 edperro0\">\n<h1><strong>Imos\u00edntese &#8211; 16 de Abril de 2021<\/strong><\/h1>\n<p><strong>Em parceria com o&nbsp;<a href=\"https:\/\/www.diarioimobiliario.pt\/\" target=\"_blank\" rel=\"noopener\">Di\u00e1rio Imobili\u00e1rio<\/a>, o Imovirtual apresenta diariamente um resumo notici\u00e1rio dos acontecimentos mais relevantes do dia. Fique a par das \u00faltimas novidades do Mercado Imobili\u00e1rio.<\/strong><\/p>\n<\/p>\n<h2><strong>eXp Realty \u2013 A Revolu\u00e7\u00e3o Tecnol\u00f3gica na Media\u00e7\u00e3o imobili\u00e1ria<\/strong><\/h2>\n<p><strong>[Entrevista &#8211; Jo\u00e3o Abelha] &#8211; <\/strong>A media\u00e7\u00e3o foi uma das profiss\u00f5es que mais resistiu \u00e0 inova\u00e7\u00e3o tecnol\u00f3gica. S\u00f3 muito recentemente e por for\u00e7a da evolu\u00e7\u00e3o tecnol\u00f3gica e de massivo investimento em Proptechs, come\u00e7aram a surgir modelos novos e disruptivos conceptualmente.<\/p>\n<h3><strong>Saiba mais <a href=\"http:\/\/www.diarioimobiliario.pt\/Entrevistas\/eXp-Realty-A-Revolucao-Tecnologica-na-Mediacao-imobiliaria\" target=\"_blank\" rel=\"noopener\">aqui<\/a><\/strong><\/h3>\n<\/p>\n<h2><strong>Ponte pedonal em Monsanto constru\u00edda em tr\u00eas dias<\/strong><\/h2>\n<p>A Carmo Wood acaba de anunciar a execu\u00e7\u00e3o e constru\u00e7\u00e3o de mais uma ponte na cidade de Lisboa,&nbsp;localizada no cora\u00e7\u00e3o de Monsanto, em apenas tr\u00eas dias.&nbsp;<\/p>\n<h3><strong>Saiba mais <a href=\"http:\/\/www.diarioimobiliario.pt\/Actualidade\/Ponte-pedonal-em-Monsanto-construida-em-tres-dias\" target=\"_blank\" rel=\"noopener\">aqui<\/a><\/strong><\/h3>\n<\/p>\n<h2><strong>Portim\u00e3o investe 5 milh\u00f5es de euros na requalifica\u00e7\u00e3o de escolas<\/strong><\/h2>\n<p>Ao abrigo do Programa Operacional Regional do Algarve \u2013 CRESC ALGARVE 2020, o Munic\u00edpio de Portim\u00e3o garantiu interven\u00e7\u00f5es em oito estabelecimentos de ensino, com um investimento global que ronda cinco milh\u00f5es de euros.<\/p>\n<h3><strong>Saiba mais <a href=\"http:\/\/www.diarioimobiliario.pt\/Actualidade\/Portimao-investe-5-milhoes-de-euros-na-requalificacao-de-escolas\" target=\"_blank\" rel=\"noopener\">aqui<\/a><\/strong><\/h3>\n<\/p>\n<h2><strong>Primeira fase dos apartamentos &#8220;Terra\u00e7os de S\u00e3o Francisco&#8221; 100% vendidos<\/strong><\/h2>\n<p>A 1.\u00aa fase dos apartamentos, &#8220;Terra\u00e7os de S\u00e3o Francisco&#8221;, em Alcochete, todo vendido&nbsp;antes do seu lan\u00e7amento.&nbsp;A promotora imobili\u00e1ria JPS Group&nbsp;prepara-se para lan\u00e7ar a 2\u00aa fase ainda no segundo trimestre&nbsp;e antecipar a estrat\u00e9gia devido ao sucesso alcan\u00e7ado na 1\u00aa fase.<\/p>\n<h2><strong>Saiba mais <a href=\"http:\/\/www.diarioimobiliario.pt\/Habitacao\/Primeira-fase-dos-apartamentos-Terracos-de-Sao-Francisco-100-vendidos\" target=\"_blank\" rel=\"noopener\">aqui<\/a><\/strong><\/h2>\n<\/p>\n<h2><strong>\u201cHabitar o Centro Hist\u00f3rico&#8221; em Lisboa com mais tr\u00eas pr\u00e9dios recuperados<\/strong><\/h2>\n<p>Mais tr\u00eas pr\u00e9dios est\u00e3o em fase final de reabilita\u00e7\u00e3o, no centro hist\u00f3rico da cidade de Lisboa, casas essas que v\u00e3o ser inclu\u00eddas no programa \u201cHabitar o Centro Hist\u00f3rico\u201d, destinado a moradores nos bairros hist\u00f3ricos da cidade.<\/p>\n<h3><strong>Saiba mais <a href=\"http:\/\/www.diarioimobiliario.pt\/Actualidade\/Reabilitacao\/Habitar-o-Centro-Historico-em-Lisboa-com-mais-tres-predios-recuperados\" target=\"_blank\" rel=\"noopener\">aqui<\/a><\/strong><\/h3>\n<\/p>\n<h3><strong>Leia as anteriores Imos\u00edntese<\/strong><\/h3>\n<ul>\n<li><a href=\"https:\/\/www.imovirtual.com\/noticias\/noticias\/imosintese-noticias-1504\" target=\"_blank\" rel=\"noopener\"><strong>IMOS\u00cdNTESE &#8211; NOT\u00cdCIAS 15\/04<\/strong><\/a><\/li>\n<li><a href=\"https:\/\/www.imovirtual.com\/noticias\/noticias\/imosintese-noticias-1404\" target=\"_blank\" rel=\"noopener\"><strong>IMOS\u00cdNTESE &#8211; NOT\u00cdCIAS 14\/04<\/strong><\/a><\/li>\n<li><a href=\"https:\/\/www.imovirtual.com\/noticias\/noticias\/imosintese-noticias-1304\" target=\"_blank\" rel=\"noopener\"><strong>IMOS\u00cdNTESE &#8211; NOT\u00cdCIAS 13\/04<\/strong><\/a><\/li>\n<\/ul>\n<\/p>\n<div class=\"css-h5fkc8\"><strong>Ultima actualiza\u00e7\u00e3o:<\/strong> 15 outubro 2021<\/div>\n","protected":false},"excerpt":{"rendered":"<p>Imos\u00edntese &#8211; 16 de Abril de 2021 Em parceria com o&nbsp;Di\u00e1rio Imobili\u00e1rio, o Imovirtual apresenta diariamente um resumo notici\u00e1rio dos acontecimentos mais relevantes do dia. Fique a par das \u00faltimas novidades do Mercado Imobili\u00e1rio. eXp Realty \u2013 A Revolu\u00e7\u00e3o Tecnol\u00f3gica na Media\u00e7\u00e3o imobili\u00e1ria [Entrevista &#8211; Jo\u00e3o Abelha] &#8211; A media\u00e7\u00e3o foi uma das profiss\u00f5es que &hellip;<\/p>\n","protected":false},"author":3,"featured_media":100,"comment_status":"closed","ping_status":"open","sticky":false,"template":"","format":"standard","meta":{"footnotes":""},"categories":[4],"tags":[],"class_list":["post-2163","post","type-post","status-publish","format-standard","has-post-thumbnail","hentry","category-novidades"],"_links":{"self":[{"href":"https:\/\/www.imovirtual.com\/noticias\/wp-json\/wp\/v2\/posts\/2163","targetHints":{"allow":["GET"]}}],"collection":[{"href":"https:\/\/www.imovirtual.com\/noticias\/wp-json\/wp\/v2\/posts"}],"about":[{"href":"https:\/\/www.imovirtual.com\/noticias\/wp-json\/wp\/v2\/types\/post"}],"author":[{"embeddable":true,"href":"https:\/\/www.imovirtual.com\/noticias\/wp-json\/wp\/v2\/users\/3"}],"replies":[{"embeddable":true,"href":"https:\/\/www.imovirtual.com\/noticias\/wp-json\/wp\/v2\/comments?post=2163"}],"version-history":[{"count":0,"href":"https:\/\/www.imovirtual.com\/noticias\/wp-json\/wp\/v2\/posts\/2163\/revisions"}],"wp:featuredmedia":[{"embeddable":true,"href":"https:\/\/www.imovirtual.com\/noticias\/wp-json\/wp\/v2\/media\/100"}],"wp:attachment":[{"href":"https:\/\/www.imovirtual.com\/noticias\/wp-json\/wp\/v2\/media?parent=2163"}],"wp:term":[{"taxonomy":"category","embeddable":true,"href":"https:\/\/www.imovirtual.com\/noticias\/wp-json\/wp\/v2\/categories?post=2163"},{"taxonomy":"post_tag","embeddable":true,"href":"https:\/\/www.imovirtual.com\/noticias\/wp-json\/wp\/v2\/tags?post=2163"}],"curies":[{"name":"wp","href":"https:\/\/api.w.org\/{rel}","templated":true}]}}