{"id":2161,"date":"2021-04-15T00:00:00","date_gmt":"2021-04-15T00:00:00","guid":{"rendered":"https:\/\/www.imovirtual.com\/noticias2\/2021\/04\/15\/imosintese-noticias-1504\/"},"modified":"2021-04-15T00:00:00","modified_gmt":"2021-04-15T00:00:00","slug":"imosintese-noticias-1504","status":"publish","type":"post","link":"https:\/\/www.imovirtual.com\/noticias\/novidades\/imosintese-noticias-1504\/","title":{"rendered":"IMOS\u00cdNTESE &#8211; NOT\u00cdCIAS 15\/04"},"content":{"rendered":"<p class=\"css-8qfla4\">\n<p class=\"css-m5h6m0 edperro0\">\n<h1><strong>Imos\u00edntese &#8211; 15 de Abril de 2021<\/strong><\/h1>\n<p><strong>Em parceria com o&nbsp;<a href=\"https:\/\/www.diarioimobiliario.pt\/\" target=\"_blank\" rel=\"noopener\">Di\u00e1rio Imobili\u00e1rio<\/a>, o Imovirtual apresenta diariamente um resumo notici\u00e1rio dos acontecimentos mais relevantes do dia. Fique a par das \u00faltimas novidades do Mercado Imobili\u00e1rio.<\/strong><\/p>\n<\/p>\n<h2><strong>Muro das Namoradeiras no Terreiro do Pa\u00e7o j\u00e1 est\u00e1 reconstru\u00eddo<\/strong><\/h2>\n<p>A&nbsp;reconstru\u00e7\u00e3o do Muro das Namoradeiras no Terreiro do Pa\u00e7o j\u00e1 est\u00e1 finalizada. Foram tamb\u00e9m repostos os postes de ilumina\u00e7\u00e3o originais e retirado o aterro entre o Cais das Colunas e a Pra\u00e7a da Esta\u00e7\u00e3o Sul e Sueste. O Terreiro do Pa\u00e7o recupera, assim, o tra\u00e7ado que existia h\u00e1 25 anos, antes das obras para o t\u00fanel e esta\u00e7\u00e3o do Metro de Lisboa.<\/p>\n<h3><strong>Saiba mais <a href=\"http:\/\/www.diarioimobiliario.pt\/Actualidade\/Reabilitacao\/Muro-das-Namoradeiras-no-Terreiro-do-Paco-ja-esta-reconstruido\" target=\"_blank\" rel=\"noopener\">aqui<\/a><\/strong><\/h3>\n<\/p>\n<h2><strong>ERA vendeu mais de 2.500 im\u00f3veis no 1\u00ba trimestre num valor de 146 milh\u00f5es de euros<\/strong><\/h2>\n<p>A ERA Portugal vendeu mais de 2.500 im\u00f3veis no primeiro trimestre de 2021, o que representa um valor de cerca de 146 milh\u00f5es de euros, sendo o m\u00eas de Mar\u00e7o o melhor desde Dezembro de 2019, representando&nbsp;45% da factura\u00e7\u00e3o total dos primeiros tr\u00eas meses do ano.<\/p>\n<h3><strong>Saiba mais <a href=\"http:\/\/www.diarioimobiliario.pt\/Habitacao\/ERA-vendeu-mais-de-2.500-imoveis-no-1o-trimestre-num-valor-de-146-milhoes-de-euros\" target=\"_blank\" rel=\"noopener\">aqui<\/a><\/strong><\/h3>\n<\/p>\n<h2><strong>Centros comerciais, restaura\u00e7\u00e3o e retalho prontos para abrir na pr\u00f3xima semana<\/strong><\/h2>\n<p>A Associa\u00e7\u00e3o Portuguesa de Empresas de Distribui\u00e7\u00e3o (APED), a Associa\u00e7\u00e3o Portuguesa de Centros Comerciais (APCC) e a Associa\u00e7\u00e3o da Hotelaria, Restaura\u00e7\u00e3o e Similares de Portugal (AHRESP) garantem que os centros comerciais re\u00fanem todas as condi\u00e7\u00f5es para a reabertura no pr\u00f3ximo dia 19 de Abril,&nbsp;assegurando as condi\u00e7\u00f5es de higiene para a salvaguarda da sa\u00fade p\u00fablica e a seguran\u00e7a dos seus clientes, fornecedores e trabalhadores.<\/p>\n<h3><strong>Saiba mais <a href=\"http:\/\/www.diarioimobiliario.pt\/Actualidade\/Centros-comerciais-restauracao-e-retalho-prontos-para-abrir-na-proxima-semana\" target=\"_blank\" rel=\"noopener\">aqui<\/a><\/strong><\/h3>\n<\/p>\n<h2><strong>C\u00f3digo dos Contratos P\u00fablicos continuar\u00e1 sem resposta<\/strong><\/h2>\n<p>A associa\u00e7\u00e3o dos construtores portugueses est\u00e1 preocupada com o Decreto que estabelece medidas especiais de contrata\u00e7\u00e3o p\u00fablica e modifica o C\u00f3digo dos Contratos P\u00fablicos (CCP), referindo que&nbsp;continuar\u00e1 sem resposta para mat\u00e9rias cruciais.<\/p>\n<h3><strong>Saiba mais <a href=\"http:\/\/www.diarioimobiliario.pt\/Actualidade\/Codigo-dos-Contratos-Publicos-continuara-sem-resposta\" target=\"_blank\" rel=\"noopener\">aqui<\/a><\/strong><\/h3>\n<\/p>\n<h2><strong>Corrida aos espa\u00e7os de log\u00edstica nos pr\u00f3ximos anos<\/strong><\/h2>\n<p>Em 2020, foram ocupados 272 mil metros quadrados em espa\u00e7os de armaz\u00e9ns e de log\u00edstica, o que representa um crescimento de 24% relativamente a 2019 e o terceiro valor mais elevado alguma vez registado em Portugal, de acordo com o relat\u00f3rio \u2018Portugal Logistics MarketView 2020\u2019, divulgado pela CBRE.<\/p>\n<h3><strong>Saiba mais <a href=\"http:\/\/www.diarioimobiliario.pt\/Actualidade\/Corrida-aos-espacos-de-logistica-nos-proximos-anos\" target=\"_blank\" rel=\"noopener\">aqui<\/a><\/strong><\/h3>\n<\/p>\n<h3><strong>Leia as anteriores Imos\u00edntese<\/strong><\/h3>\n<ul>\n<li><a href=\"https:\/\/www.imovirtual.com\/noticias\/noticias\/imosintese-noticias-1404\" target=\"_blank\" rel=\"noopener\"><strong>IMOS\u00cdNTESE &#8211; NOT\u00cdCIAS 14\/04<\/strong><\/a><\/li>\n<li><a href=\"https:\/\/www.imovirtual.com\/noticias\/noticias\/imosintese-noticias-1304\" target=\"_blank\" rel=\"noopener\"><strong>IMOS\u00cdNTESE &#8211; NOT\u00cdCIAS 13\/04<\/strong><\/a><\/li>\n<li><a href=\"https:\/\/www.imovirtual.com\/noticias\/noticias\/imosintese-noticias-1204\" target=\"_blank\" rel=\"noopener\"><strong>IMOS\u00cdNTESE &#8211; NOT\u00cdCIAS 12\/04<\/strong><\/a><\/li>\n<\/ul>\n<\/p>\n<div class=\"css-h5fkc8\"><strong>Ultima actualiza\u00e7\u00e3o:<\/strong> 15 outubro 2021<\/div>\n","protected":false},"excerpt":{"rendered":"<p>Imos\u00edntese &#8211; 15 de Abril de 2021 Em parceria com o&nbsp;Di\u00e1rio Imobili\u00e1rio, o Imovirtual apresenta diariamente um resumo notici\u00e1rio dos acontecimentos mais relevantes do dia. Fique a par das \u00faltimas novidades do Mercado Imobili\u00e1rio. Muro das Namoradeiras no Terreiro do Pa\u00e7o j\u00e1 est\u00e1 reconstru\u00eddo A&nbsp;reconstru\u00e7\u00e3o do Muro das Namoradeiras no Terreiro do Pa\u00e7o j\u00e1 est\u00e1 &hellip;<\/p>\n","protected":false},"author":3,"featured_media":2162,"comment_status":"closed","ping_status":"open","sticky":false,"template":"","format":"standard","meta":{"footnotes":""},"categories":[4],"tags":[],"class_list":["post-2161","post","type-post","status-publish","format-standard","has-post-thumbnail","hentry","category-novidades"],"_links":{"self":[{"href":"https:\/\/www.imovirtual.com\/noticias\/wp-json\/wp\/v2\/posts\/2161","targetHints":{"allow":["GET"]}}],"collection":[{"href":"https:\/\/www.imovirtual.com\/noticias\/wp-json\/wp\/v2\/posts"}],"about":[{"href":"https:\/\/www.imovirtual.com\/noticias\/wp-json\/wp\/v2\/types\/post"}],"author":[{"embeddable":true,"href":"https:\/\/www.imovirtual.com\/noticias\/wp-json\/wp\/v2\/users\/3"}],"replies":[{"embeddable":true,"href":"https:\/\/www.imovirtual.com\/noticias\/wp-json\/wp\/v2\/comments?post=2161"}],"version-history":[{"count":0,"href":"https:\/\/www.imovirtual.com\/noticias\/wp-json\/wp\/v2\/posts\/2161\/revisions"}],"wp:featuredmedia":[{"embeddable":true,"href":"https:\/\/www.imovirtual.com\/noticias\/wp-json\/wp\/v2\/media\/2162"}],"wp:attachment":[{"href":"https:\/\/www.imovirtual.com\/noticias\/wp-json\/wp\/v2\/media?parent=2161"}],"wp:term":[{"taxonomy":"category","embeddable":true,"href":"https:\/\/www.imovirtual.com\/noticias\/wp-json\/wp\/v2\/categories?post=2161"},{"taxonomy":"post_tag","embeddable":true,"href":"https:\/\/www.imovirtual.com\/noticias\/wp-json\/wp\/v2\/tags?post=2161"}],"curies":[{"name":"wp","href":"https:\/\/api.w.org\/{rel}","templated":true}]}}