{"id":2149,"date":"2021-02-19T00:00:00","date_gmt":"2021-02-19T00:00:00","guid":{"rendered":"https:\/\/www.imovirtual.com\/noticias2\/2021\/02\/19\/imosintese-noticias-1902\/"},"modified":"2021-02-19T00:00:00","modified_gmt":"2021-02-19T00:00:00","slug":"imosintese-noticias-1902","status":"publish","type":"post","link":"https:\/\/www.imovirtual.com\/noticias\/novidades\/imosintese-noticias-1902\/","title":{"rendered":"IMOS\u00cdNTESE &#8211; NOT\u00cdCIAS 19\/02"},"content":{"rendered":"<p class=\"css-8qfla4\">\n<p class=\"css-m5h6m0 edperro0\">\n<h1><strong>Imos\u00edntese &#8211; 19 de Fevereiro de 2021<\/strong><\/h1>\n<p><strong>Em parceria com o&nbsp;<a href=\"https:\/\/www.diarioimobiliario.pt\/\" target=\"_blank\" rel=\"noopener\">Di\u00e1rio Imobili\u00e1rio<\/a>, o Imovirtual apresenta diariamente um resumo notici\u00e1rio dos acontecimentos mais relevantes do dia. Fique a par das \u00faltimas novidades do Mercado Imobili\u00e1rio.<\/strong><\/p>\n<\/p>\n<h2><strong>Vai ser poss\u00edvel em tempo real, saber a qualidade do ar, n\u00edveis de ru\u00eddo ou do tr\u00e2nsito em Lisboa<\/strong><\/h2>\n<p>Lisboa vai ter, pela primeira vez, uma rede de sensores em toda a cidade que monitorizam em tempo real a qualidade do ar, n\u00edveis de ru\u00eddo ou do tr\u00e2nsito. No total ser\u00e3o oitenta esta\u00e7\u00f5es, com 658 sensores distintos, a funcionar 24 horas por dia e compilando uma multiplicidade de dados que at\u00e9 hoje s\u00f3 podiam ser conhecidos com estudos pontualmente efectuados.<\/p>\n<h3><strong>Saiba mais <a href=\"https:\/\/www.diarioimobiliario.pt\/Actualidade\/Sustentabilidade\/Vai-ser-possivel-em-tempo-real-saber-a-qualidade-do-ar-niveis-de-ruido-ou-do-transito-em-Lisboa\" target=\"_blank\" rel=\"noopener\">aqui<\/a><\/strong><\/h3>\n<\/p>\n<h2><strong>Lisboa \u00e9 a 4\u00aa cidade com melhor retorno nas medidas de mobilidade urbanas &#8211; Microsoft<\/strong><\/h2>\n<p>No&nbsp;\u00cdndice de Mobilidade Inteligente em cidades europeias da Microsoft,&nbsp;Lisboa foi considerada a 4\u00aa cidade com melhor retorno nas medidas de mobilidade urbana&nbsp;mas surge em 22\u00ba lugar quanto ao n\u00edvel de desenvolvimento das mesmas.<\/p>\n<h3><strong>Saiba mais <a href=\"https:\/\/www.diarioimobiliario.pt\/Actualidade\/Lisboa-e-a-4a-cidade-com-melhor-retorno-nas-medidas-de-mobilidade-urbanas-Microsoft\" target=\"_blank\" rel=\"noopener\">aqui<\/a><\/strong><\/h3>\n<\/p>\n<h2><strong>86% dos portugueses recorrem \u00e0 media\u00e7\u00e3o para comprar, vender ou arrendar casa<\/strong><\/h2>\n<p>86% dos portugueses assume recorrer aos servi\u00e7os de uma ag\u00eancia sempre que precisa de vender, comprar ou arrendar um im\u00f3vel, revela um inqu\u00e9rito levado a cabo pela DS Imobili\u00e1ria&nbsp;do Grupo&nbsp;&nbsp;Decis\u00f5es e Solu\u00e7\u00f5es.<\/p>\n<h3><strong>Saiba mais <a href=\"https:\/\/www.diarioimobiliario.pt\/Actualidade\/86-dos-portugueses-recorrem-a-mediacao-para-comprar-vender-ou-arrendar-casa\" target=\"_blank\" rel=\"noopener\">aqui<\/a><\/strong><\/h3>\n<\/p>\n<h2><strong>Grupo macaense KNJ lan\u00e7a o primeiro projecto em Portugal, a Miramar Tower<\/strong><\/h2>\n<p>Com 15 pisos acima do solo, a Miramar Tower ir\u00e1&nbsp;destacar-se na cidade do Porto. Trata-se do primeiro projecto em Portugal do empres\u00e1rio macaense&nbsp;Kevin Ho, CEO do Grupo KNJ Investment Limited.<\/p>\n<h3><strong>Saiba mais <a href=\"https:\/\/www.diarioimobiliario.pt\/Habitacao\/Grupo-macaense-KNJ-lanca-o-primeiro-projecto-em-Portugal-a-Miramar-Tower\" target=\"_blank\" rel=\"noopener\">aqui<\/a><\/strong><\/h3>\n<\/p>\n<h2><strong>Algarve: Lagos prev\u00ea investir 19,2 milh\u00f5es de euros em habita\u00e7\u00e3o<\/strong><\/h2>\n<p>A C\u00e2mara de Lagos identificou as car\u00eancias de habita\u00e7\u00e3o do concelho e previu um investimento de 19,2 milh\u00f5es de euros para encontrar solu\u00e7\u00f5es de alojamento ou requalificar resid\u00eancias para um total de 399 agregados familiares.<\/p>\n<h3><strong>Saiba mais <a href=\"https:\/\/www.diarioimobiliario.pt\/Habitacao\/Algarve-Lagos-preve-investir-19-2-milhoes-de-euros-em-habitacao\" target=\"_blank\" rel=\"noopener\">aqui<\/a><\/strong><\/h3>\n<\/p>\n<h3><strong>Leia as anteriores Imos\u00edntese<\/strong><\/h3>\n<ul>\n<li><a href=\"https:\/\/www.imovirtual.com\/noticias\/noticias\/imosintese-noticias-1802\" target=\"_blank\" rel=\"noopener\"><strong>IMOS\u00cdNTESE &#8211; NOT\u00cdCIAS 18\/02<\/strong><\/a><\/li>\n<li><a href=\"https:\/\/www.imovirtual.com\/noticias\/noticias\/imosintese-noticias-1702\" target=\"_blank\" rel=\"noopener\"><strong>IMOS\u00cdNTESE &#8211; NOT\u00cdCIAS 17\/02<\/strong><\/a><\/li>\n<li><a href=\"https:\/\/www.imovirtual.com\/noticias\/noticias\/imosintese-noticias-1602\" target=\"_blank\" rel=\"noopener\"><strong>IMOS\u00cdNTESE &#8211; NOT\u00cdCIAS 16\/02<\/strong><\/a><\/li>\n<\/ul>\n<\/p>\n<div class=\"css-h5fkc8\"><strong>Ultima actualiza\u00e7\u00e3o:<\/strong> 14 outubro 2021<\/div>\n","protected":false},"excerpt":{"rendered":"<p>Imos\u00edntese &#8211; 19 de Fevereiro de 2021 Em parceria com o&nbsp;Di\u00e1rio Imobili\u00e1rio, o Imovirtual apresenta diariamente um resumo notici\u00e1rio dos acontecimentos mais relevantes do dia. Fique a par das \u00faltimas novidades do Mercado Imobili\u00e1rio. Vai ser poss\u00edvel em tempo real, saber a qualidade do ar, n\u00edveis de ru\u00eddo ou do tr\u00e2nsito em Lisboa Lisboa vai &hellip;<\/p>\n","protected":false},"author":3,"featured_media":100,"comment_status":"closed","ping_status":"open","sticky":false,"template":"","format":"standard","meta":{"footnotes":""},"categories":[4],"tags":[],"class_list":["post-2149","post","type-post","status-publish","format-standard","has-post-thumbnail","hentry","category-novidades"],"_links":{"self":[{"href":"https:\/\/www.imovirtual.com\/noticias\/wp-json\/wp\/v2\/posts\/2149","targetHints":{"allow":["GET"]}}],"collection":[{"href":"https:\/\/www.imovirtual.com\/noticias\/wp-json\/wp\/v2\/posts"}],"about":[{"href":"https:\/\/www.imovirtual.com\/noticias\/wp-json\/wp\/v2\/types\/post"}],"author":[{"embeddable":true,"href":"https:\/\/www.imovirtual.com\/noticias\/wp-json\/wp\/v2\/users\/3"}],"replies":[{"embeddable":true,"href":"https:\/\/www.imovirtual.com\/noticias\/wp-json\/wp\/v2\/comments?post=2149"}],"version-history":[{"count":0,"href":"https:\/\/www.imovirtual.com\/noticias\/wp-json\/wp\/v2\/posts\/2149\/revisions"}],"wp:featuredmedia":[{"embeddable":true,"href":"https:\/\/www.imovirtual.com\/noticias\/wp-json\/wp\/v2\/media\/100"}],"wp:attachment":[{"href":"https:\/\/www.imovirtual.com\/noticias\/wp-json\/wp\/v2\/media?parent=2149"}],"wp:term":[{"taxonomy":"category","embeddable":true,"href":"https:\/\/www.imovirtual.com\/noticias\/wp-json\/wp\/v2\/categories?post=2149"},{"taxonomy":"post_tag","embeddable":true,"href":"https:\/\/www.imovirtual.com\/noticias\/wp-json\/wp\/v2\/tags?post=2149"}],"curies":[{"name":"wp","href":"https:\/\/api.w.org\/{rel}","templated":true}]}}