{"id":2147,"date":"2021-02-12T00:00:00","date_gmt":"2021-02-12T00:00:00","guid":{"rendered":"https:\/\/www.imovirtual.com\/noticias2\/2021\/02\/12\/imosintese-noticias-1202\/"},"modified":"2021-02-12T00:00:00","modified_gmt":"2021-02-12T00:00:00","slug":"imosintese-noticias-1202","status":"publish","type":"post","link":"https:\/\/www.imovirtual.com\/noticias\/novidades\/imosintese-noticias-1202\/","title":{"rendered":"IMOS\u00cdNTESE &#8211; NOT\u00cdCIAS 12\/02"},"content":{"rendered":"<p class=\"css-8qfla4\">\n<p class=\"css-m5h6m0 edperro0\">\n<h1><strong>Imos\u00edntese &#8211; 12 de Fevereiro de 2021<\/strong><\/h1>\n<p><strong>Em parceria com o&nbsp;<a href=\"https:\/\/www.diarioimobiliario.pt\/\" target=\"_blank\" rel=\"noopener\">Di\u00e1rio Imobili\u00e1rio<\/a>, o Imovirtual apresenta diariamente um resumo notici\u00e1rio dos acontecimentos mais relevantes do dia. Fique a par das \u00faltimas novidades do Mercado Imobili\u00e1rio.<\/strong><\/p>\n<\/p>\n<h2><strong>Promotores aplaudem o adiamento na entrada do novo regime dos Vistos Gold<\/strong><\/h2>\n<p>Em resposta \u00e0 publica\u00e7\u00e3o hoje no Di\u00e1rio da Rep\u00fablica, do&nbsp;adiamento&nbsp;por um ano na entrada do novo regime dos Vistos Gold,&nbsp;a APPII &#8211;&nbsp;Associa\u00e7\u00e3o Portuguesa dos Promotores e Investidores Imobili\u00e1rios, considera a medida muito importante.&nbsp;<\/p>\n<h3><strong>Saiba mais <a href=\"http:\/\/www.diarioimobiliario.pt\/Actualidade\/Promotores-aplaudem-o-adiamento-na-entrada-do-novo-regime-dos-Vistos-Gold\" target=\"_blank\" rel=\"noopener\">aqui<\/a><\/strong><\/h3>\n<\/p>\n<h2><strong>Como um edif\u00edcio industrial se transforma em v\u00e1rias casas de luxo<\/strong><\/h2>\n<p>Um edif\u00edcio de raiz industrial com 100 anos de hist\u00f3ria situado na zona do Bra\u00e7o de Prata, em Lisboa, vai ser transformado pelo atelier de arquitectura&nbsp;Tra\u00e7ado Regulador,&nbsp;num projecto residencial de luxo.<\/p>\n<h3><strong>Saiba mais <a href=\"http:\/\/www.diarioimobiliario.pt\/Espacos-de-Autor\/Como-um-edificio-industrial-se-transforma-em-varias-casas-de-luxo\" target=\"_blank\" rel=\"noopener\">aqui<\/a><\/strong><\/h3>\n<\/p>\n<h2><strong>Vistos &#8216;gold&#8217;: Restri\u00e7\u00f5es nas \u00e1reas metropolitanas e no litoral adiadas 6 meses para 2022<\/strong><\/h2>\n<p>O fim de \u2018vistos gold\u2019 para investidores imobili\u00e1rios estrangeiros no litoral e \u00e1reas metropolitanas de Lisboa e Porto foi hoje adiado por seis meses, face ao anunciado pelo Governo, arrancando em 1 de Janeiro de 2022.<\/p>\n<h3><strong>Saiba mais <a href=\"http:\/\/www.diarioimobiliario.pt\/Actualidade\/Vistos-gold-Restricoes-nas-areas-metropolitanas-e-no-litoral-adiadas-6-meses-para-2022\" target=\"_blank\" rel=\"noopener\">aqui<\/a><\/strong><\/h3>\n<\/p>\n<h2><strong>Ag\u00eancia de Energia do Porto lidera projecto europeu para combater pobreza energ\u00e9tica<\/strong><\/h2>\n<p>A iniciativa \u2018Porto Energy ElevatoR\u2019 (PEER), nasce para promover a efici\u00eancia energ\u00e9tica nos edif\u00edcios e o autoconsumo a partir de fontes de energia renov\u00e1veis.<\/p>\n<h3><strong>Saiba mais <a href=\"http:\/\/www.diarioimobiliario.pt\/Actualidade\/Sustentabilidade\/Agencia-de-Energia-do-Porto-lidera-projecto-europeu-para-combater-pobreza-energetica\" target=\"_blank\" rel=\"noopener\">aqui<\/a><\/strong><\/h3>\n<\/p>\n<h2><strong>1.\u00ba Direito: per\u00edodo de afecta\u00e7\u00e3o de habita\u00e7\u00f5es financiadas passa de 15 para 20 anos<\/strong><\/h2>\n<p>&nbsp;O parlamento aprovou ontem altera\u00e7\u00f5es ao 1.\u00ba Direito &#8211; Programa de Apoio ao Acesso \u00e0 Habita\u00e7\u00e3o, inclusive ao regime especial de afecta\u00e7\u00e3o das habita\u00e7\u00f5es financiadas com comparticipa\u00e7\u00f5es concedidas \u00e0s entidades benefici\u00e1rias, aumentando esse per\u00edodo de 15 para 20 anos.<\/p>\n<h3><strong>Saiba mais <a href=\"http:\/\/www.diarioimobiliario.pt\/Habitacao\/1.o-Direito-periodo-de-afectacao-de-habitacoes-financiadas-passa-de-15-para-20-anos\" target=\"_blank\" rel=\"noopener\">aqui<\/a><\/strong><\/h3>\n<\/p>\n<h3><strong>Leia as anteriores Imos\u00edntese:<\/strong><\/h3>\n<ul>\n<li><a href=\"https:\/\/www.imovirtual.com\/noticias\/noticias\/imosintese-noticias-1102\" target=\"_blank\" rel=\"noopener\"><strong>IMOS\u00cdNTESE &#8211; NOT\u00cdCIAS 11\/02<\/strong><\/a><\/li>\n<li><a href=\"https:\/\/www.imovirtual.com\/noticias\/noticias\/imosintese-noticias-1002\" target=\"_blank\" rel=\"noopener\"><strong>IMOS\u00cdNTESE &#8211; NOT\u00cdCIAS 10\/02<\/strong><\/a><\/li>\n<li><a href=\"https:\/\/www.imovirtual.com\/noticias\/noticias\/imosintese-noticias-0902\" target=\"_blank\" rel=\"noopener\"><strong>IMOS\u00cdNTESE &#8211; NOT\u00cdCIAS 09\/02<\/strong><\/a><\/li>\n<\/ul>\n<\/p>\n<div class=\"css-h5fkc8\"><strong>Ultima actualiza\u00e7\u00e3o:<\/strong> 14 outubro 2021<\/div>\n","protected":false},"excerpt":{"rendered":"<p>Imos\u00edntese &#8211; 12 de Fevereiro de 2021 Em parceria com o&nbsp;Di\u00e1rio Imobili\u00e1rio, o Imovirtual apresenta diariamente um resumo notici\u00e1rio dos acontecimentos mais relevantes do dia. Fique a par das \u00faltimas novidades do Mercado Imobili\u00e1rio. Promotores aplaudem o adiamento na entrada do novo regime dos Vistos Gold Em resposta \u00e0 publica\u00e7\u00e3o hoje no Di\u00e1rio da Rep\u00fablica, &hellip;<\/p>\n","protected":false},"author":3,"featured_media":100,"comment_status":"closed","ping_status":"open","sticky":false,"template":"","format":"standard","meta":{"footnotes":""},"categories":[4],"tags":[],"class_list":["post-2147","post","type-post","status-publish","format-standard","has-post-thumbnail","hentry","category-novidades"],"_links":{"self":[{"href":"https:\/\/www.imovirtual.com\/noticias\/wp-json\/wp\/v2\/posts\/2147","targetHints":{"allow":["GET"]}}],"collection":[{"href":"https:\/\/www.imovirtual.com\/noticias\/wp-json\/wp\/v2\/posts"}],"about":[{"href":"https:\/\/www.imovirtual.com\/noticias\/wp-json\/wp\/v2\/types\/post"}],"author":[{"embeddable":true,"href":"https:\/\/www.imovirtual.com\/noticias\/wp-json\/wp\/v2\/users\/3"}],"replies":[{"embeddable":true,"href":"https:\/\/www.imovirtual.com\/noticias\/wp-json\/wp\/v2\/comments?post=2147"}],"version-history":[{"count":0,"href":"https:\/\/www.imovirtual.com\/noticias\/wp-json\/wp\/v2\/posts\/2147\/revisions"}],"wp:featuredmedia":[{"embeddable":true,"href":"https:\/\/www.imovirtual.com\/noticias\/wp-json\/wp\/v2\/media\/100"}],"wp:attachment":[{"href":"https:\/\/www.imovirtual.com\/noticias\/wp-json\/wp\/v2\/media?parent=2147"}],"wp:term":[{"taxonomy":"category","embeddable":true,"href":"https:\/\/www.imovirtual.com\/noticias\/wp-json\/wp\/v2\/categories?post=2147"},{"taxonomy":"post_tag","embeddable":true,"href":"https:\/\/www.imovirtual.com\/noticias\/wp-json\/wp\/v2\/tags?post=2147"}],"curies":[{"name":"wp","href":"https:\/\/api.w.org\/{rel}","templated":true}]}}