{"id":2137,"date":"2021-03-12T00:00:00","date_gmt":"2021-03-12T00:00:00","guid":{"rendered":"https:\/\/www.imovirtual.com\/noticias2\/2021\/03\/12\/imosintese-noticias-1203\/"},"modified":"2021-03-12T00:00:00","modified_gmt":"2021-03-12T00:00:00","slug":"imosintese-noticias-1203","status":"publish","type":"post","link":"https:\/\/www.imovirtual.com\/noticias\/novidades\/imosintese-noticias-1203\/","title":{"rendered":"IMOS\u00cdNTESE &#8211; NOT\u00cdCIAS 12\/03"},"content":{"rendered":"<p class=\"css-8qfla4\">\n<p class=\"css-m5h6m0 edperro0\">\n<h1><strong>Imos\u00edntese &#8211; 12 de Mar\u00e7o de 2021<\/strong><\/h1>\n<p><strong>Em parceria com o&nbsp;<a href=\"https:\/\/www.diarioimobiliario.pt\/\" target=\"_blank\" rel=\"noopener\">Di\u00e1rio Imobili\u00e1rio<\/a>, o Imovirtual apresenta diariamente um resumo notici\u00e1rio dos acontecimentos mais relevantes do dia. Fique a par das \u00faltimas novidades do Mercado Imobili\u00e1rio.<\/strong><\/p>\n<\/p>\n<h2><strong>MIPIM: Maior feira internacional do imobili\u00e1rio com edi\u00e7\u00e3o especial em Setembro<\/strong><\/h2>\n<p>O MIPIM, o sal\u00e3o&nbsp;imobili\u00e1rio mais prestigiado a n\u00edvel internacional, regressa a Cannes, em Fran\u00e7a, nos dias 7 e&nbsp;8 de Setembro, anunciou a organiza\u00e7\u00e3o. S\u00f3 em 2022,&nbsp;voltar\u00e1 \u00e0s suas datas tradicionais de Mar\u00e7o, que acontece entre os dias 15 e 18 de Mar\u00e7o.<\/p>\n<h3><strong>Saiba mais <a href=\"http:\/\/www.diarioimobiliario.pt\/Actualidade\/Internacional\/MIPIM-Maior-feira-internacional-do-imobiliario-com-edicao-especial-em-Setembro\" target=\"_blank\" rel=\"noopener\">aqui<\/a><\/strong><\/h3>\n<\/p>\n<h2><strong>Contemporaneidade em Azeit\u00e3o<\/strong><\/h2>\n<p>O gabinete Tra\u00e7ado Regulador&nbsp;desenvolveu mais um projecto residencial dedicado ao segmento&nbsp;<em>premium,&nbsp;<\/em>desta vez na regi\u00e3o de Azeit\u00e3o, concelho de Set\u00fabal, onde as linhas modernas se destacam.<\/p>\n<h3><strong>Saiba mais <a href=\"http:\/\/www.diarioimobiliario.pt\/Espacos-de-Autor\/Contemporaneidade-em-Azeitao\" target=\"_blank\" rel=\"noopener\">aqui<\/a><\/strong><\/h3>\n<\/p>\n<h2><strong>554 fam\u00edlias v\u00e3o ter acesso a uma habita\u00e7\u00e3o em Olh\u00e3o no \u00e2mbito do 1.\u00ba Direito<\/strong><\/h2>\n<p>O Instituto da Habita\u00e7\u00e3o e da Reabilita\u00e7\u00e3o Urbana (IHRU) assinou o Acordo de Colabora\u00e7\u00e3o com o munic\u00edpio de Olh\u00e3o para a Estrat\u00e9gia Local de Habita\u00e7\u00e3o deste munic\u00edpio no \u00e2mbito do Programa 1.\u00ba Direito, para&nbsp;apoiar&nbsp;554 fam\u00edlias no acesso \u00e0&nbsp;habita\u00e7\u00e3o condigna.<\/p>\n<h3><strong>Saiba mais <a href=\"http:\/\/www.diarioimobiliario.pt\/Habitacao\/554-familias-vao-ter-acesso-a-uma-habitacao-em-Olhao-no-ambito-do-1.o-Direito\" target=\"_blank\" rel=\"noopener\">aqui<\/a><\/strong><\/h3>\n<\/p>\n<h2><strong>Grupo PortoBay Hotels &amp; Resorts prepara-se para a retoma<\/strong><\/h2>\n<p>Ant\u00f3nio Trindade, Presidente e CEO do grupo PortoBay Hotels &amp; Resorts, afirma no blog daquela cadeia hoteleira que \u201cversatilidade, mobilidade e fideliza\u00e7\u00e3o\u201d s\u00e3o os conceitos priorit\u00e1rios para a fase de retoma do turismo.<\/p>\n<h3><strong>Saiba mais <a href=\"http:\/\/www.diarioimobiliario.pt\/Turismo\/Grupo-PortoBay-Hotels-Resorts-prepara-se-para-a-retoma\" target=\"_blank\" rel=\"noopener\">aqui<\/a><\/strong><\/h3>\n<\/p>\n<h2><strong>Cinco tend\u00eancias de decora\u00e7\u00e3o a evitar na chegada da Primavera<\/strong><\/h2>\n<p>Com a chegada da nova esta\u00e7\u00e3o e do tempo mais quente e luminoso, h\u00e1 quem aproveite para mudar e inovar a decora\u00e7\u00e3o, mas nem todas as tend\u00eancias s\u00e3o aconselh\u00e1veis.<\/p>\n<h3><strong>Saiba mais <a href=\"http:\/\/www.diarioimobiliario.pt\/Arquitectura\/Design\/Cinco-tendencias-de-decoracao-a-evitar-na-chegada-da-Primavera\" target=\"_blank\" rel=\"noopener\">aqui<\/a><\/strong><\/h3>\n<\/p>\n<h3><strong>Leia as anteriores Imos\u00edntese<\/strong><\/h3>\n<ul>\n<li><a href=\"https:\/\/www.imovirtual.com\/noticias\/noticias\/imosintese-noticias-1103\" target=\"_blank\" rel=\"noopener\"><strong>IMOS\u00cdNTESE &#8211; NOT\u00cdCIAS 11\/03<\/strong><\/a><\/li>\n<li><a href=\"https:\/\/www.imovirtual.com\/noticias\/noticias\/imosintese-noticias-1003\" target=\"_blank\" rel=\"noopener\"><strong>IMOS\u00cdNTESE &#8211; NOT\u00cdCIAS 10\/03<\/strong><\/a><\/li>\n<li><a href=\"https:\/\/www.imovirtual.com\/noticias\/noticias\/imosintese-noticias-0903\" target=\"_blank\" rel=\"noopener\"><strong>IMOS\u00cdNTESE &#8211; NOT\u00cdCIAS 09\/03<\/strong><\/a><\/li>\n<\/ul>\n<\/p>\n<div class=\"css-h5fkc8\"><strong>Ultima actualiza\u00e7\u00e3o:<\/strong> 15 outubro 2021<\/div>\n","protected":false},"excerpt":{"rendered":"<p>Imos\u00edntese &#8211; 12 de Mar\u00e7o de 2021 Em parceria com o&nbsp;Di\u00e1rio Imobili\u00e1rio, o Imovirtual apresenta diariamente um resumo notici\u00e1rio dos acontecimentos mais relevantes do dia. Fique a par das \u00faltimas novidades do Mercado Imobili\u00e1rio. MIPIM: Maior feira internacional do imobili\u00e1rio com edi\u00e7\u00e3o especial em Setembro O MIPIM, o sal\u00e3o&nbsp;imobili\u00e1rio mais prestigiado a n\u00edvel internacional, regressa &hellip;<\/p>\n","protected":false},"author":3,"featured_media":100,"comment_status":"closed","ping_status":"open","sticky":false,"template":"","format":"standard","meta":{"footnotes":""},"categories":[4],"tags":[],"class_list":["post-2137","post","type-post","status-publish","format-standard","has-post-thumbnail","hentry","category-novidades"],"_links":{"self":[{"href":"https:\/\/www.imovirtual.com\/noticias\/wp-json\/wp\/v2\/posts\/2137","targetHints":{"allow":["GET"]}}],"collection":[{"href":"https:\/\/www.imovirtual.com\/noticias\/wp-json\/wp\/v2\/posts"}],"about":[{"href":"https:\/\/www.imovirtual.com\/noticias\/wp-json\/wp\/v2\/types\/post"}],"author":[{"embeddable":true,"href":"https:\/\/www.imovirtual.com\/noticias\/wp-json\/wp\/v2\/users\/3"}],"replies":[{"embeddable":true,"href":"https:\/\/www.imovirtual.com\/noticias\/wp-json\/wp\/v2\/comments?post=2137"}],"version-history":[{"count":0,"href":"https:\/\/www.imovirtual.com\/noticias\/wp-json\/wp\/v2\/posts\/2137\/revisions"}],"wp:featuredmedia":[{"embeddable":true,"href":"https:\/\/www.imovirtual.com\/noticias\/wp-json\/wp\/v2\/media\/100"}],"wp:attachment":[{"href":"https:\/\/www.imovirtual.com\/noticias\/wp-json\/wp\/v2\/media?parent=2137"}],"wp:term":[{"taxonomy":"category","embeddable":true,"href":"https:\/\/www.imovirtual.com\/noticias\/wp-json\/wp\/v2\/categories?post=2137"},{"taxonomy":"post_tag","embeddable":true,"href":"https:\/\/www.imovirtual.com\/noticias\/wp-json\/wp\/v2\/tags?post=2137"}],"curies":[{"name":"wp","href":"https:\/\/api.w.org\/{rel}","templated":true}]}}