{"id":2131,"date":"2021-01-15T00:00:00","date_gmt":"2021-01-15T00:00:00","guid":{"rendered":"https:\/\/www.imovirtual.com\/noticias2\/2021\/01\/15\/imosintese-noticias-1501\/"},"modified":"2021-01-15T00:00:00","modified_gmt":"2021-01-15T00:00:00","slug":"imosintese-noticias-1501","status":"publish","type":"post","link":"https:\/\/www.imovirtual.com\/noticias\/novidades\/imosintese-noticias-1501\/","title":{"rendered":"IMOS\u00cdNTESE &#8211; NOT\u00cdCIAS 15\/01"},"content":{"rendered":"<p class=\"css-8qfla4\">\n<p class=\"css-m5h6m0 edperro0\">\n<h1><strong>Imos\u00edntese &#8211; 15 de Janeiro de 2021<\/strong><\/h1>\n<p><strong>Em parceria com o&nbsp;<a href=\"https:\/\/www.diarioimobiliario.pt\/\" target=\"_blank\" rel=\"noopener\">Di\u00e1rio Imobili\u00e1rio<\/a>, o Imovirtual apresenta diariamente um resumo notici\u00e1rio dos acontecimentos mais relevantes do dia. Fique a par das \u00faltimas novidades do Mercado Imobili\u00e1rio.<\/strong><\/p>\n<\/p>\n<h2><strong>Com o que podem contar as empresas e como funciona o teletrabalho no novo confinamento<\/strong><\/h2>\n<p>Portugal entrou hoje num novo confinamento, onde apenas algumas actividades profissionais podem funcionar. O Governo avan\u00e7a com um conjunto de medidas de apoio \u00e0s empresas que fecham portas e sobre o teletrabalho. Conhe\u00e7a os <a href=\"https:\/\/covid19estamoson.gov.pt\/wp-content\/uploads\/2021\/01\/Novo-confinamento-apoios-a%CC%80-economia-14-janeiro-2021.pdf\" target=\"_blank\" rel=\"noopener\">apoios<\/a>.&nbsp;<\/p>\n<h3><strong>Saiba mais <a href=\"https:\/\/www.diarioimobiliario.pt\/Actualidade\/Com-o-que-podem-contar-as-empresas-e-como-funciona-o-teletrabalho-no-novo-confinamento\" target=\"_blank\" rel=\"noopener\">aqui<\/a><\/strong><\/h3>\n<\/p>\n<h2><strong>O maior desafio de 2021 para o mercado imobili\u00e1rio ser\u00e1 o fim das morat\u00f3rias<\/strong><\/h2>\n<p>Jo\u00e3o Sousa, CEO da <a href=\"https:\/\/www.jpsgroup.pt\/\" target=\"_blank\" rel=\"noopener\">JPS Group<\/a>, espera que 2021 seja um excelente ano para o mercado imobili\u00e1rio e que o maior desafio ser\u00e1 o fim das morat\u00f3rias e a capacidade das fam\u00edlias portuguesas no recome\u00e7o de pagamento das suas responsabilidades banc\u00e1rias.<\/p>\n<h3><strong>Saiba mais <a href=\"https:\/\/www.diarioimobiliario.pt\/Entrevistas\/O-maior-desafio-de-2021-para-o-mercado-imobiliario-sera-o-fim-das-moratorias\" target=\"_blank\" rel=\"noopener\">aqui<\/a><\/strong><\/h3>\n<\/p>\n<h2><strong>Como tr\u00eas casas antigas se transformam numa \u00fanica e moderna moradia<\/strong><\/h2>\n<p>Numa zona agr\u00edcola em Gondomar, a equipa do&nbsp;Paulo&nbsp;Merlini architects&nbsp;encontrou&nbsp;uma antiga casa agr\u00edcola, que depois de&nbsp;desmontar os materiais da fachada, descobriu&nbsp;tr\u00eas pequenas casas. Edifica\u00e7\u00f5es&nbsp;que acabaram por se transformar na Casa Rio.<\/p>\n<h3><strong>Saiba mais <a href=\"https:\/\/www.diarioimobiliario.pt\/Arquitectura\/Como-tres-casas-antigas-se-transformam-numa-unica-e-moderna-moradia\" target=\"_blank\" rel=\"noopener\">aqui<\/a><\/strong><\/h3>\n<\/p>\n<h2><strong>Castelo de Leiria reabre no 1.\u00ba semestre ap\u00f3s obras de reabilita\u00e7\u00e3o<\/strong><\/h2>\n<p>O Castelo de Leiria, que fechou em Junho de 2019, para obras de reabilita\u00e7\u00e3o de alguns dos seus espa\u00e7os, trabalhos que iniciaram quase em simult\u00e2neo com a cria\u00e7\u00e3o dos acessos mec\u00e2nicos ao monumento, vai reabrir este semestre.<\/p>\n<h3><strong>Saiba mais <a href=\"https:\/\/www.diarioimobiliario.pt\/Actualidade\/Reabilitacao\/Castelo-de-Leiria-reabre-no-1.o-semestre-apos-obras-de-reabilitacao\" target=\"_blank\" rel=\"noopener\">aqui<\/a><\/strong><\/h3>\n<\/p>\n<h2><strong>Candidaturas ao apoio \u00e0s rendas arrancam em 4 de Fevereiro<\/strong><\/h2>\n<p>As candidaturas ao apoio a fundo perdido \u00e0s rendas comerciais v\u00e3o iniciar-se em 4 de Fevereiro e os pagamentos dever\u00e3o come\u00e7ar a chegar \u00e0s empresas durante a segunda quinzena de Fevereiro.<\/p>\n<h3><strong>Saiba mais <a href=\"https:\/\/www.diarioimobiliario.pt\/Habitacao\/Arrendamento\/Candidaturas-ao-apoio-as-rendas-arrancam-em-4-de-Fevereiro\" target=\"_blank\" rel=\"noopener\">aqui<\/a><\/strong><\/h3>\n<\/p>\n<h3><strong>Leia as anteriores Imos\u00edntese<\/strong><\/h3>\n<ul>\n<li><a href=\"https:\/\/www.imovirtual.com\/noticias\/noticias\/imosintese-noticias-1401\" target=\"_blank\" rel=\"noopener\"><strong>IMOS\u00cdNTESE &#8211; NOT\u00cdCIAS 14\/12<\/strong><\/a><\/li>\n<li><a href=\"https:\/\/www.imovirtual.com\/noticias\/noticias\/imosintese-noticias-0801\" target=\"_blank\" rel=\"noopener\"><strong>IMOS\u00cdNTESE &#8211; NOT\u00cdCIAS 13\/01<\/strong><\/a><\/li>\n<li><a href=\"https:\/\/www.imovirtual.com\/noticias\/noticias\/imosintese-noticias-1201\" target=\"_blank\" rel=\"noopener\"><strong>IMOS\u00cdNTESE &#8211; NOT\u00cdCIAS 12\/01<\/strong><\/a><\/li>\n<\/ul>\n<\/p>\n<div class=\"css-h5fkc8\"><strong>Ultima actualiza\u00e7\u00e3o:<\/strong> 14 outubro 2021<\/div>\n","protected":false},"excerpt":{"rendered":"<p>Imos\u00edntese &#8211; 15 de Janeiro de 2021 Em parceria com o&nbsp;Di\u00e1rio Imobili\u00e1rio, o Imovirtual apresenta diariamente um resumo notici\u00e1rio dos acontecimentos mais relevantes do dia. Fique a par das \u00faltimas novidades do Mercado Imobili\u00e1rio. Com o que podem contar as empresas e como funciona o teletrabalho no novo confinamento Portugal entrou hoje num novo confinamento, &hellip;<\/p>\n","protected":false},"author":3,"featured_media":100,"comment_status":"closed","ping_status":"open","sticky":false,"template":"","format":"standard","meta":{"footnotes":""},"categories":[4],"tags":[],"class_list":["post-2131","post","type-post","status-publish","format-standard","has-post-thumbnail","hentry","category-novidades"],"_links":{"self":[{"href":"https:\/\/www.imovirtual.com\/noticias\/wp-json\/wp\/v2\/posts\/2131","targetHints":{"allow":["GET"]}}],"collection":[{"href":"https:\/\/www.imovirtual.com\/noticias\/wp-json\/wp\/v2\/posts"}],"about":[{"href":"https:\/\/www.imovirtual.com\/noticias\/wp-json\/wp\/v2\/types\/post"}],"author":[{"embeddable":true,"href":"https:\/\/www.imovirtual.com\/noticias\/wp-json\/wp\/v2\/users\/3"}],"replies":[{"embeddable":true,"href":"https:\/\/www.imovirtual.com\/noticias\/wp-json\/wp\/v2\/comments?post=2131"}],"version-history":[{"count":0,"href":"https:\/\/www.imovirtual.com\/noticias\/wp-json\/wp\/v2\/posts\/2131\/revisions"}],"wp:featuredmedia":[{"embeddable":true,"href":"https:\/\/www.imovirtual.com\/noticias\/wp-json\/wp\/v2\/media\/100"}],"wp:attachment":[{"href":"https:\/\/www.imovirtual.com\/noticias\/wp-json\/wp\/v2\/media?parent=2131"}],"wp:term":[{"taxonomy":"category","embeddable":true,"href":"https:\/\/www.imovirtual.com\/noticias\/wp-json\/wp\/v2\/categories?post=2131"},{"taxonomy":"post_tag","embeddable":true,"href":"https:\/\/www.imovirtual.com\/noticias\/wp-json\/wp\/v2\/tags?post=2131"}],"curies":[{"name":"wp","href":"https:\/\/api.w.org\/{rel}","templated":true}]}}