{"id":2117,"date":"2021-03-05T00:00:00","date_gmt":"2021-03-05T00:00:00","guid":{"rendered":"https:\/\/www.imovirtual.com\/noticias2\/2021\/03\/05\/imosintese-noticias-0503\/"},"modified":"2021-03-05T00:00:00","modified_gmt":"2021-03-05T00:00:00","slug":"imosintese-noticias-0503","status":"publish","type":"post","link":"https:\/\/www.imovirtual.com\/noticias\/novidades\/imosintese-noticias-0503\/","title":{"rendered":"IMOS\u00cdNTESE &#8211; NOT\u00cdCIAS 05\/03"},"content":{"rendered":"<p class=\"css-8qfla4\">\n<p class=\"css-m5h6m0 edperro0\">\n<h1><strong>Imos\u00edntese &#8211; 5 de Mar\u00e7o de 2021<\/strong><\/h1>\n<p><strong>Em parceria com o&nbsp;<a href=\"https:\/\/www.diarioimobiliario.pt\/\" target=\"_blank\" rel=\"noopener\">Di\u00e1rio Imobili\u00e1rio<\/a>, o Imovirtual apresenta diariamente um resumo notici\u00e1rio dos acontecimentos mais relevantes do dia. Fique a par das \u00faltimas novidades do Mercado Imobili\u00e1rio.<\/strong><\/p>\n<\/p>\n<h2><strong>Procura por moradias aumentou 62,9% em Fevereiro<\/strong><\/h2>\n<p>O Bar\u00f3metro Imovirtual referente ao m\u00eas de Fevereiro vem demonstrar que a procura por moradias continua a aumentar tendo-se verificado uma subida de 62,9% face ao mesmo per\u00edodo de 2020.<\/p>\n<h3><strong>Saiba mais <a href=\"http:\/\/www.diarioimobiliario.pt\/Habitacao\/Procura-por-moradias-aumentou-62-9-em-Fevereiro\" target=\"_blank\" rel=\"noopener\">aqui<\/a><\/strong><\/h3>\n<\/p>\n<h2><strong>Santander emprestou 20,7 mil milh\u00f5es de euros para compra de casa em 2020<\/strong><\/h2>\n<p>No fecho das contas de 2020, o banco Santander Totta concedeu&nbsp; 20,7 mil milh\u00f5es de euros para cr\u00e9dito \u00e0 habita\u00e7\u00e3o, o que corresponde a um acr\u00e9scimo de 5,2% em termos hom\u00f3logos. J\u00e1 na quota&nbsp;de mercado de novos empr\u00e9stimos de cr\u00e9dito \u00e0&nbsp;habita\u00e7\u00e3o situou-se nos 24,1%.<\/p>\n<h3><strong>Saiba mais <a href=\"http:\/\/www.diarioimobiliario.pt\/Habitacao\/Santander-emprestou-20-7-mil-milhoes-de-euros-para-compra-de-casa-em-2020\" target=\"_blank\" rel=\"noopener\">aqui<\/a><\/strong><\/h3>\n<\/p>\n<h2><strong>Investimento em constru\u00e7\u00e3o com um crescimento de 4,8% no final de 2020<\/strong><\/h2>\n<p>Na An\u00e1lise de Conjuntura do Sector da Constru\u00e7\u00e3o, divulgada pela AICCOPN e a AECOPS, o 4\u00ba trimestre de 2020, mostra que o sector&nbsp;est\u00e1 m contra-ciclo conseguindo&nbsp;apresentar um quadro de crescimento.<\/p>\n<h3><strong>Saiba mais <a href=\"http:\/\/www.diarioimobiliario.pt\/Actualidade\/Investimento-em-construcao-com-um-crescimento-de-4-8-no-final-de-2020\" target=\"_blank\" rel=\"noopener\">aqui<\/a><\/strong><\/h3>\n<\/p>\n<h2><strong>Mercado imobili\u00e1rio confiante na retoma no segundo semestre deste ano<\/strong><\/h2>\n<p>A actividade de investimento vai voltar ao crescimento, eventualmente precedendo a de ocupa\u00e7\u00e3o &#8211; os elevados volumes de liquidez e a procura latente e n\u00e3o-satisfeita v\u00e3o impulsionar uma forte retoma na segunda metade do ano, indica a C&amp;W.<\/p>\n<h3><strong>Saiba mais <a href=\"http:\/\/www.diarioimobiliario.pt\/Actualidade\/Mercado-imobiliario-confiante-na-retoma-no-segundo-semestre-deste-ano\" target=\"_blank\" rel=\"noopener\">aqui<\/a><\/strong><\/h3>\n<\/p>\n<h2><strong>Uma casa camuflada nas dunas de Melides<\/strong><\/h2>\n<p>Com 500 metros quadrados, a Casa do Arco, em Melides tem a assinatura do atelier de arquitectura&nbsp;SABRAB, que desenhou um projecto perfeito de integra\u00e7\u00e3o nas dunas de Melides e de contacto com a natureza.<\/p>\n<h3><strong>Saiba mais <a href=\"http:\/\/www.diarioimobiliario.pt\/Arquitectura\/Uma-casa-camuflada-nas-dunas-de-Melides\" target=\"_blank\" rel=\"noopener\">aqui<\/a><\/strong><\/h3>\n<\/p>\n<h3><strong>Leia as anteriores Imos\u00edntese<\/strong><\/h3>\n<ul>\n<li><a href=\"https:\/\/www.imovirtual.com\/noticias\/noticias\/imosintese-noticias-0403\" target=\"_blank\" rel=\"noopener\"><strong>IMOS\u00cdNTESE &#8211; NOT\u00cdCIAS 04\/03<\/strong><\/a><\/li>\n<li><a href=\"https:\/\/www.imovirtual.com\/noticias\/noticias\/imosintese-noticias-0303\" target=\"_blank\" rel=\"noopener\"><strong>IMOS\u00cdNTESE &#8211; NOT\u00cdCIAS 03\/03<\/strong><\/a><\/li>\n<li><a href=\"https:\/\/www.imovirtual.com\/noticias\/noticias\/imosintese-noticias-0203\" target=\"_blank\" rel=\"noopener\"><strong>IMOS\u00cdNTESE &#8211; NOT\u00cdCIAS 02\/03<\/strong><\/a><\/li>\n<\/ul>\n<\/p>\n<div class=\"css-h5fkc8\"><strong>Ultima actualiza\u00e7\u00e3o:<\/strong> 14 outubro 2021<\/div>\n","protected":false},"excerpt":{"rendered":"<p>Imos\u00edntese &#8211; 5 de Mar\u00e7o de 2021 Em parceria com o&nbsp;Di\u00e1rio Imobili\u00e1rio, o Imovirtual apresenta diariamente um resumo notici\u00e1rio dos acontecimentos mais relevantes do dia. Fique a par das \u00faltimas novidades do Mercado Imobili\u00e1rio. Procura por moradias aumentou 62,9% em Fevereiro O Bar\u00f3metro Imovirtual referente ao m\u00eas de Fevereiro vem demonstrar que a procura por &hellip;<\/p>\n","protected":false},"author":3,"featured_media":100,"comment_status":"closed","ping_status":"open","sticky":false,"template":"","format":"standard","meta":{"footnotes":""},"categories":[4],"tags":[],"class_list":["post-2117","post","type-post","status-publish","format-standard","has-post-thumbnail","hentry","category-novidades"],"_links":{"self":[{"href":"https:\/\/www.imovirtual.com\/noticias\/wp-json\/wp\/v2\/posts\/2117","targetHints":{"allow":["GET"]}}],"collection":[{"href":"https:\/\/www.imovirtual.com\/noticias\/wp-json\/wp\/v2\/posts"}],"about":[{"href":"https:\/\/www.imovirtual.com\/noticias\/wp-json\/wp\/v2\/types\/post"}],"author":[{"embeddable":true,"href":"https:\/\/www.imovirtual.com\/noticias\/wp-json\/wp\/v2\/users\/3"}],"replies":[{"embeddable":true,"href":"https:\/\/www.imovirtual.com\/noticias\/wp-json\/wp\/v2\/comments?post=2117"}],"version-history":[{"count":0,"href":"https:\/\/www.imovirtual.com\/noticias\/wp-json\/wp\/v2\/posts\/2117\/revisions"}],"wp:featuredmedia":[{"embeddable":true,"href":"https:\/\/www.imovirtual.com\/noticias\/wp-json\/wp\/v2\/media\/100"}],"wp:attachment":[{"href":"https:\/\/www.imovirtual.com\/noticias\/wp-json\/wp\/v2\/media?parent=2117"}],"wp:term":[{"taxonomy":"category","embeddable":true,"href":"https:\/\/www.imovirtual.com\/noticias\/wp-json\/wp\/v2\/categories?post=2117"},{"taxonomy":"post_tag","embeddable":true,"href":"https:\/\/www.imovirtual.com\/noticias\/wp-json\/wp\/v2\/tags?post=2117"}],"curies":[{"name":"wp","href":"https:\/\/api.w.org\/{rel}","templated":true}]}}