{"id":2112,"date":"2020-05-12T00:00:00","date_gmt":"2020-05-12T00:00:00","guid":{"rendered":"https:\/\/www.imovirtual.com\/noticias2\/2020\/05\/12\/pesquisa-51-dos-nossos-clientes-profissionais-realizaram-transacoes-mesmo-durante-o-confinamento-id253\/"},"modified":"2020-05-12T00:00:00","modified_gmt":"2020-05-12T00:00:00","slug":"pesquisa-51-dos-nossos-clientes-profissionais-realizaram-transacoes-mesmo-durante-o-confinamento-id253","status":"publish","type":"post","link":"https:\/\/www.imovirtual.com\/noticias\/relatorio-de-precos\/pesquisa-51-dos-nossos-clientes-profissionais-realizaram-transacoes-mesmo-durante-o-confinamento-id253\/","title":{"rendered":"Pesquisa: 51% dos nossos clientes Profissionais realizaram transa\u00e7\u00f5es mesmo durante o confinamento"},"content":{"rendered":"<p class=\"css-8qfla4\">\n<p class=\"css-m5h6m0 edperro0\">\n<h1><strong>51% dos nossos clientes Profissionais realizaram transa\u00e7\u00f5es mesmo durante o confinamento<\/strong><\/h1>\n<p>Esta foi uma das conclus\u00f5es&nbsp; de uma pesquisa feita com cerca de 3000 clientes Profissionais para saber como tem sido a sua experi\u00eancia com o mercado imobili\u00e1rio durante o COVID.&nbsp;<\/p>\n<p>O question\u00e1rio era constitu\u00eddo por 25 perguntas e contou com 476 respostas completas e foi enviado no final de Abril. 31% dos participantes pertenciam \u00e0 regi\u00e3o de Lisboa, 18% \u00e0 regi\u00e3o do Porto e 13% da regi\u00e3o de Set\u00fabal.<\/p>\n<p><strong><em>A grande maioria fez poucas transa\u00e7\u00f5es (42%), 8% manteve e apenas 1% declara ter aumentado.<\/em><\/strong><\/p>\n<p>Mais de metade n\u00e3o recorreu a medidas de apoio (62%). No entanto, dos restante que recorreram a essas medidas 60% optou pela pol\u00edtica de lay-off, seguida da morat\u00f3ria de pagamento de cr\u00e9dito (26%).<\/p>\n<p>Verificou-me uma diminui\u00e7\u00e3o significativa de clientes interessados em comprar casa ou em vender a sua casa, ambos na ordem dos 60%. Desta forma, 34% dos inquiridos conclu\u00edram que os seus neg\u00f3cios fossem reduzir mais de 25% nos pr\u00f3ximos tr\u00eas meses.<\/p>\n<p>Quanto aos pre\u00e7os, 60% dos nossos clientes profissionais consideram que os pre\u00e7os ir\u00e3o diminuir nos pr\u00f3ximos tr\u00eas meses, 35% acha que os mesmos se v\u00e3o manter e cerca de 2% considera que os pre\u00e7os v\u00e3o aumentar.&nbsp;<\/p>\n<p>Entre arrendamento (curta e longa dura\u00e7\u00e3o) , venda e constru\u00e7\u00e3o, os nossos clientes Profissionais consideram que o mercado de arrendamento de longa dura\u00e7\u00e3o ir\u00e1 aumentar (43%). Por outro lado, o arrendamento curta dura\u00e7\u00e3o ir\u00e1 diminuir (72%). Relativamente \u00e0 venda, 51% dos inquiridos acredita que vai haver uma redu\u00e7\u00e3o e 40 % que ir\u00e1 se manter. Na constru\u00e7\u00e3o \u00e9 mais equilibrado: 46% prev\u00ea que v\u00e3o reduzir e outros 46% que ir\u00e1 se manter.<\/p>\n<\/p>\n<h3><strong>Saiba mais<\/strong><\/h3>\n<ul>\n<li>Homens ou Mulheres: quem paga menos no&nbsp;<a href=\"https:\/\/www.imovirtual.com\/noticias\/imoblog\/homens-ou-mulheres-quem-paga-menos-no-credito-habitacao\" target=\"_blank\" rel=\"noopener\"><strong>cr\u00e9dito habita\u00e7\u00e3o<\/strong><\/a>?<\/li>\n<li><a href=\"https:\/\/www.imovirtual.com\/noticias\/noticias\/mulheres-no-imobiliario-as-historias-os-desafios\" target=\"_blank\" rel=\"noopener\"><strong>Mulheres no Imobili\u00e1rio<\/strong><\/a>: as hist\u00f3rias, os desafios, o sucesso<\/li>\n<li>Rede sitio ir\u00e1 abrir mais tr\u00eas&nbsp;<a href=\"https:\/\/www.imovirtual.com\/noticias\/imobiliario\/rede-sitio-ira-abrir-mais-tres-espacos-cowork-em-portugal\" target=\"_blank\" rel=\"noopener\"><strong>espa\u00e7os cowork em Portugal<\/strong><\/a><\/li>\n<\/ul>\n<\/p>\n<div class=\"css-h5fkc8\"><strong>Ultima actualiza\u00e7\u00e3o:<\/strong> 21 outubro 2021<\/div>\n","protected":false},"excerpt":{"rendered":"<p>51% dos nossos clientes Profissionais realizaram transa\u00e7\u00f5es mesmo durante o confinamento Esta foi uma das conclus\u00f5es&nbsp; de uma pesquisa feita com cerca de 3000 clientes Profissionais para saber como tem sido a sua experi\u00eancia com o mercado imobili\u00e1rio durante o COVID.&nbsp; O question\u00e1rio era constitu\u00eddo por 25 perguntas e contou com 476 respostas completas e &hellip;<\/p>\n","protected":false},"author":3,"featured_media":2113,"comment_status":"closed","ping_status":"open","sticky":false,"template":"","format":"standard","meta":{"footnotes":""},"categories":[2],"tags":[],"class_list":["post-2112","post","type-post","status-publish","format-standard","has-post-thumbnail","hentry","category-relatorio-de-precos"],"_links":{"self":[{"href":"https:\/\/www.imovirtual.com\/noticias\/wp-json\/wp\/v2\/posts\/2112","targetHints":{"allow":["GET"]}}],"collection":[{"href":"https:\/\/www.imovirtual.com\/noticias\/wp-json\/wp\/v2\/posts"}],"about":[{"href":"https:\/\/www.imovirtual.com\/noticias\/wp-json\/wp\/v2\/types\/post"}],"author":[{"embeddable":true,"href":"https:\/\/www.imovirtual.com\/noticias\/wp-json\/wp\/v2\/users\/3"}],"replies":[{"embeddable":true,"href":"https:\/\/www.imovirtual.com\/noticias\/wp-json\/wp\/v2\/comments?post=2112"}],"version-history":[{"count":0,"href":"https:\/\/www.imovirtual.com\/noticias\/wp-json\/wp\/v2\/posts\/2112\/revisions"}],"wp:featuredmedia":[{"embeddable":true,"href":"https:\/\/www.imovirtual.com\/noticias\/wp-json\/wp\/v2\/media\/2113"}],"wp:attachment":[{"href":"https:\/\/www.imovirtual.com\/noticias\/wp-json\/wp\/v2\/media?parent=2112"}],"wp:term":[{"taxonomy":"category","embeddable":true,"href":"https:\/\/www.imovirtual.com\/noticias\/wp-json\/wp\/v2\/categories?post=2112"},{"taxonomy":"post_tag","embeddable":true,"href":"https:\/\/www.imovirtual.com\/noticias\/wp-json\/wp\/v2\/tags?post=2112"}],"curies":[{"name":"wp","href":"https:\/\/api.w.org\/{rel}","templated":true}]}}