{"id":2107,"date":"2020-04-28T00:00:00","date_gmt":"2020-04-28T00:00:00","guid":{"rendered":"https:\/\/www.imovirtual.com\/noticias2\/2020\/04\/28\/lisboa-sao-domingos-de-benfica-id210\/"},"modified":"2020-04-28T00:00:00","modified_gmt":"2020-04-28T00:00:00","slug":"lisboa-sao-domingos-de-benfica-id210","status":"publish","type":"post","link":"https:\/\/www.imovirtual.com\/noticias\/relatorio-de-precos\/lisboa-sao-domingos-de-benfica-id210\/","title":{"rendered":"Lisboa: S\u00e3o Domingos de Benfica"},"content":{"rendered":"<p class=\"css-8qfla4\">\n<p class=\"css-m5h6m0 edperro0\">\n<h1><strong>O que tem S\u00e3o Domingos para oferecer?<\/strong><\/h1>\n<p>Uma freguesia criada em 1959, S\u00e3o Domingos de Benfica \u00e9 freguesia portuguesa do concelho de Lisboa, pertencente \u00e0 zona Norte da capital. Esta freguesia lisboeta \u00e9 constitu\u00edda por v\u00e1rios pontos tur\u00edsticos e monumentos. \u00c9 muito procurada por muitos estudantes, fam\u00edlias e casais, e curiosamente conseguiu preservar muitas das suas caracter\u00edsticas, como por exemplo, o com\u00e9rcio tradicional.<\/p>\n<p>&nbsp;<\/p>\n<h2><strong>Patrim\u00f3nio<\/strong><\/h2>\n<p>Conhecida pela sua arquitetura t\u00edpica e edif\u00edcios antigos, esta freguesia tem bastantes pontos de interesse:<\/p>\n<ul>\n<li>Quinta Nova da Concei\u00e7\u00e3o, adaptada a Casa Turismo de Habita\u00e7\u00e3o, no cora\u00e7\u00e3o da freguesia;<\/li>\n<li>Pal\u00e1cio dos Marqueses de Fronteira, um dos mais not\u00e1veis pal\u00e1cios renascentistas de Portugal;<\/li>\n<li>Capela dos Castros, classificada como monumento nacional;<\/li>\n<li>Aqueduto das \u00c1guas Livres, classificado como monumento nacional;<\/li>\n<li>Bairro Grandella, um bairro oper\u00e1rio da primeira d\u00e9cada do s\u00e9culo XX, sendo um im\u00f3vel de Interesse P\u00fablico.<\/li>\n<\/ul>\n<p>&nbsp;<\/p>\n<h2><strong>Transportes<\/strong><\/h2>\n<p>A freguesia de S\u00e3o Domingos de Benfica \u00e9 servida de&nbsp; autocarros, esta\u00e7\u00e3o ferrovi\u00e1ria&nbsp;e o metropolitano de Lisboa.<\/p>\n<p>&nbsp;<\/p>\n<h2><strong>Educa\u00e7\u00e3o<\/strong><\/h2>\n<p>A freguesia de S\u00e3o Domingos de Benfica tem a n\u00edvel de Educa\u00e7\u00e3o:&nbsp;Pr\u00e9-escolar,&nbsp;Ensino B\u00e1sico&nbsp;(1\u00ba Ciclo, 2\u00ba Ciclo e 3\u00ba Ciclo), Ensino&nbsp;Secund\u00e1rio e&nbsp;Profissional, e&nbsp;Ensino Superior.<\/p>\n<p>&nbsp;<\/p>\n<h2><strong>Sa\u00fade e Com\u00e9rcio<\/strong><\/h2>\n<p>A n\u00edvel de sa\u00fade, S\u00e3o Domingos de Benfica conta com v\u00e1rias unidades hospitalares na freguesia, como por exemplo, o Hospital dos Lus\u00edadas e o Hospital da Cruz Vermelha.<\/p>\n<p>A n\u00edvel de com\u00e9rcio, S\u00e3o Domingos de Benfica tem uma atividade diversificada. A maioria dos seus estabelecimentos s\u00e3o pequenas lojas e de variados ramos.<\/p>\n<p>&nbsp;<\/p>\n<h2><strong>Lazer e Eventos locais<\/strong><\/h2>\n<p>S\u00e3o v\u00e1rios os espa\u00e7os de lazer que tornam S\u00e3o Domingos de Benfica num excelente bairro para come\u00e7ar uma fam\u00edlia. Destacamos os seguintes:<\/p>\n<ul>\n<li><strong>Jardim Zool\u00f3gico de Lisboa<\/strong><\/li>\n<\/ul>\n<p>Criado em 1884, o ZOO de Lisboa possui cerca de 2.000 animais de 332 esp\u00e9cies diferentes. Tem v\u00e1rias atra\u00e7\u00f5es, nomeadamente, o telef\u00e9rico que d\u00e1 uma volta completa ao parque e a Ba\u00eda dos Golfinhos, que abriga quatro golfinhos em tr\u00eas piscinas com seis metros de profundidade e 36m de di\u00e2metro. Este Jardim Zool\u00f3gico recebe, em m\u00e9dia, 1 milh\u00e3o de visitantes por ano.<\/p>\n<ul>\n<li><strong>Jardim do Beau S\u00e9jou<\/strong><\/li>\n<\/ul>\n<p>Este \u00e9 um belo exemplar de um jardim rom\u00e2ntico que se localiza no Pal\u00e1cio de Beau-S\u00e9jour. Deixe-se perder por esta preciosidade natural em plena cidade de Lisboa.<\/p>\n<ul>\n<li><strong>Mata de S\u00e3o Domingos de Benfica<\/strong><\/li>\n<\/ul>\n<p>Esta mata possui uma \u00e1rea de cerca de 10 hectares com v\u00e1rias esp\u00e9cies de \u00e1rvores. Tem v\u00e1rias instala\u00e7\u00f5es para os visitantes, como por exemplo, o parque infantil e a torre de escalada para os mais pequenos se divertirem com amigos e familiares.<\/p>\n<ul>\n<li><strong>Parque Recreativo do Calhau<\/strong><\/li>\n<\/ul>\n<p>Localizado junto ao Bairro do Calhau, este parque \u00e9 um espa\u00e7o verde e amplo, com zonas de merendas, campos de jogos e o miradouro do Moinho das Tr\u00eas Cruzes.<\/p>\n<ul>\n<li><strong>Parque Bensa\u00fade<\/strong><\/li>\n<\/ul>\n<p>O Parque Bensa\u00fade \u00e9 um parque com uma \u00e1rea verde de 3,5 hectares que hospeda o maior sobreiro de Lisboa.<\/p>\n<p>No que diz respeito aos eventos locais, a Junta de Freguesia de S\u00e3o Domingos de Benfica organiza, ao longo do ano, v\u00e1rias atividades educativas e l\u00fadicas para toda a fam\u00edlia.<\/p>\n<p>Durante as festas populares lisboetas, esta freguesia organiza o tradicional arraial de S\u00e3o Domingos de Benfica, a maior festa da freguesia \u2013 repleta de anima\u00e7\u00e3o, m\u00fasica, gastronomia t\u00edpica e atividades culturais.<\/p>\n<p>Para mais informa\u00e7\u00f5es&nbsp;sobre eventos aceda a:&nbsp;<a href=\"https:\/\/www.facebook.com\/pg\/jfsaodomingosbenfica\/events\/\" target=\"_blank\" rel=\"noopener\">https:\/\/www.facebook.com\/pg\/jfsaodomingosbenfica\/events\/<\/a><\/p>\n<p>&nbsp;<\/p>\n<h2><strong>S\u00e3o Domingos de Benfica em n\u00fameros<\/strong><\/h2>\n<p>S\u00e3o Domingos de Benfica \u00e9 uma freguesia portuguesa do concelho de Lisboa, que pertence \u00e0 Zona Norte da cidade. Tem uma \u00e1rea de 4,29 km2 e mais de 33 mil habitantes (censos de 2011).<\/p>\n<p>Segundo a aplica\u00e7\u00e3o GeoHab, do INE \u2013 Instituto Nacional de Estat\u00edstica,&nbsp;<strong>o valor m\u00e9dio de vendas de im\u00f3veis em S\u00e3o Domingos de Benfica ronda os 3286 por m2.<\/strong><\/p>\n<p>O Imovirtual desenvolveu recentemente um estudo sobre as freguesias de Portugal. Este estudo foi realizado junto dos residentes desta freguesia, onde avaliaram v\u00e1rias categorias, como a seguran\u00e7a, limpeza, estacionamento, espa\u00e7os de lazer e outros de S\u00e3o Domingos de Benfica. Conhe\u00e7a os resultados:<\/p>\n<ul>\n<li><strong>Seguran\u00e7a:<\/strong>&nbsp;4.14<\/li>\n<li><strong>Limpeza:<\/strong>&nbsp;3.60<\/li>\n<li><strong>Qualidade do ar:<\/strong>&nbsp;3.60<\/li>\n<li><strong>Sil\u00eancio:&nbsp;<\/strong>3.33<\/li>\n<li><strong>Transportes P\u00fablicos:&nbsp;<\/strong>4.29<\/li>\n<li><strong>Lojas e Restaurantes:&nbsp;<\/strong>3.98<\/li>\n<li><strong>Espa\u00e7os de Lazer:&nbsp;<\/strong>3.72<\/li>\n<li><strong>Estabelecimentos de ensino:&nbsp;<\/strong>4.19<\/li>\n<li><strong>Espa\u00e7os de sa\u00fade:&nbsp;<\/strong>4.35<\/li>\n<li><strong>Custo de vida em geral:&nbsp;<\/strong>3.46<\/li>\n<li><strong>Acessos:&nbsp;<\/strong>4.51<\/li>\n<li><strong>Estacionamento:&nbsp;<\/strong>3.40<\/li>\n<li><strong>Avalia\u00e7\u00e3o Global:<\/strong>&nbsp;3.99<\/li>\n<\/ul>\n<p>&nbsp;<\/p>\n<p><strong>Se est\u00e1 a pensar em comprar ou arrendar casa em S\u00e3o Domingos de Benfica, n\u00e3o se esque\u00e7a de consultar todas as ofertas dispon\u00edveis no nosso site.<\/strong><\/p>\n<\/p>\n<p class=\" block-img\"><img decoding=\"async\" src=\"https:\/\/www.imovirtual.com\/noticias\/wp-content\/uploads\/2022\/11\/3c23b667-0a08-4ca1-abcb-74566be5c538_Copia-de-Banners-Autores-2.png\" alt=\"Alexandre Lu\u00eds Autor Imovirtual\"><\/p>\n<p>.<em>Tamb\u00e9m conhecido como &#8216;O Consultor&#8217;. Pode encontr\u00e1-lo a consultar o \u00faltimo estudo de mercado. N\u00e3o tem talento para vender, mas sabe tudo sobre Imobili\u00e1rio. Fala sobre quest\u00f5es relacionadas com o tema no Blog do Imovirtual.<\/em><\/p>\n<\/p>\n<h4><strong>Leia tamb\u00e9m<\/strong><\/h4>\n<ul>\n<li>Lisboa:&nbsp;<a href=\"https:\/\/www.imovirtual.com\/noticias\/imoblog\/lisboa-santa-maria-maior-freguesia-de-tradicoes-id101.html\" target=\"_blank\" rel=\"noopener\"><strong>Santa Maria Maior&nbsp;<\/strong><\/a>uma freguesia de Tradi\u00e7\u00f5es<\/li>\n<li><a href=\"https:\/\/www.imovirtual.com\/noticias\/imobiliario\/casas-em-lisboa-comprar-moradia-ou-apartamento\" target=\"_blank\" rel=\"noopener\"><strong>Casas em Lisboa<\/strong><\/a>&nbsp;\u2013 Onde Comprar Moradia ou Apartamento?<\/li>\n<li>Lisboa:&nbsp;<a href=\"https:\/\/www.imovirtual.com\/noticias\/imoblog\/lisboa-alvalade-id89.html\" target=\"_blank\" rel=\"noopener\"><strong>Alvalade<\/strong><\/a><\/li>\n<\/ul>\n<\/p>\n<div class=\"css-h5fkc8\"><strong>Ultima actualiza\u00e7\u00e3o:<\/strong> 25 outubro 2021<\/div>\n","protected":false},"excerpt":{"rendered":"<p>O que tem S\u00e3o Domingos para oferecer? Uma freguesia criada em 1959, S\u00e3o Domingos de Benfica \u00e9 freguesia portuguesa do concelho de Lisboa, pertencente \u00e0 zona Norte da capital. Esta freguesia lisboeta \u00e9 constitu\u00edda por v\u00e1rios pontos tur\u00edsticos e monumentos. \u00c9 muito procurada por muitos estudantes, fam\u00edlias e casais, e curiosamente conseguiu preservar muitas das &hellip;<\/p>\n","protected":false},"author":3,"featured_media":2108,"comment_status":"closed","ping_status":"open","sticky":false,"template":"","format":"standard","meta":{"footnotes":""},"categories":[2],"tags":[],"class_list":["post-2107","post","type-post","status-publish","format-standard","has-post-thumbnail","hentry","category-relatorio-de-precos"],"_links":{"self":[{"href":"https:\/\/www.imovirtual.com\/noticias\/wp-json\/wp\/v2\/posts\/2107","targetHints":{"allow":["GET"]}}],"collection":[{"href":"https:\/\/www.imovirtual.com\/noticias\/wp-json\/wp\/v2\/posts"}],"about":[{"href":"https:\/\/www.imovirtual.com\/noticias\/wp-json\/wp\/v2\/types\/post"}],"author":[{"embeddable":true,"href":"https:\/\/www.imovirtual.com\/noticias\/wp-json\/wp\/v2\/users\/3"}],"replies":[{"embeddable":true,"href":"https:\/\/www.imovirtual.com\/noticias\/wp-json\/wp\/v2\/comments?post=2107"}],"version-history":[{"count":0,"href":"https:\/\/www.imovirtual.com\/noticias\/wp-json\/wp\/v2\/posts\/2107\/revisions"}],"wp:featuredmedia":[{"embeddable":true,"href":"https:\/\/www.imovirtual.com\/noticias\/wp-json\/wp\/v2\/media\/2108"}],"wp:attachment":[{"href":"https:\/\/www.imovirtual.com\/noticias\/wp-json\/wp\/v2\/media?parent=2107"}],"wp:term":[{"taxonomy":"category","embeddable":true,"href":"https:\/\/www.imovirtual.com\/noticias\/wp-json\/wp\/v2\/categories?post=2107"},{"taxonomy":"post_tag","embeddable":true,"href":"https:\/\/www.imovirtual.com\/noticias\/wp-json\/wp\/v2\/tags?post=2107"}],"curies":[{"name":"wp","href":"https:\/\/api.w.org\/{rel}","templated":true}]}}