{"id":2105,"date":"2020-04-28T00:00:00","date_gmt":"2020-04-28T00:00:00","guid":{"rendered":"https:\/\/www.imovirtual.com\/noticias2\/2020\/04\/28\/porto-ramalde-id204\/"},"modified":"2020-04-28T00:00:00","modified_gmt":"2020-04-28T00:00:00","slug":"porto-ramalde-id204","status":"publish","type":"post","link":"https:\/\/www.imovirtual.com\/noticias\/relatorio-de-precos\/porto-ramalde-id204\/","title":{"rendered":"Porto: Ramalde"},"content":{"rendered":"<p class=\"css-8qfla4\">\n<p class=\"css-m5h6m0 edperro0\">\n<h1><strong>Viver em Porto, Ramalde<\/strong><\/h1>\n<p>A freguesia de Ramalde ocupa 5,68 km2 do concelho do Porto,&nbsp;<a href=\"http:\/\/www.jf-ramalde.pt\/p1654-mapa-de-ramalde-pt\" target=\"_blank\" rel=\"noopener\">na zona ocidental da cidade<\/a>, e \u00e9 habitada por mais de 45000 pessoas (segundo os Censos de 2011).<\/p>\n<p>Uma das maiores freguesias do Porto \u00e9 tamb\u00e9m um grande polo industrial da Invicta, abrangendo \u00e1reas muito valorizadas do Est\u00e1dio do Bessa \u00e0 Avenida da Boavista. Aqui, o pre\u00e7o m\u00e9dio por metro quadrado&nbsp;<a href=\"https:\/\/www.imovirtual.com\/comprar\/apartamento\/ramalde-porto\/?search%5Bdescription%5D=1&amp;search%5Border%5D=filter_float_price%3Aasc&amp;search%5Bcity_id%5D=13643787&amp;search%5Bsubregion_id%5D=190\" target=\"_blank\" rel=\"noopener\">para um T1<\/a>, ultrapassa os 2500\u20ac.<\/p>\n<\/p>\n<h2><strong>Como \u00e9 viver em Ramalde?<\/strong><\/h2>\n<p>No&nbsp;<strong>Estudo Ideal Neighborhood (abril 2018)<\/strong>, levado a cabo pelo Imovirtual, conta a avalia\u00e7\u00e3o (de 1 a 5) dada pelos habitantes de cada freguesia, em diferentes categorias.<\/p>\n<p>Ramalde, entra no quadro comparativo das freguesias do distrito do Porto com os seguintes resultados:<\/p>\n<ul>\n<li>Seguran\u00e7a: 3,74<\/li>\n<li>Limpeza: 3,58<\/li>\n<li>Qualidade do ar: 3,46<\/li>\n<li>Sil\u00eancio: 3,48<\/li>\n<li>Transportes p\u00fablicos: 4,18<\/li>\n<li>Lojas e restaurantes: 4,08<\/li>\n<li>Espa\u00e7os de lazer: 3,50<\/li>\n<li>Estabelecimentos: 3,93<\/li>\n<li>Espa\u00e7os de sa\u00fade: 3,79<\/li>\n<li>Custo de vida: 3,69<\/li>\n<li>Acessos: 4,37<\/li>\n<li>Estacionamento: 3,73<\/li>\n<\/ul>\n<p>Podemos verificar que&nbsp;<strong>os habitantes de Ramalde est\u00e3o sobretudo satisfeitos<\/strong>&nbsp;com os acessos, os transportes p\u00fablicos e as lojas e restaurantes existentes na zona.<\/p>\n<p>De facto, a freguesia est\u00e1 bem servida no que diz respeito&nbsp;<strong>a transportes<\/strong>, desde o servi\u00e7o de autocarros ao servi\u00e7o de metro, com as esta\u00e7\u00f5es de Ramalde, Francos e Viso.<\/p>\n<p><a href=\"http:\/\/www.jf-ramalde.pt\/files\/EDUCA%C3%87%C3%83O2.pdf\"><strong>No que toca a escolas<\/strong><\/a>, pode encontrar v\u00e1rias, para todos os n\u00edveis de ensino, desde a Escola Infantil \u201cA Flor\u201d, o Jardim de Inf\u00e2ncia do Viso\/ASAS de Ramalde, a Escola eB1 Jo\u00e3o de Deus, a Escola Secund\u00e1ria Fontes Pereira de Melo, (\u2026) at\u00e9 ao&nbsp;<a href=\"https:\/\/www.ipam.pt\/lisboa?ads_adid=77207036352&amp;ads_cmpid=2085366905&amp;ads_creative=379592905819&amp;ads_matchtype=b&amp;ads_network=g&amp;ads_targetid=kwd-317454837104&amp;ttv=2&amp;utm_campaign=&amp;utm_medium=ppc&amp;utm_source=adwords&amp;utm_term=%2Bipam&amp;gclid=EAIaIQobChMIgprrh4Kx6AIVisreCh1LqwVaEAAYASAAEgKppPD_BwE\">IPAM (Instituto Portugu\u00eas de Administra\u00e7\u00e3o de Marketing)&nbsp;<\/a>uma institui\u00e7\u00e3o de Ensino Superior.<\/p>\n<p>Ainda ao n\u00edvel da&nbsp;<strong>Educa\u00e7\u00e3o<\/strong>&nbsp;mas tamb\u00e9m a n\u00edvel&nbsp;<strong>Social<\/strong>, a junta de freguesia disponibiliza uma s\u00e9rie de servi\u00e7os de interesse publico como o&nbsp;<a href=\"http:\/\/www.jf-ramalde.pt\/p98-gabinete-de-desporto-educacao-e-juventude-pt\" target=\"_blank\" rel=\"noopener\">Gabinete de Desporto, Educa\u00e7\u00e3o e Juventude<\/a>,&nbsp; atividades de ocupa\u00e7\u00e3o tempos livres&nbsp;<a href=\"http:\/\/www.jf-ramalde.pt\/p100-ocupacao-tempos-livres-jovens-otlj-pt\" target=\"_blank\" rel=\"noopener\">jovens&nbsp;<\/a>e&nbsp;<a href=\"http:\/\/carekuidados.pt\/apoio-domicili%C3%A1rio-idosos\" target=\"_blank\" rel=\"noopener\">apoio domicili\u00e1rio a idosos no Porto<\/a>.<\/p>\n<p><a href=\"http:\/\/www.jf-ramalde.pt\/files\/EQ%20SOCIAIS.pdf\" target=\"_blank\" rel=\"noopener\">Consulte aqui informa\u00e7\u00f5es sobre equipamentos e respostas sociais<\/a>, desde creches a centros de dia, passando por servi\u00e7os de apoio domicili\u00e1rio a idosos, lares da terceira idade, entre outros, disponibilizadas. no site da junta de freguesia.<\/p>\n<p>J\u00e1 ao&nbsp;<strong>n\u00edvel da Cultura<\/strong>, \u00e9 preciso dar destaque ao&nbsp;<a href=\"https:\/\/www.museudafarmacia.pt\/\" target=\"_blank\" rel=\"noopener\">Museu da Farm\u00e1cia<\/a>&nbsp;e \u00e0&nbsp;<a href=\"http:\/\/www.culturanorte.pt\/pt\/patrimonio\/casa-de-ramalde\/\" target=\"_blank\" rel=\"noopener\">Casa Ramalde<\/a>, sendo que a junta de freguesia promove, tamb\u00e9m, \u201ca\u00e7\u00f5es culturais tais como Encontros, o Grupo Coral Infantil e Juvenil de Ramalde e o Grupo Coral S\u00e9nior de Ramalde;\u201d<\/p>\n<p><strong>Na sa\u00fade<\/strong>, a classifica\u00e7\u00e3o foi de 3.79, demonstrando alguma satisfa\u00e7\u00e3o, sendo que existem&nbsp;<a href=\"http:\/\/www.jf-ramalde.pt\/files\/saude.pdf\" target=\"_blank\" rel=\"noopener\">diferentes estabelecimentos<\/a>&nbsp;de sa\u00fade, como \u00e9 exemplo a Unidade de Cuidados na Comunidade Cuidar, a Unidade de Sa\u00fade Familiar Espa\u00e7o Sa\u00fade ou a Unidade de Sa\u00fade de Ramalde &#8211; S. Salvador ( entre outros).<\/p>\n<p><strong>Com uma avalia\u00e7\u00e3o mais baixa aparecem as categorias<\/strong>: qualidade do ar, sil\u00eancio e espa\u00e7os de lazer.<\/p>\n<p><strong>A avalia\u00e7\u00e3o global de Ramalde \u00e9 de 3,76 estrelas, ficando classificada em pen\u00faltimo lugar entre as sete freguesias do concelho, ultrapassando apenas Campanh\u00e3.<\/strong><\/p>\n<p class=\" block-img\"><img decoding=\"async\" src=\"https:\/\/www.imovirtual.com\/noticias\/wp-content\/uploads\/2022\/11\/3c23b667-0a08-4ca1-abcb-74566be5c538_Copia-de-Banners-Autores-2.png\" alt=\"Alexandre Lu\u00eds Autor Imovirtual\"><\/p>\n<h5><em>Tamb\u00e9m conhecido como &#8216;O Consultor&#8217;. Pode encontr\u00e1-lo a consultar o \u00faltimo estudo de mercado. N\u00e3o tem talento para vender, mas sabe tudo sobre Imobili\u00e1rio. Fala sobre quest\u00f5es relacionadas com o tema no Blog do Imovirtual.<\/em><\/h5>\n<\/p>\n<h4><strong>Leia tamb\u00e9m<\/strong><\/h4>\n<ul>\n<li>Novos empreendimentos em&nbsp;<a href=\"https:\/\/www.imovirtual.com\/noticias\/imobiliario\/empreendimentos-cedofeita\" target=\"_blank\" rel=\"noopener\"><strong>Cedofeita<\/strong><\/a><\/li>\n<li>Vantagens de comprar uma casa num&nbsp;<a href=\"https:\/\/www.imovirtual.com\/noticias\/imobiliario\/comprar-casa-condominio-privado\" target=\"_blank\" rel=\"noopener\"><strong>condom\u00ednio privado<\/strong><\/a><\/li>\n<li><a href=\"https:\/\/www.imovirtual.com\/noticias\/imobiliario\/obras-unir-apartamentos\" target=\"_blank\" rel=\"noopener\"><strong>Obras para unir dois apartamentos<\/strong><\/a>: \u00e9 poss\u00edvel?<\/li>\n<\/ul>\n<\/p>\n<div class=\"css-h5fkc8\"><strong>Ultima actualiza\u00e7\u00e3o:<\/strong> 25 outubro 2021<\/div>\n","protected":false},"excerpt":{"rendered":"<p>Viver em Porto, Ramalde A freguesia de Ramalde ocupa 5,68 km2 do concelho do Porto,&nbsp;na zona ocidental da cidade, e \u00e9 habitada por mais de 45000 pessoas (segundo os Censos de 2011). Uma das maiores freguesias do Porto \u00e9 tamb\u00e9m um grande polo industrial da Invicta, abrangendo \u00e1reas muito valorizadas do Est\u00e1dio do Bessa \u00e0 &hellip;<\/p>\n","protected":false},"author":3,"featured_media":2106,"comment_status":"closed","ping_status":"open","sticky":false,"template":"","format":"standard","meta":{"footnotes":""},"categories":[2],"tags":[],"class_list":["post-2105","post","type-post","status-publish","format-standard","has-post-thumbnail","hentry","category-relatorio-de-precos"],"_links":{"self":[{"href":"https:\/\/www.imovirtual.com\/noticias\/wp-json\/wp\/v2\/posts\/2105","targetHints":{"allow":["GET"]}}],"collection":[{"href":"https:\/\/www.imovirtual.com\/noticias\/wp-json\/wp\/v2\/posts"}],"about":[{"href":"https:\/\/www.imovirtual.com\/noticias\/wp-json\/wp\/v2\/types\/post"}],"author":[{"embeddable":true,"href":"https:\/\/www.imovirtual.com\/noticias\/wp-json\/wp\/v2\/users\/3"}],"replies":[{"embeddable":true,"href":"https:\/\/www.imovirtual.com\/noticias\/wp-json\/wp\/v2\/comments?post=2105"}],"version-history":[{"count":0,"href":"https:\/\/www.imovirtual.com\/noticias\/wp-json\/wp\/v2\/posts\/2105\/revisions"}],"wp:featuredmedia":[{"embeddable":true,"href":"https:\/\/www.imovirtual.com\/noticias\/wp-json\/wp\/v2\/media\/2106"}],"wp:attachment":[{"href":"https:\/\/www.imovirtual.com\/noticias\/wp-json\/wp\/v2\/media?parent=2105"}],"wp:term":[{"taxonomy":"category","embeddable":true,"href":"https:\/\/www.imovirtual.com\/noticias\/wp-json\/wp\/v2\/categories?post=2105"},{"taxonomy":"post_tag","embeddable":true,"href":"https:\/\/www.imovirtual.com\/noticias\/wp-json\/wp\/v2\/tags?post=2105"}],"curies":[{"name":"wp","href":"https:\/\/api.w.org\/{rel}","templated":true}]}}