{"id":2103,"date":"2021-05-15T00:00:00","date_gmt":"2021-05-15T00:00:00","guid":{"rendered":"https:\/\/www.imovirtual.com\/noticias2\/2021\/05\/15\/um-duplex-para-toda-a-familia\/"},"modified":"2024-08-28T10:29:56","modified_gmt":"2024-08-28T10:29:56","slug":"um-duplex-para-toda-a-familia","status":"publish","type":"post","link":"https:\/\/www.imovirtual.com\/noticias\/imobiliario\/um-duplex-para-toda-a-familia\/","title":{"rendered":"Um duplex para toda a fam\u00edlia"},"content":{"rendered":"<p class=\"css-8qfla4\">\n<p class=\"css-m5h6m0 edperro0\">\n<h1><strong>Um duplex para toda a fam\u00edlia<\/strong><\/h1>\n<p>A pandemia veio mudar a forma como as pessoas v\u00eam as suas casas, como ali\u00e1s a <a href=\"https:\/\/www.nossacasanossomundo.com\/\" target=\"_blank\" rel=\"noopener\">campanha Nossa Casa Nosso Mundo<\/a> do Imovirtual tem vindo a provar. Mas j\u00e1 antes disso, em janeiro deste ano, <a href=\"https:\/\/www.dinheirovivo.pt\/geral\/58-dos-portugueses-admite-mudar-de-casa-e-ficar-longe-do-trabalho-para-ter-mais-conforto-13204933.html\" target=\"_blank\" rel=\"noopener\">o IKEA tinha lan\u00e7ado um estudo<\/a> em que 58% dos portugueses revelava considerar uma mudan\u00e7a de casa, mesmo que isso implicasse viver mais longe do trabalho, desde que existisse uma melhoria do ambiente e conforto dom\u00e9stico. <\/p>\n<p>Uma das formas de conseguir aumentar o espa\u00e7o em casa \u00e9 apostando num <a href=\"https:\/\/www.imovirtual.com\/comprar\/apartamento\/q-duplex\/?search%5Bdescription%5D=1\" target=\"_blank\" rel=\"noopener\">Duplex<\/a>. O Portal de Refer\u00eancia Imobili\u00e1ria disp\u00f5e de v\u00e1rias op\u00e7\u00f5es no que toca a esta <a href=\"https:\/\/www.imovirtual.com\/en\/noticias\/imobiliario\/guia-para-tipologia-moradias-apartamentos\" target=\"_blank\" rel=\"noopener\">tipologia<\/a>, que nada mais \u00e9 do que uma habita\u00e7\u00e3o dividida em dois pisos separados por uma escadaria. \u00c9 muito comum em apartamentos e hoje mostramos-lhe 8 op\u00e7\u00f5es de im\u00f3veis \u00e0 venda no <a href=\"https:\/\/www.imovirtual.com\/\" target=\"_blank\" rel=\"noopener\">Imovirtual<\/a> nos distritos de Porto, Coimbra, Leiria e Lisboa que preenchem este requisito e lhe v\u00e3o proporcionar, com toda a certeza, o espa\u00e7o que necessita para desenvolver as suas atividades em casa ou simplesmente aumentar o conforto da sua fam\u00edlia. <\/p>\n<\/p>\n<h2><strong><a href=\"https:\/\/www.imovirtual.com\/pt\/anuncio\/apartamento-t3-duplex-na-baixa-do-porto-ID15XEx.html#43c1cae292\" target=\"_blank\" rel=\"noopener\">Duplex T3<\/a> na Baixa do Porto<\/strong><\/h2>\n<p>405 000 \u20ac<\/p>\n<p class=\" block-img\"><img decoding=\"async\" src=\"https:\/\/www.imovirtual.com\/noticias\/wp-content\/uploads\/2022\/11\/7fa39fea-5ecf-470b-ae5b-fa1155de0d97_e3d399f9-75c1-4857-853e-af7af27a1a65_DuplexAldoarCedofeita.jpg\" alt=\"duplex t3 baixa do porto\"><\/p>\n<\/p>\n<h2><strong><a href=\"https:\/\/www.imovirtual.com\/pt\/anuncio\/t2-duplex-novo-em-localizacao-de-excelencia-na-foz-com-vistas-de-m-ID15XFV.html#14656eef35\" target=\"_blank\" rel=\"noopener\">Duplex T2<\/a> na Foz do Douro, Porto<\/strong><\/h2>\n<p>425 000 \u20ac<\/p>\n<p class=\" block-img\"><img decoding=\"async\" src=\"https:\/\/www.imovirtual.com\/noticias\/wp-content\/uploads\/2022\/11\/74d94a71-52c6-46ac-9c1a-ab9791949bc5_13bd45bd-6ea0-4bba-a174-aeb6257b4843_DuplexAldoarFozdoDouro.jpg\" alt=\"duplez t2 foz do porto\"><\/p>\n<\/p>\n<h2><strong><a href=\"https:\/\/www.imovirtual.com\/pt\/anuncio\/apartamento-t1-1-duplex-via-central-coimbra-ID1534z.html#3e18675bc0\" target=\"_blank\" rel=\"noopener\">Duplex T1+1<\/a> em Coimbra<\/strong><\/h2>\n<p>195 000 \u20ac<\/p>\n<p class=\" block-img\"><img decoding=\"async\" src=\"https:\/\/www.imovirtual.com\/noticias\/wp-content\/uploads\/2022\/11\/3059501f-0886-4e40-bbb7-6b7012cfc21a_553f9e59-c0d2-4ae9-b309-6e6bead6739b_DuplexCoimbra.jpg\" alt=\"duplex t1+1 coimbra\"><\/p>\n<\/p>\n<h2><strong><a href=\"https:\/\/www.imovirtual.com\/pt\/anuncio\/duplex-t4-em-celas-ID10600.html#648a9324c2\" target=\"_blank\" rel=\"noopener\">Duplex T4<\/a> em Celas, Coimbra<\/strong><\/h2>\n<p>400 000 \u20ac<\/p>\n<p class=\" block-img\"><img decoding=\"async\" src=\"https:\/\/www.imovirtual.com\/noticias\/wp-content\/uploads\/2022\/11\/f287de35-5a6c-464e-89ec-5659370af94a_e8d4dcac-da86-4ba7-b5a8-1f21b13d78d8_DuplexCelas.jpg\" alt=\"duplex t4 celas\"><\/p>\n<\/p>\n<h2><strong><a href=\"https:\/\/www.imovirtual.com\/pt\/anuncio\/zona-nobre-e-central-da-cidade-leiria-ID15QbA.html#1b91eee267\" target=\"_blank\" rel=\"noopener\">Duplex T3<\/a> em Leiria<\/strong><\/h2>\n<p>230 000 \u20ac<\/p>\n<p class=\" block-img\"><img decoding=\"async\" src=\"https:\/\/www.imovirtual.com\/noticias\/wp-content\/uploads\/2022\/11\/39e603b4-c237-4f82-a983-74afa10a947c_a0e1dc3e-c692-466c-a8be-07ad54c37eb1_DuplexLeiria.jpg\" alt=\"duplex t3 leiria\"><\/p>\n<\/p>\n<h2><strong><a href=\"https:\/\/www.imovirtual.com\/pt\/anuncio\/apartamento-t3-duplex-encosta-do-sol-ID15Pik.html#149291977a\" target=\"_blank\" rel=\"noopener\">Duplex T3<\/a> em Caldas da Rainha, Leiria<\/strong><\/h2>\n<p>160 000 \u20ac<\/p>\n<p class=\" block-img\"><img decoding=\"async\" src=\"https:\/\/www.imovirtual.com\/noticias\/wp-content\/uploads\/2022\/11\/f94c6a9f-4bf3-41b2-aa5b-391e787c8fb3_35ff5f18-ffc3-475b-975c-3df2e45ad386_DuplexCaldasdaRainha.jpg\" alt=\"duplex t3 caldas da rainha\"><\/p>\n<\/p>\n<h2><strong><a href=\"https:\/\/www.imovirtual.com\/pt\/anuncio\/t2-duplex-remodelado-e-mobilado-chiado-lisboa-ID15X6k.html#a16332837f\" target=\"_blank\" rel=\"noopener\">Duplex T2<\/a> no Chiado, Lisboa<\/strong><\/h2>\n<p>560 000 \u20ac<\/p>\n<p class=\" block-img\"><img decoding=\"async\" src=\"https:\/\/www.imovirtual.com\/noticias\/wp-content\/uploads\/2022\/11\/585f9975-4e50-4594-b9ed-88c35c8a1e8f_2a157ef2-f81b-425f-bdaa-7f44129167f9_DuplexMisericordiaLisboa.jpg\" alt=\"duplex t2 chiado\"><\/p>\n<\/p>\n<h1><strong><a href=\"https:\/\/www.imovirtual.com\/pt\/anuncio\/t4-1-duplex-mobilado-vista-mar-garagem-box-varandas-churrasqueira-ID15NyD.html#a7f4f8d051\" target=\"_blank\" rel=\"noopener\">Duplex T4+1<\/a>, em S\u00e3o Domingos de Rana, Lisboa<\/strong><\/h1>\n<p>507 000 \u20ac<\/p>\n<p class=\" block-img\"><img decoding=\"async\" src=\"https:\/\/www.imovirtual.com\/noticias\/wp-content\/uploads\/2022\/11\/b17acc4d-72dd-477e-9764-7447f6258f8f_eccb31c7-c9d5-4694-bda3-8a796f2178df_DuplexSaoDomingosdeRana.jpg\" alt=\"duplex t1+4 s\u00e3o domingos de rana\"><\/p>\n<\/p>\n<p class=\" block-img\"><img decoding=\"async\" src=\"https:\/\/www.imovirtual.com\/noticias\/wp-content\/uploads\/2022\/11\/3c23b667-0a08-4ca1-abcb-74566be5c538_Copia-de-Banners-Autores-2.png\" alt=\"Alexandre Lu\u00eds Autor Imovirtual\"><\/p>\n<h5><em>Tamb\u00e9m conhecido como &#8216;O Consultor&#8217;. Pode encontr\u00e1-lo a consultar o \u00faltimo estudo de mercado. N\u00e3o tem talento para vender, mas sabe tudo sobre Imobili\u00e1rio. Fala sobre quest\u00f5es relacionadas com o tema no Blog do Imovirtual.<\/em><\/h5>\n<\/p>\n<h2><strong>Veja tamb\u00e9m<\/strong><\/h2>\n<ul>\n<li>As <a href=\"https:\/\/www.imovirtual.com\/noticias\/imobiliario\/moradias-para-venda-mais-visitadas-na-ultima-semana\" target=\"_blank\" rel=\"noopener\"><strong>moradias para venda<\/strong><\/a> mais visitadas na \u00faltima semana<\/li>\n<li>As <a href=\"https:\/\/www.imovirtual.com\/en\/noticias\/imobiliario\/empreendimentos-mais-visitados-na-ultima-semana\" target=\"_blank\" rel=\"noopener\"><strong>novas constru\u00e7\u00f5es<\/strong><\/a> mais visitadas na \u00faltima semana<\/li>\n<li>Os <a href=\"https:\/\/www.imovirtual.com\/en\/noticias\/imobiliario\/5-apartamentos-mais-visitados-no-imovirtual-na-ultima-semana\" target=\"_blank\" rel=\"noopener\"><strong>apartamentos para venda<\/strong><\/a> mais visitados na \u00faltima semana<\/li>\n<\/ul>\n<\/p>\n<div class=\"css-h5fkc8\"><strong>Ultima actualiza\u00e7\u00e3o:<\/strong> 20 outubro 2021<\/div>\n","protected":false},"excerpt":{"rendered":"<p>Um duplex para toda a fam\u00edlia A pandemia veio mudar a forma como as pessoas v\u00eam as suas casas, como ali\u00e1s a campanha Nossa Casa Nosso Mundo do Imovirtual tem vindo a provar. Mas j\u00e1 antes disso, em janeiro deste ano, o IKEA tinha lan\u00e7ado um estudo em que 58% dos portugueses revelava considerar uma &hellip;<\/p>\n","protected":false},"author":3,"featured_media":2104,"comment_status":"closed","ping_status":"open","sticky":false,"template":"","format":"standard","meta":{"footnotes":""},"categories":[37,5],"tags":[],"class_list":["post-2103","post","type-post","status-publish","format-standard","has-post-thumbnail","hentry","category-financas-e-imobiliario","category-imobiliario"],"_links":{"self":[{"href":"https:\/\/www.imovirtual.com\/noticias\/wp-json\/wp\/v2\/posts\/2103","targetHints":{"allow":["GET"]}}],"collection":[{"href":"https:\/\/www.imovirtual.com\/noticias\/wp-json\/wp\/v2\/posts"}],"about":[{"href":"https:\/\/www.imovirtual.com\/noticias\/wp-json\/wp\/v2\/types\/post"}],"author":[{"embeddable":true,"href":"https:\/\/www.imovirtual.com\/noticias\/wp-json\/wp\/v2\/users\/3"}],"replies":[{"embeddable":true,"href":"https:\/\/www.imovirtual.com\/noticias\/wp-json\/wp\/v2\/comments?post=2103"}],"version-history":[{"count":0,"href":"https:\/\/www.imovirtual.com\/noticias\/wp-json\/wp\/v2\/posts\/2103\/revisions"}],"wp:featuredmedia":[{"embeddable":true,"href":"https:\/\/www.imovirtual.com\/noticias\/wp-json\/wp\/v2\/media\/2104"}],"wp:attachment":[{"href":"https:\/\/www.imovirtual.com\/noticias\/wp-json\/wp\/v2\/media?parent=2103"}],"wp:term":[{"taxonomy":"category","embeddable":true,"href":"https:\/\/www.imovirtual.com\/noticias\/wp-json\/wp\/v2\/categories?post=2103"},{"taxonomy":"post_tag","embeddable":true,"href":"https:\/\/www.imovirtual.com\/noticias\/wp-json\/wp\/v2\/tags?post=2103"}],"curies":[{"name":"wp","href":"https:\/\/api.w.org\/{rel}","templated":true}]}}