{"id":2071,"date":"2021-10-19T00:00:00","date_gmt":"2021-10-19T00:00:00","guid":{"rendered":"https:\/\/www.imovirtual.com\/noticias2\/2021\/10\/19\/decorar-quarto-criancas\/"},"modified":"2024-08-28T10:19:07","modified_gmt":"2024-08-28T10:19:07","slug":"decorar-quarto-criancas","status":"publish","type":"post","link":"https:\/\/www.imovirtual.com\/noticias\/lifestyle\/decorar-quarto-criancas\/","title":{"rendered":"Como decorar um quarto de crian\u00e7as"},"content":{"rendered":"<p class=\"css-8qfla4\">\n<p class=\"css-m5h6m0 edperro0\">\n<h1><strong>3 dicas para decorar um quarto de crian\u00e7as<\/strong><\/h1>\n<p>Desde cedo que os mais pequenos come\u00e7am a manifestar a sua identidade, gostos e ambi\u00e7\u00f5es. Os espa\u00e7os onde s\u00e3o criadas tem, portanto, um importante papel neste <strong>processo de desenvolvimento<\/strong>, sendo que muitas vezes \u00e9<strong> a partir do seu lar que as <a href=\"https:\/\/www.imovirtual.com\/noticias\/financas\/viver-com-criancas-essenciais-para-comecar-uma-vida-a-3-id139.html\" target=\"_blank\" rel=\"noopener\">crian\u00e7as<\/a> come\u00e7am a criar concep\u00e7\u00f5es relativas ao mundo e ao seu futuro<\/strong>. Os quartos s\u00e3o importantes espa\u00e7os para esta tarefa e \u00e9 importante que estejam <strong>decorados e organizados <\/strong>de modo a criar uma<strong> sensa\u00e7\u00e3o de alegria, tranquilidade, seguran\u00e7a e prote\u00e7\u00e3o<\/strong>. As crian\u00e7as devem sentir-se estimuladas neste espa\u00e7o: estimuladas<strong> a brincar, a ler, a estudar, a criar<\/strong>. Por isso, \u00e9 importante elaborar um plano (uma esp\u00e9cie de <a href=\"https:\/\/www.imovirtual.com\/noticias\/decoracao\/como-criar-moodboard\" target=\"_blank\" rel=\"noopener\">moodboard<\/a>) para este espa\u00e7o e nunca deixar de lado as opini\u00f5es dos mais pequenos. Apresentamos-lhe <strong>3 dicas para o ajudar a come\u00e7ar o processo de decora\u00e7\u00e3o de um quarto de crian\u00e7as<\/strong>.<\/p>\n<\/p>\n<h3>Tome nota: <a href=\"https:\/\/www.imovirtual.com\/en\/noticias\/imobiliario\/10-dicas-tornar-casa-mais-segura-para-criancas\" target=\"_blank\" rel=\"noopener\"><em><strong>10 dicas para tornar a sua casa mais segura para as crian\u00e7as<\/strong><\/em><\/a><\/h3>\n<\/p>\n<h2><strong>Atente \u00e1s cores da decora\u00e7\u00e3o<\/strong><\/h2>\n<p>As <strong>cores <\/strong>s\u00e3o sempre um ponto fundamental para a decora\u00e7\u00e3o de qualquer espa\u00e7o. No entanto, quando falamos de um<strong> quarto de crian\u00e7as<\/strong> \u00e9 importante tomar especial aten\u00e7\u00e3o a este pormenor para come\u00e7ar, desde cedo, a estimular a aten\u00e7\u00e3o dos mais pequenos. Isto porque as <a href=\"https:\/\/www.imovirtual.com\/noticias\/decoracao\/cromoterapia-como-escolher-as-cores-para-a-sua-casa\" target=\"_blank\" rel=\"noopener\"><strong>cores<\/strong><\/a> t\u00eam uma grande influ\u00eancia no desenvolvimento das crian\u00e7as. Funcionam como um <strong>estimulo positivo<\/strong> e quando utilizadas de forma correta podem originar importantes <strong>intera\u00e7\u00f5es com o ambiente<\/strong>. Isto n\u00e3o significa que deva adicionar todas as tonalidades \u00e0 decora\u00e7\u00e3o do quarto; pelo contr\u00e1rio,<strong> deve evitar demasiadas cores<\/strong> e ser capaz de escolher uma<strong> decora\u00e7\u00e3o equilibrada e harmoniosa<\/strong>, que se distancie do cansa\u00e7o e <a href=\"https:\/\/www.imovirtual.com\/noticias\/decoracao\/visual-clutter-como-resolver\" target=\"_blank\" rel=\"noopener\"><strong>desorganiza\u00e7\u00e3o visual<\/strong><\/a> e fa\u00e7a com que a crian\u00e7a se sinta bem a brincar, estudar ou <a href=\"https:\/\/www.imovirtual.com\/noticias\/decoracao\/quer-dormir-melhor\" target=\"_blank\" rel=\"noopener\">dormir<\/a> naquele espa\u00e7o.<\/p>\n<\/p>\n<h2><strong>Escolha uma mob\u00edlia que se adapte por muitos anos<\/strong><\/h2>\n<p>A<strong> escolha da <a href=\"https:\/\/www.imovirtual.com\/noticias\/decoracao\/mudou-de-casa-e-nao-sabe-o-que-fazer-a-mobilia-da-sua\" target=\"_blank\" rel=\"noopener\">mob\u00edlia<\/a><\/strong> tamb\u00e9m \u00e9 um ponto a ter em conta. Pode optar por <strong>op\u00e7\u00f5es que acompanhem o crescimento da crian\u00e7a e que at\u00e9 sirvam, qui\u00e7a, para a chegada de outro irm\u00e3o.<\/strong> Uma boa op\u00e7\u00e3o \u00e9 investir em mob\u00edlia modular. Vers\u00e1til e econ\u00f3mica &#8211; se optar pelos <a href=\"https:\/\/www.ikea.com\/pt\/pt\/cat\/sistemas-para-solucoes-de-arrumacao-46052\/\" target=\"_blank\" rel=\"noopener\"><strong>sistemas IKEA<\/strong><\/a> &#8211; este tipo de m\u00f3veis podem ajud\u00e1-lo a <strong>criar a arruma\u00e7\u00e3o extra<\/strong> que necessita para todos os brinquedos, peluches e livros do seu <a href=\"https:\/\/www.imovirtual.com\/noticias\/imobiliario\/filhos-universidade-dicas-casa\" target=\"_blank\" rel=\"noopener\">filho<\/a>. E para garantir que a mob\u00edlia ir\u00e1 ser conservada durante muitos anos e que ningu\u00e9m (pais e crian\u00e7as) se vai arrepender das escolhas feitas, certifique-se que escolhe<strong> pe\u00e7as com poucos adornos, intemporais e de qualidade<\/strong> &#8211; porque sejamos honestos, os mais pequenos est\u00e3o sempre a fazer das deles, por isso mais vale prevenir do que remediar.<\/p>\n<\/p>\n<h3>Pode-lhe interessar: <a href=\"https:\/\/www.imovirtual.com\/noticias\/decoracao\/motivos-para-escolher-mobilia-modular-para-a-sua-casa\" target=\"_blank\" rel=\"noopener\"><em><strong>Motivos para escolher mob\u00edlia modular para a sua casa<\/strong><\/em><\/a><\/h3>\n<\/p>\n<h2><strong>Crie um sistema de organiza\u00e7\u00e3o<\/strong><\/h2>\n<p>\u00c9 muito importante que o espa\u00e7o onde a <a href=\"https:\/\/www.imovirtual.com\/noticias\/imobiliario\/mudar-de-casa-criancas\" target=\"_blank\" rel=\"noopener\">crian\u00e7a<\/a> ir\u00e1 brincar ou dormir, esteja<strong> o mais arrumado poss\u00edvel<\/strong>. Isto porque as crian\u00e7as necessitam de interagir com<strong> ambientes agrad\u00e1veis e estruturados<\/strong>. Assim, deve designar cada \u00e1rea da divis\u00e3o: numa parte pode criar um cantinho de leitura para os <a href=\"https:\/\/www.imovirtual.com\/noticias\/decoracao\/livros-sobre-decoracao-organizacao-casa\" target=\"_blank\" rel=\"noopener\">livros<\/a>, noutra o local de arruma\u00e7\u00e3o dos brinquedos e noutro lugar o espa\u00e7o para dormir. Defina cada <strong>canto com prateleiras, m\u00f3veis com gavetas, ba\u00fas ou cestos onde possa armazenar os pertences dos mais pequenos<\/strong>, identificando-os com autocolantes de formas para f\u00e1cil reconhecimento &#8211; ou etiquetas com nomes, se o seu filho j\u00e1 for capaz de ler.<\/p>\n<\/p>\n<p class=\" block-img\"><img decoding=\"async\" src=\"https:\/\/www.imovirtual.com\/noticias\/wp-content\/uploads\/2022\/11\/af14b393-f5d1-4a75-8368-42f656903033_Copia-de-Banners-Autores-3.png\" alt=\"Maria Lu\u00edsa Autor Imovirtual\"><\/p>\n<h5><em>Maria Lu\u00edsa \u00e9 a decoradora. A paix\u00e3o pela decora\u00e7\u00e3o surgiu desde muito cedo, quando as paredes se tornaram folhas de desenho. Juntou o \u00fatil ao agrad\u00e1vel e fez da voca\u00e7\u00e3o o seu trabalho. Est\u00e1 a cargo dos temas sobre &#8216;Decora\u00e7\u00e3o&#8217; do Blog do Imovirtual.<\/em><\/h5>\n<\/p>\n<h4><strong>Mais sobre Decora\u00e7\u00e3o<\/strong><\/h4>\n<ul>\n<li>A versatilidade e os diferentes usos das <a href=\"https:\/\/www.imovirtual.com\/noticias\/decoracao\/usos-estantes\" target=\"_blank\" rel=\"noopener\"><strong>estantes<\/strong><\/a><\/li>\n<li>Feng Shui e a import\u00e2ncia da&nbsp;<a href=\"https:\/\/www.imovirtual.com\/noticias\/decoracao\/feng-shui-importancia-cabeceira-cama\" target=\"_blank\" rel=\"noopener\"><strong>cabeceira da cama<\/strong><\/a><\/li>\n<li>4 solu\u00e7\u00f5es para&nbsp;<a href=\"https:\/\/www.imovirtual.com\/noticias\/decoracao\/pendurar-quadros-sem-furar-parede\" target=\"_blank\" rel=\"noopener\"><strong>pendurar quadros sem furar a parede<\/strong><\/a><\/li>\n<\/ul>\n<\/p>\n<div class=\"css-h5fkc8\"><strong>Ultima actualiza\u00e7\u00e3o:<\/strong> 26 outubro 2021<\/div>\n","protected":false},"excerpt":{"rendered":"<p>3 dicas para decorar um quarto de crian\u00e7as Desde cedo que os mais pequenos come\u00e7am a manifestar a sua identidade, gostos e ambi\u00e7\u00f5es. Os espa\u00e7os onde s\u00e3o criadas tem, portanto, um importante papel neste processo de desenvolvimento, sendo que muitas vezes \u00e9 a partir do seu lar que as crian\u00e7as come\u00e7am a criar concep\u00e7\u00f5es relativas &hellip;<\/p>\n","protected":false},"author":3,"featured_media":2072,"comment_status":"closed","ping_status":"open","sticky":false,"template":"","format":"standard","meta":{"footnotes":""},"categories":[3],"tags":[],"class_list":["post-2071","post","type-post","status-publish","format-standard","has-post-thumbnail","hentry","category-lifestyle"],"_links":{"self":[{"href":"https:\/\/www.imovirtual.com\/noticias\/wp-json\/wp\/v2\/posts\/2071","targetHints":{"allow":["GET"]}}],"collection":[{"href":"https:\/\/www.imovirtual.com\/noticias\/wp-json\/wp\/v2\/posts"}],"about":[{"href":"https:\/\/www.imovirtual.com\/noticias\/wp-json\/wp\/v2\/types\/post"}],"author":[{"embeddable":true,"href":"https:\/\/www.imovirtual.com\/noticias\/wp-json\/wp\/v2\/users\/3"}],"replies":[{"embeddable":true,"href":"https:\/\/www.imovirtual.com\/noticias\/wp-json\/wp\/v2\/comments?post=2071"}],"version-history":[{"count":0,"href":"https:\/\/www.imovirtual.com\/noticias\/wp-json\/wp\/v2\/posts\/2071\/revisions"}],"wp:featuredmedia":[{"embeddable":true,"href":"https:\/\/www.imovirtual.com\/noticias\/wp-json\/wp\/v2\/media\/2072"}],"wp:attachment":[{"href":"https:\/\/www.imovirtual.com\/noticias\/wp-json\/wp\/v2\/media?parent=2071"}],"wp:term":[{"taxonomy":"category","embeddable":true,"href":"https:\/\/www.imovirtual.com\/noticias\/wp-json\/wp\/v2\/categories?post=2071"},{"taxonomy":"post_tag","embeddable":true,"href":"https:\/\/www.imovirtual.com\/noticias\/wp-json\/wp\/v2\/tags?post=2071"}],"curies":[{"name":"wp","href":"https:\/\/api.w.org\/{rel}","templated":true}]}}