{"id":2067,"date":"2021-10-25T00:00:00","date_gmt":"2021-10-25T00:00:00","guid":{"rendered":"https:\/\/www.imovirtual.com\/noticias2\/2021\/10\/25\/tarefas-domesticas-criancas\/"},"modified":"2021-10-25T00:00:00","modified_gmt":"2021-10-25T00:00:00","slug":"tarefas-domesticas-criancas","status":"publish","type":"post","link":"https:\/\/www.imovirtual.com\/noticias\/lifestyle\/tarefas-domesticas-criancas\/","title":{"rendered":"Tarefas dom\u00e9sticas para crian\u00e7as"},"content":{"rendered":"<p class=\"css-8qfla4\">\n<p class=\"css-m5h6m0 edperro0\">\n<h1><strong>Tarefas dom\u00e9sticas para as crian\u00e7as<\/strong><\/h1>\n<p>Em Portugal existe o ditado popular &#8220;<strong><em>de pequenino \u00e9 se torce o pepino<\/em><\/strong>&#8221; para determinar que \u00e9 desde a <strong>tenra idade que se come\u00e7a a desenvolver determinada compet\u00eancia <\/strong>e a moldar certos comportamentos. Educar os filhos \u00e9 uma verdadeira dor de cabe\u00e7a para muitos pais, mas a verdade \u00e9 que importante come\u00e7ar a estimular os mais pequenos desde cedo para certos comportamentos e <strong>h\u00e1bitos que v\u00e3o ser muito importantes para o futuro<\/strong>. Tamb\u00e9m \u00e9 uma forma desenvolvimento de compet\u00eancias como a <strong>autonomia, organiza\u00e7\u00e3o, responsabilidade, solidariedade e a entre-ajuda<\/strong>. E um bom exemplo da forma como pode fazer isto \u00e9 atrav\u00e9s das caso das <strong>tarefas dom\u00e9sticas<\/strong>. \u00c0 primeira vista parece que n\u00e3o existe nada de suficientemente seguro para o qual se possa contar com a ajuda das <a href=\"https:\/\/www.imovirtual.com\/noticias\/financas\/viver-com-criancas-essenciais-para-comecar-uma-vida-a-3-id139.html\" target=\"_blank\" rel=\"noopener\">crian\u00e7as<\/a>. Mas a verdade \u00e9 que<strong> as lides da casa devem ser introduzidas gradualmente na rotina dos mais pequenos<\/strong>, por grau de dificuldade e consoante a idade. Assim, damos-lhe a conhecer algumas das tarefas dom\u00e9sticas em que pode incluir o(s) seu(s) filho(s) e aproveitar para fazer atividades em <a href=\"https:\/\/www.imovirtual.com\/noticias\/decoracao\/pascoa-dicas-para-decorar-a-casa-em-familia\" target=\"_blank\" rel=\"noopener\">fam\u00edlia<\/a>.<\/p>\n<\/p>\n<h3>Tamb\u00e9m lhe pode interessar: <a href=\"https:\/\/www.imovirtual.com\/noticias\/lifestyle\/rotina-diaria-de-limpeza-domestica\" target=\"_blank\" rel=\"noopener\"><em><strong>Organize a sua casa: Rotina de Limpeza Semanal<\/strong><\/em><\/a><\/h3>\n<\/p>\n<h2><strong>Dos 2 aos 3 anos<\/strong><\/h2>\n<p>Ainda que pare\u00e7a precoce pedir a crian\u00e7as de 2 a 3 anos para ajudarem a tratar das lides dom\u00e9stica, lembre-se que quanto mais cedo come\u00e7arem, melhor. Nesta altura \u00e9 necess\u00e1rio que os pais se mostrem dispon\u00edveis para acompanhar todo o processo e ajudar os mais pequenos nas tarefas. Exemplos do que podem come\u00e7ar a fazer:<\/p>\n<ul>\n<li>Ajudar a fazer a cama.<\/li>\n<li>Limpar o p\u00f3 dos m\u00f3veis ao seu alcance.<\/li>\n<li>Arrumar os brinquedos, livros e jogos depois de usados.<\/li>\n<li>Varrer a cozinha com uma vassoura apropriada ao seu tamanho.<\/li>\n<li>Ajudar a limpar bebidas entornadas ou comida espalhada.<\/li>\n<\/ul>\n<h2><strong>Dos 4 a 5 anos<\/strong><\/h2>\n<p>\u00c9 uma altura em que as crian\u00e7as come\u00e7am a ter outra percep\u00e7\u00e3o a respeito da organiza\u00e7\u00e3o e limpeza. Por isso \u00e9 a altura ideal para acrescentar \u00e0s 5 tarefas que falamos anteriormente as que se seguem (e que pedem mais responsabilidade):<\/p>\n<ul>\n<li>Ajudar a alimentar e a cuidar dos animais de estima\u00e7\u00e3o.<\/li>\n<li>P\u00f4r e levantar a mesa \u00e0s refei\u00e7\u00f5es.<\/li>\n<li>Colocar a roupa suja dentro da m\u00e1quina de lavar.<\/li>\n<li>Ajudar a lavar o ch\u00e3o com uma esfregona.<\/li>\n<li>Ajudar a guardar as compras do supermercado.<\/li>\n<\/ul>\n<h2><strong>Dos 6 aos 8 anos<\/strong><\/h2>\n<p>Sup\u00f5e-se que estas crian\u00e7as j\u00e1 frequentem a Escola Prim\u00e1ria, sendo que por isso j\u00e1 saber\u00e3o ler e escrever. Assim, o tipo de tarefas dom\u00e9sticas que lhe s\u00e3o atribu\u00eddas devem ser mais desafiantes e estimulantes, para criar interesse e manter a rotina de ajuda aos pa\u00eds.<\/p>\n<ul>\n<li>Arrumar e ajudar a limpar o quarto.<\/li>\n<li>Separar a roupa suja.<\/li>\n<li>Dobrar e guardar a roupa lavada.<\/li>\n<li>Ajudar a preparar refei\u00e7\u00f5es (fazer sandes, lavar legumes, fazer bolos).<\/li>\n<li>Deitar o lixo fora.<\/li>\n<li>Ajudar a lavar a loi\u00e7a.<\/li>\n<\/ul>\n<h2><strong>Dos 9 aos 12 anos<\/strong><\/h2>\n<p>Nesta fase os mi\u00fados j\u00e1 s\u00e3o mais adultos, sentindo-se muitas vezes independentes e orgulhosas. Por serem mais velhos requerem um tipo de responsabilidades dom\u00e9sticas mais avan\u00e7ado. Estas s\u00e3o algumas ideias das tarefas que pode delegar ao(s) seu(s) filho(s).<\/p>\n<ul>\n<li>Aprender a usar a m\u00e1quina de lavar roupa e a de lavar loi\u00e7a.<\/li>\n<li>Ajudar a estender e a apanhar a roupa.<\/li>\n<li>Mudar os len\u00e7\u00f3is da cama.<\/li>\n<li>Ajudar a limpar a cozinha e a casa de banho.<\/li>\n<li>Ajudar a lavar o carro.<\/li>\n<\/ul>\n<p><strong>Fonte:<\/strong> UptoKids<\/p>\n<p class=\" block-img\"><img decoding=\"async\" src=\"https:\/\/www.imovirtual.com\/noticias\/wp-content\/uploads\/2022\/11\/bd5974cf-f0b2-4813-a690-c8359669947e_Copia-de-Banners-Autores.png\" alt=\"Ana Catarina Autor Imovirtual\"><\/p>\n<h5><em>Ana Catarina \u00e9 a mi\u00fada das tend\u00eancias. Gosta de ficar em casa a perder-se pelas p\u00e1ginas de um livro, mas tamb\u00e9m n\u00e3o dispensa um caf\u00e9 tardio com os amigos. Est\u00e1 sempre \u00e0 procura do \u00faltimo grito em Lifestyle para revelar no Blog do Imovirtual.<\/em><\/h5>\n<\/p>\n<h4><strong>Tamb\u00e9m lhe pode interessar <\/strong><\/h4>\n<ul>\n<li>Dicas para mudar de casa com <a href=\"https:\/\/www.imovirtual.com\/noticias\/imobiliario\/mudar-de-casa-criancas\" target=\"_blank\" rel=\"noopener\"><strong>crian\u00e7as<\/strong><\/a><\/li>\n<li><a href=\"https:\/\/www.imovirtual.com\/noticias\/financas\/viver-com-criancas-essenciais-para-comecar-uma-vida-a-3-id139.html\" target=\"_blank\" rel=\"noopener\"><strong>Viver com crian\u00e7as<\/strong><\/a>: essenciais para come\u00e7ar uma vida a 3<\/li>\n<li>Como decorar um <a href=\"https:\/\/www.imovirtual.com\/en\/noticias\/decoracao\/decorar-quarto-criancas\" target=\"_blank\" rel=\"noopener\"><strong>quarto de crian\u00e7as<\/strong><\/a><\/li>\n<\/ul>\n<\/p>\n<div class=\"css-h5fkc8\"><strong>Ultima actualiza\u00e7\u00e3o:<\/strong> 25 outubro 2021<\/div>\n","protected":false},"excerpt":{"rendered":"<p>Tarefas dom\u00e9sticas para as crian\u00e7as Em Portugal existe o ditado popular &#8220;de pequenino \u00e9 se torce o pepino&#8221; para determinar que \u00e9 desde a tenra idade que se come\u00e7a a desenvolver determinada compet\u00eancia e a moldar certos comportamentos. Educar os filhos \u00e9 uma verdadeira dor de cabe\u00e7a para muitos pais, mas a verdade \u00e9 que &hellip;<\/p>\n","protected":false},"author":3,"featured_media":2068,"comment_status":"closed","ping_status":"open","sticky":false,"template":"","format":"standard","meta":{"footnotes":""},"categories":[3],"tags":[],"class_list":["post-2067","post","type-post","status-publish","format-standard","has-post-thumbnail","hentry","category-lifestyle"],"_links":{"self":[{"href":"https:\/\/www.imovirtual.com\/noticias\/wp-json\/wp\/v2\/posts\/2067","targetHints":{"allow":["GET"]}}],"collection":[{"href":"https:\/\/www.imovirtual.com\/noticias\/wp-json\/wp\/v2\/posts"}],"about":[{"href":"https:\/\/www.imovirtual.com\/noticias\/wp-json\/wp\/v2\/types\/post"}],"author":[{"embeddable":true,"href":"https:\/\/www.imovirtual.com\/noticias\/wp-json\/wp\/v2\/users\/3"}],"replies":[{"embeddable":true,"href":"https:\/\/www.imovirtual.com\/noticias\/wp-json\/wp\/v2\/comments?post=2067"}],"version-history":[{"count":0,"href":"https:\/\/www.imovirtual.com\/noticias\/wp-json\/wp\/v2\/posts\/2067\/revisions"}],"wp:featuredmedia":[{"embeddable":true,"href":"https:\/\/www.imovirtual.com\/noticias\/wp-json\/wp\/v2\/media\/2068"}],"wp:attachment":[{"href":"https:\/\/www.imovirtual.com\/noticias\/wp-json\/wp\/v2\/media?parent=2067"}],"wp:term":[{"taxonomy":"category","embeddable":true,"href":"https:\/\/www.imovirtual.com\/noticias\/wp-json\/wp\/v2\/categories?post=2067"},{"taxonomy":"post_tag","embeddable":true,"href":"https:\/\/www.imovirtual.com\/noticias\/wp-json\/wp\/v2\/tags?post=2067"}],"curies":[{"name":"wp","href":"https:\/\/api.w.org\/{rel}","templated":true}]}}