{"id":2011,"date":"2021-09-06T00:00:00","date_gmt":"2021-09-06T00:00:00","guid":{"rendered":"https:\/\/www.imovirtual.com\/noticias2\/2021\/09\/06\/imosintese-noticias-06091\/"},"modified":"2021-09-06T00:00:00","modified_gmt":"2021-09-06T00:00:00","slug":"imosintese-noticias-06091","status":"publish","type":"post","link":"https:\/\/www.imovirtual.com\/noticias\/novidades\/imosintese-noticias-06091\/","title":{"rendered":"IMOS\u00cdNTESE &#8211; NOT\u00cdCIAS 06\/09"},"content":{"rendered":"<p class=\"css-8qfla4\">\n<p class=\"css-m5h6m0 edperro0\">\n<h2><strong>Imos\u00edntese &#8211; 6 de Setembro de 2021<\/strong><\/h2>\n<p><strong>Em parceria com o&nbsp;<a href=\"https:\/\/www.diarioimobiliario.pt\/\" target=\"_blank\" rel=\"noopener\">Di\u00e1rio Imobili\u00e1rio<\/a>, o Imovirtual apresenta diariamente um resumo notici\u00e1rio dos acontecimentos mais relevantes do dia. Fique a par das \u00faltimas novidades do Mercado Imobili\u00e1rio.<\/strong><\/p>\n<\/p>\n<h2><strong>Casas valorizaram 6,4% desde o final de 2020<\/strong><\/h2>\n<p>O pre\u00e7o&nbsp;de venda das casas em Portugal Continental regista uma subida de 6,4% no&nbsp;acumulado de 2021 terminado em Julho,&nbsp;mostram os \u00faltimos resultados do \u00cdndice&nbsp;de Pre\u00e7os Residenciais da Confidencial Imobili\u00e1rio.<\/p>\n<h3><strong>Saiba mais <a href=\"https:\/\/www.diarioimobiliario.pt\/Habitacao\/Casas-valorizaram-6-4-desde-o-final-de-2020\" target=\"_blank\" rel=\"noopener\">aqui<\/a><\/strong><\/h3>\n<\/p>\n<h2><strong>Empresas de Consultoria e Avalia\u00e7\u00e3o Imobili\u00e1ria contra o adiamento do fim do congelamento das rendas<\/strong><\/h2>\n<p>Para a&nbsp;ACAI \u2013 Associa\u00e7\u00e3o das Empresas de Consultoria e Avalia\u00e7\u00e3o Imobili\u00e1ria, a possibilidade de o Governo voltar a adiar o fim do congelamento das rendas dos contratos anteriores a 1990, ter\u00e1 um impacto muito negativo no investimento imobili\u00e1rio..<\/p>\n<h3><strong>Saiba mais <a href=\"https:\/\/www.diarioimobiliario.pt\/Habitacao\/Arrendamento\/Empresas-de-Consultoria-e-Avaliacao-Imobiliaria-contra-o-adiamento-do-fim-do-congelamento-das-rendas\" target=\"_blank\" rel=\"noopener\">aqui<\/a><\/strong><\/h3>\n<\/p>\n<h2><strong>Grupo internacional de origem su\u00ed\u00e7a investe em Amarante<\/strong><\/h2>\n<p>O Grupo Fischer Connectors e o dstgroup&nbsp;realizam hoje, em Amarante, a&nbsp;cerim\u00f3nia de lan\u00e7amento da primeira pedra&nbsp;da nova unidade de&nbsp;produ\u00e7\u00e3o e filial do grupo&nbsp;su\u00ed\u00e7o,&nbsp;&nbsp;em Portugal.&nbsp;<\/p>\n<h3><strong>Saiba mais <a href=\"https:\/\/www.diarioimobiliario.pt\/Actualidade\/Grupo-internacional-de-origem-suica-investe-em-Amarante\" target=\"_blank\" rel=\"noopener\">aqui<\/a><\/strong><\/h3>\n<\/p>\n<h2><strong>Fundo Corum compra centro log\u00edstico da Nobre em Rio Maior<\/strong><\/h2>\n<p>O Fundo Corum XL acaba de fazer mais uma aquisi\u00e7\u00e3o em Portugal, o Centro Log\u00edstico da Nobre, localizado em Rio Maior. Com esta aquisi\u00e7\u00e3o, o investimento da Corum em Portugal aproxima-se dos 70 milh\u00f5es de euros.&nbsp;<\/p>\n<h3><strong>Saiba mais <a href=\"https:\/\/www.diarioimobiliario.pt\/Actualidade\/Fundo-Corum-compra-centro-logistico-da-Nobre-em-Rio-Maior\" target=\"_blank\" rel=\"noopener\">aqui<\/a><\/strong><\/h3>\n<\/p>\n<h2><strong>As seis moedas<\/strong><\/h2>\n<p>Quando dizem que o imobili\u00e1rio \u00e9 um sector onde os consultores ganham imenso dinheiro tenho sempre a tend\u00eancia para corrigir a frase para: \u201ceste \u00e9 um sector onde os consultores podem ganhar imenso dinheiro\u201d. E depois explico porque \u00e9 que esta \u00e9 uma profiss\u00e3o normal, que exige esfor\u00e7o, dedica\u00e7\u00e3o, trabalho e, tamb\u00e9m, alguma sorte. E que o que se ouve sobre os neg\u00f3cios de milh\u00f5es s\u00e3o apenas alcan\u00e7ados por uma minoria, uma vez que a maioria est\u00e1 100% focada no mercado residencial. E quando, mesmo assim, o meu interlocutor n\u00e3o est\u00e1 convencido apresento-lhe o argumento das seis moedas.<\/p>\n<h3><strong>Saiba mais <a href=\"https:\/\/www.diarioimobiliario.pt\/Opiniao\/As-seis-moedas\" target=\"_blank\" rel=\"noopener\">aqui<\/a><\/strong><\/h3>\n<\/p>\n<h3><strong>Leia as anteriores Imos\u00edntese<\/strong><\/h3>\n<ul>\n<li><a href=\"https:\/\/www.imovirtual.com\/noticias\/noticias\/imosintese-noticias-0309\"><strong>IMOS\u00cdNTESE &#8211; NOT\u00cdCIAS 03\/09<\/strong><\/a><\/li>\n<li><a href=\"https:\/\/www.imovirtual.com\/noticias\/noticias\/imosintese-noticias-0209\" target=\"_blank\" rel=\"noopener\"><strong>IMOS\u00cdNTESE &#8211; NOT\u00cdCIAS 02\/09<\/strong><\/a><\/li>\n<li><a href=\"https:\/\/www.imovirtual.com\/noticias\/noticias\/imosintese-noticias-0109\" target=\"_blank\" rel=\"noopener\"><strong>IMOS\u00cdNTESE &#8211; NOT\u00cdCIAS 01\/09<\/strong><\/a><\/li>\n<\/ul>\n<\/p>\n<div class=\"css-h5fkc8\"><strong>Ultima actualiza\u00e7\u00e3o:<\/strong> 20 outubro 2021<\/div>\n","protected":false},"excerpt":{"rendered":"<p>Imos\u00edntese &#8211; 6 de Setembro de 2021 Em parceria com o&nbsp;Di\u00e1rio Imobili\u00e1rio, o Imovirtual apresenta diariamente um resumo notici\u00e1rio dos acontecimentos mais relevantes do dia. Fique a par das \u00faltimas novidades do Mercado Imobili\u00e1rio. Casas valorizaram 6,4% desde o final de 2020 O pre\u00e7o&nbsp;de venda das casas em Portugal Continental regista uma subida de 6,4% &hellip;<\/p>\n","protected":false},"author":3,"featured_media":100,"comment_status":"closed","ping_status":"open","sticky":false,"template":"","format":"standard","meta":{"footnotes":""},"categories":[4],"tags":[],"class_list":["post-2011","post","type-post","status-publish","format-standard","has-post-thumbnail","hentry","category-novidades"],"_links":{"self":[{"href":"https:\/\/www.imovirtual.com\/noticias\/wp-json\/wp\/v2\/posts\/2011","targetHints":{"allow":["GET"]}}],"collection":[{"href":"https:\/\/www.imovirtual.com\/noticias\/wp-json\/wp\/v2\/posts"}],"about":[{"href":"https:\/\/www.imovirtual.com\/noticias\/wp-json\/wp\/v2\/types\/post"}],"author":[{"embeddable":true,"href":"https:\/\/www.imovirtual.com\/noticias\/wp-json\/wp\/v2\/users\/3"}],"replies":[{"embeddable":true,"href":"https:\/\/www.imovirtual.com\/noticias\/wp-json\/wp\/v2\/comments?post=2011"}],"version-history":[{"count":0,"href":"https:\/\/www.imovirtual.com\/noticias\/wp-json\/wp\/v2\/posts\/2011\/revisions"}],"wp:featuredmedia":[{"embeddable":true,"href":"https:\/\/www.imovirtual.com\/noticias\/wp-json\/wp\/v2\/media\/100"}],"wp:attachment":[{"href":"https:\/\/www.imovirtual.com\/noticias\/wp-json\/wp\/v2\/media?parent=2011"}],"wp:term":[{"taxonomy":"category","embeddable":true,"href":"https:\/\/www.imovirtual.com\/noticias\/wp-json\/wp\/v2\/categories?post=2011"},{"taxonomy":"post_tag","embeddable":true,"href":"https:\/\/www.imovirtual.com\/noticias\/wp-json\/wp\/v2\/tags?post=2011"}],"curies":[{"name":"wp","href":"https:\/\/api.w.org\/{rel}","templated":true}]}}