{"id":1997,"date":"2021-08-14T00:00:00","date_gmt":"2021-08-14T00:00:00","guid":{"rendered":"https:\/\/www.imovirtual.com\/noticias2\/2021\/08\/14\/imosintese-noticias-1308\/"},"modified":"2021-08-14T00:00:00","modified_gmt":"2021-08-14T00:00:00","slug":"imosintese-noticias-1308","status":"publish","type":"post","link":"https:\/\/www.imovirtual.com\/noticias\/novidades\/imosintese-noticias-1308\/","title":{"rendered":"IMOS\u00cdNTESE &#8211; NOT\u00cdCIAS 13\/08"},"content":{"rendered":"<p class=\"css-8qfla4\">\n<p class=\"css-m5h6m0 edperro0\">\n<h1><strong>Imos\u00edntese &#8211; 13 de Agosto de 2021<\/strong><\/h1>\n<p><strong>Em parceria com o&nbsp;<a href=\"https:\/\/www.diarioimobiliario.pt\/\" target=\"_blank\" rel=\"noopener\">Di\u00e1rio Imobili\u00e1rio<\/a>, o Imovirtual apresenta diariamente um resumo notici\u00e1rio dos acontecimentos mais relevantes do dia. Fique a par das \u00faltimas novidades do Mercado Imobili\u00e1rio.<\/strong><\/p>\n<\/p>\n<h2><strong>Empresa su\u00ed\u00e7a promove projecto log\u00edstico e hoteleiro em Gr\u00e2ndola<\/strong><\/h2>\n<p>A Qantara Capital \u2014 empresa privada su\u00ed\u00e7a de investimento e consultoria presente j\u00e1 em Portugal \u2014 tomou a decis\u00e3o de fazer um novo investimento imobili\u00e1rio em Gr\u00e2ndola, que envolve a constru\u00e7\u00e3o de um parque log\u00edstico com 130 hectares e dois hoteis de quatro estrelas, um no futuro parque log\u00edstico e outro no centro da vila.<\/p>\n<h3><strong>Saiba mais <a href=\"https:\/\/www.diarioimobiliario.pt\/Actualidade\/Empresa-suica-promove-projecto-logistico-e-hoteleiro-em-Grandola\" target=\"_blank\" rel=\"noopener\">aqui<\/a><\/strong><\/h3>\n<\/p>\n<h2><strong>Sun Cliffs Resort de cinco estrelas vai nascer na Ponta da Piedade no Algarve<\/strong><\/h2>\n<p>O Sun Cliffs Resort,&nbsp;promovido&nbsp;pelo Grupo Ferreira, na Ponta da Piedade, em Lagos, \u00e9 o mais recente projecto do Algarve. Projectado pelo gabinete de arquitectura Intergaup, contar\u00e1 com pr\u00e9dio de apartamentos&nbsp;com setenta e duas unidades distribu\u00eddas entre tipologias T1 e T3,&nbsp;e&nbsp;um hotel, com 204 quartos<em>,<\/em>&nbsp;a ser explorado pelo Grupo Sonae Capital.<\/p>\n<h3><strong>Saiba mais <a href=\"https:\/\/www.diarioimobiliario.pt\/Actualidade\/Sun-Cliffs-Resort-de-cinco-estrelas-vai-nascer-na-Ponta-da-Piedade-no-Algarve\" target=\"_blank\" rel=\"noopener\">aqui<\/a><\/strong><\/h3>\n<\/p>\n<h2><strong>Fuga para a periferia: oportunidades da tend\u00eancia para a Constru\u00e7\u00e3o<\/strong><\/h2>\n<p><strong>[Artigo de Opini\u00e3o &#8211; Nuno Garcia] &#8211; <\/strong>Certas tend\u00eancias foram aceleradas com a pandemia. Depois de v\u00e1rios meses de adapta\u00e7\u00e3o (e reinven\u00e7\u00e3o), as altera\u00e7\u00f5es nas exig\u00eancias dos consumidores est\u00e3o-se a fazer sentir e, agora, o Imobili\u00e1rio e a Constru\u00e7\u00e3o, tal como grande parte dos setores, est\u00e3o a enfrentar um paradigma diferente. Hoje, observamos uma movimenta\u00e7\u00e3o das pessoas dos grandes centros urbanos para a periferia, o que faz surgir alguns impactos na fileira sobre os quais vale a pena pensar.<\/p>\n<h3><strong>Saiba mais <a href=\"https:\/\/www.diarioimobiliario.pt\/Opiniao\/Fuga-para-a-periferia-oportunidades-da-tendencia-para-a-Construcao\" target=\"_blank\" rel=\"noopener\">aqui<\/a><\/strong><\/h3>\n<\/p>\n<h2><strong>Estudar na Escola B\u00e1sica de S\u00e3o Bernardo at\u00e9 parece f\u00e1cil<\/strong><\/h2>\n<p>Estudar na Escola B\u00e1sica de S\u00e3o Bernardo, em Aveiro,&nbsp;at\u00e9 apetece aos mais velhos. O projecto de substituic\u0327a\u0303o de oito salas de aula do ensino ba\u0301sico&nbsp;transformou o espa\u00e7o escolar num verdadeiro para\u00edso para os jovens alunos.&nbsp;<\/p>\n<h3><strong>Saiba mais <a href=\"https:\/\/www.diarioimobiliario.pt\/Espacos-de-Autor\/Estudar-na-Escola-Basica-de-Sao-Bernardo-ate-parece-facil\" target=\"_blank\" rel=\"noopener\">aqui<\/a><\/strong><\/h3>\n<\/p>\n<h2><strong>Alojamento tur\u00edstico registou 1,4 milh\u00f5es de h\u00f3spedes e 3,4 milh\u00f5es de dormidas em Junho<\/strong><\/h2>\n<p>O sector do alojamento tur\u00edstico registou 1,4 milh\u00f5es de h\u00f3spedes e 3,4 milh\u00f5es de dormidas em Junho,&nbsp;muito superior aos 476,7 mil h\u00f3spedes e 1,0 milh\u00f5es de dormidas em Junho de 2020.&nbsp;<\/p>\n<h3><strong>Saiba mais <a href=\"https:\/\/www.diarioimobiliario.pt\/Turismo\/Alojamento-turistico-registou-1-4-milhoes-de-hospedes-e-3-4-milhoes-de-dormidas-em-Junho\" target=\"_blank\" rel=\"noopener\">aqui<\/a><\/strong><\/h3>\n<\/p>\n<h3><strong>Leia as anteriores Imos\u00edntese<\/strong><\/h3>\n<ul>\n<li><a href=\"https:\/\/www.imovirtual.com\/noticias\/noticias\/imosintese-noticias-1208\" target=\"_blank\" rel=\"noopener\"><strong>IMOS\u00cdNTESE &#8211; NOT\u00cdCIAS 12\/08<\/strong><\/a><\/li>\n<li><a href=\"https:\/\/www.imovirtual.com\/noticias\/noticias\/imosintese-noticias-1108\" target=\"_blank\" rel=\"noopener\"><strong>IMOS\u00cdNTESE &#8211; NOT\u00cdCIAS 11\/08<\/strong><\/a><\/li>\n<li><a href=\"https:\/\/www.imovirtual.com\/noticias\/noticias\/imosintese-noticias-1008\" target=\"_blank\" rel=\"noopener\"><strong>IMOS\u00cdNTESE &#8211; NOT\u00cdCIAS 10\/08<\/strong><\/a><\/li>\n<\/ul>\n<\/p>\n<div class=\"css-h5fkc8\"><strong>Ultima actualiza\u00e7\u00e3o:<\/strong> 20 outubro 2021<\/div>\n","protected":false},"excerpt":{"rendered":"<p>Imos\u00edntese &#8211; 13 de Agosto de 2021 Em parceria com o&nbsp;Di\u00e1rio Imobili\u00e1rio, o Imovirtual apresenta diariamente um resumo notici\u00e1rio dos acontecimentos mais relevantes do dia. Fique a par das \u00faltimas novidades do Mercado Imobili\u00e1rio. Empresa su\u00ed\u00e7a promove projecto log\u00edstico e hoteleiro em Gr\u00e2ndola A Qantara Capital \u2014 empresa privada su\u00ed\u00e7a de investimento e consultoria presente &hellip;<\/p>\n","protected":false},"author":3,"featured_media":100,"comment_status":"closed","ping_status":"open","sticky":false,"template":"","format":"standard","meta":{"footnotes":""},"categories":[4],"tags":[],"class_list":["post-1997","post","type-post","status-publish","format-standard","has-post-thumbnail","hentry","category-novidades"],"_links":{"self":[{"href":"https:\/\/www.imovirtual.com\/noticias\/wp-json\/wp\/v2\/posts\/1997","targetHints":{"allow":["GET"]}}],"collection":[{"href":"https:\/\/www.imovirtual.com\/noticias\/wp-json\/wp\/v2\/posts"}],"about":[{"href":"https:\/\/www.imovirtual.com\/noticias\/wp-json\/wp\/v2\/types\/post"}],"author":[{"embeddable":true,"href":"https:\/\/www.imovirtual.com\/noticias\/wp-json\/wp\/v2\/users\/3"}],"replies":[{"embeddable":true,"href":"https:\/\/www.imovirtual.com\/noticias\/wp-json\/wp\/v2\/comments?post=1997"}],"version-history":[{"count":0,"href":"https:\/\/www.imovirtual.com\/noticias\/wp-json\/wp\/v2\/posts\/1997\/revisions"}],"wp:featuredmedia":[{"embeddable":true,"href":"https:\/\/www.imovirtual.com\/noticias\/wp-json\/wp\/v2\/media\/100"}],"wp:attachment":[{"href":"https:\/\/www.imovirtual.com\/noticias\/wp-json\/wp\/v2\/media?parent=1997"}],"wp:term":[{"taxonomy":"category","embeddable":true,"href":"https:\/\/www.imovirtual.com\/noticias\/wp-json\/wp\/v2\/categories?post=1997"},{"taxonomy":"post_tag","embeddable":true,"href":"https:\/\/www.imovirtual.com\/noticias\/wp-json\/wp\/v2\/tags?post=1997"}],"curies":[{"name":"wp","href":"https:\/\/api.w.org\/{rel}","templated":true}]}}