{"id":1996,"date":"2021-09-03T00:00:00","date_gmt":"2021-09-03T00:00:00","guid":{"rendered":"https:\/\/www.imovirtual.com\/noticias2\/2021\/09\/03\/imosintese-noticias-0309\/"},"modified":"2021-09-03T00:00:00","modified_gmt":"2021-09-03T00:00:00","slug":"imosintese-noticias-0309","status":"publish","type":"post","link":"https:\/\/www.imovirtual.com\/noticias\/novidades\/imosintese-noticias-0309\/","title":{"rendered":"IMOS\u00cdNTESE &#8211; NOT\u00cdCIAS 03\/09"},"content":{"rendered":"<p class=\"css-8qfla4\">\n<p class=\"css-m5h6m0 edperro0\">\n<h1><strong>Imos\u00edntese &#8211; 3 de Setembro de 2021<\/strong><\/h1>\n<p><strong>Em parceria com o&nbsp;<a href=\"https:\/\/www.diarioimobiliario.pt\/\" target=\"_blank\" rel=\"noopener\">Di\u00e1rio Imobili\u00e1rio<\/a>, o Imovirtual apresenta diariamente um resumo notici\u00e1rio dos acontecimentos mais relevantes do dia. Fique a par das \u00faltimas novidades do Mercado Imobili\u00e1rio.<\/strong><\/p>\n<\/p>\n<h2><strong>Sete candidaturas para a concep\u00e7\u00e3o-constru\u00e7\u00e3o da nova Ponte D. Ant\u00f3nio Francisco dos Santos<\/strong><\/h2>\n<p>H\u00e1 sete candidatos admitidos ao concurso p\u00fablico internacional de concep\u00e7\u00e3o-constru\u00e7\u00e3o da futura ponte D. Ant\u00f3nio Francisco dos Santos, sobre o rio Douro, no Porto.<\/p>\n<h3><strong>Saiba mais <a href=\"https:\/\/https:\/https:\/\/www.diarioimobiliario.pt\/Actualidade\/Sete-candidaturas-para-a-concepcao-construcao-da-nova-Ponte-D.-Antonio-Francisco-dos-Santos\" target=\"_blank\" rel=\"noopener\">aqui<\/a><\/strong><\/h3>\n<\/p>\n<h2><strong>Tro\u00e7o final da CRIL, obra executada pelo Governo aguarda senten\u00e7a do tribunal<\/strong><\/h2>\n<p>Comiss\u00e3o de Moradores Bairro Sta. Cruz de Benfica e Damaia espera&nbsp;senten\u00e7a do tribunal sobre a obra que consideram ilegal por parte do Governo&nbsp;no tro\u00e7o final da Circular Regional Interior de Lisboa (CRIL) -Tro\u00e7o da CRIL Buraca &#8211; Pontinha.<\/p>\n<h3><strong>Saiba mais <a href=\"https:\/\/www.diarioimobiliario.pt\/Actualidade\/Troco-final-da-CRIL-obra-executada-pelo-Governo-aguarda-sentenca-do-tribunal\" target=\"_blank\" rel=\"noopener\">aqui<\/a><\/strong><\/h3>\n<\/p>\n<h2><strong>Preditur celebra quase meio s\u00e9culo de vida<\/strong><\/h2>\n<p>A Preditur \u00e9 uma&nbsp;das mais antigas empresas de media\u00e7\u00e3o imobili\u00e1ria de Portugal, sendo o s\u00f3cio n.\u00ba 1 e de m\u00e9rito da Associa\u00e7\u00e3o dos Profissionais e Empresas de Media\u00e7\u00e3o Imobili\u00e1ria de Portugal &#8211; APEMIP. Quase a completar meio s\u00e9culo de exist\u00eancia, teve \u00e0 sua frente uma das figuras mais carism\u00e1ticas e reconhecidas do sector,&nbsp;Ant\u00f3nio Ribeiro de Freitas.<\/p>\n<h3><strong>Saiba mais <a href=\"https:\/\/www.diarioimobiliario.pt\/Actualidade\/Preditur-celebra-quase-meio-seculo-de-vida\" target=\"_blank\" rel=\"noopener\">aqui<\/a><\/strong><\/h3>\n<\/p>\n<h2><strong>As curvas do corpo humano como inspira\u00e7\u00e3o na arquitectura<\/strong><\/h2>\n<p>A clinica de bem estar Belife, em Aveiro,&nbsp;desenhada pelo arquitecto R\u00f3mulo Neto, foi projectada com&nbsp;a ideia base, que o&nbsp;Corpo Humano, \u00e9 o ponto central do&nbsp;projecto, a curva como express\u00e3o na forma.<\/p>\n<h3><strong>Saiba mais <a href=\"https:\/\/www.diarioimobiliario.pt\/Espacos-de-Autor\/As-curvas-do-corpo-humano-como-inspiracao-na-arquitectura\" target=\"_blank\" rel=\"noopener\">aqui<\/a><\/strong><\/h3>\n<\/p>\n<h2><strong>Tr\u00e1fego a\u00e9reo de passageiros aumenta em Julho mas muito abaixo dos n\u00edveis pr\u00e9-Covid<\/strong><\/h2>\n<p>A International Air Transport Association (IATA) anunciou que a procura de viagens internacionais e dom\u00e9sticas registou um aumento significativo em Julho, em compara\u00e7\u00e3o com o m\u00eas anterior.<\/p>\n<h3><strong>Saiba mais <a href=\"https:\/\/www.diarioimobiliario.pt\/Turismo\/Trafego-aereo-de-passageiros-aumenta-em-Julho-mas-muito-abaixo-dos-niveis-pre-Covid\" target=\"_blank\" rel=\"noopener\">aqui<\/a><\/strong><\/h3>\n<\/p>\n<h3><strong>Leia as anteriores Imos\u00edntese<\/strong><\/h3>\n<ul>\n<li><a href=\"https:\/\/www.imovirtual.com\/noticias\/noticias\/imosintese-noticias-0209\" target=\"_blank\" rel=\"noopener\"><strong>IMOS\u00cdNTESE &#8211; NOT\u00cdCIAS 02\/09<\/strong><\/a><\/li>\n<li><a href=\"https:\/\/www.imovirtual.com\/noticias\/noticias\/imosintese-noticias-0109\" target=\"_blank\" rel=\"noopener\"><strong>IMOS\u00cdNTESE &#8211; NOT\u00cdCIAS 01\/09<\/strong><\/a><\/li>\n<li><a href=\"https:\/\/www.imovirtual.com\/noticias\/noticias\/imosintese-noticias-3108\" target=\"_blank\" rel=\"noopener\"><strong>IMOS\u00cdNTESE &#8211; NOT\u00cdCIAS 31\/08<\/strong><\/a><\/li>\n<\/ul>\n<\/p>\n<div class=\"css-h5fkc8\"><strong>Ultima actualiza\u00e7\u00e3o:<\/strong> 20 outubro 2021<\/div>\n","protected":false},"excerpt":{"rendered":"<p>Imos\u00edntese &#8211; 3 de Setembro de 2021 Em parceria com o&nbsp;Di\u00e1rio Imobili\u00e1rio, o Imovirtual apresenta diariamente um resumo notici\u00e1rio dos acontecimentos mais relevantes do dia. Fique a par das \u00faltimas novidades do Mercado Imobili\u00e1rio. Sete candidaturas para a concep\u00e7\u00e3o-constru\u00e7\u00e3o da nova Ponte D. Ant\u00f3nio Francisco dos Santos H\u00e1 sete candidatos admitidos ao concurso p\u00fablico internacional &hellip;<\/p>\n","protected":false},"author":3,"featured_media":100,"comment_status":"closed","ping_status":"open","sticky":false,"template":"","format":"standard","meta":{"footnotes":""},"categories":[4],"tags":[],"class_list":["post-1996","post","type-post","status-publish","format-standard","has-post-thumbnail","hentry","category-novidades"],"_links":{"self":[{"href":"https:\/\/www.imovirtual.com\/noticias\/wp-json\/wp\/v2\/posts\/1996","targetHints":{"allow":["GET"]}}],"collection":[{"href":"https:\/\/www.imovirtual.com\/noticias\/wp-json\/wp\/v2\/posts"}],"about":[{"href":"https:\/\/www.imovirtual.com\/noticias\/wp-json\/wp\/v2\/types\/post"}],"author":[{"embeddable":true,"href":"https:\/\/www.imovirtual.com\/noticias\/wp-json\/wp\/v2\/users\/3"}],"replies":[{"embeddable":true,"href":"https:\/\/www.imovirtual.com\/noticias\/wp-json\/wp\/v2\/comments?post=1996"}],"version-history":[{"count":0,"href":"https:\/\/www.imovirtual.com\/noticias\/wp-json\/wp\/v2\/posts\/1996\/revisions"}],"wp:featuredmedia":[{"embeddable":true,"href":"https:\/\/www.imovirtual.com\/noticias\/wp-json\/wp\/v2\/media\/100"}],"wp:attachment":[{"href":"https:\/\/www.imovirtual.com\/noticias\/wp-json\/wp\/v2\/media?parent=1996"}],"wp:term":[{"taxonomy":"category","embeddable":true,"href":"https:\/\/www.imovirtual.com\/noticias\/wp-json\/wp\/v2\/categories?post=1996"},{"taxonomy":"post_tag","embeddable":true,"href":"https:\/\/www.imovirtual.com\/noticias\/wp-json\/wp\/v2\/tags?post=1996"}],"curies":[{"name":"wp","href":"https:\/\/api.w.org\/{rel}","templated":true}]}}