{"id":1984,"date":"2021-08-16T00:00:00","date_gmt":"2021-08-16T00:00:00","guid":{"rendered":"https:\/\/www.imovirtual.com\/noticias2\/2021\/08\/16\/imosintese-noticias-1608\/"},"modified":"2021-08-16T00:00:00","modified_gmt":"2021-08-16T00:00:00","slug":"imosintese-noticias-1608","status":"publish","type":"post","link":"https:\/\/www.imovirtual.com\/noticias\/novidades\/imosintese-noticias-1608\/","title":{"rendered":"IMOS\u00cdNTESE &#8211; NOT\u00cdCIAS 16\/08"},"content":{"rendered":"<p class=\"css-8qfla4\">\n<p class=\"css-m5h6m0 edperro0\">\n<h1><strong>Imos\u00edntese &#8211; 16 de Agosto de 2021<\/strong><\/h1>\n<p><strong>Em parceria com o&nbsp;<a href=\"https:\/\/www.diarioimobiliario.pt\/\" target=\"_blank\" rel=\"noopener\">Di\u00e1rio Imobili\u00e1rio<\/a>, o Imovirtual apresenta diariamente um resumo notici\u00e1rio dos acontecimentos mais relevantes do dia. Fique a par das \u00faltimas novidades do Mercado Imobili\u00e1rio.<\/strong><\/p>\n<\/p>\n<h2><strong>Programa de apoio \u00e0 mobilidade para o Interior vai ser alargado a residentes no estrangeiro<\/strong><\/h2>\n<p>O Governo vai alargar a medida Emprego Interior MAIS \u2013 Mobilidade Apoiada para um Interior Sustent\u00e1vel \u00e0s pessoas residentes em pa\u00edses estrangeiros que decidam mudar-se para o Interior de Portugal para trabalhar.<\/p>\n<h3><strong>Saiba mais <a href=\"https:\/\/www.diarioimobiliario.pt\/Actualidade\/Programa-de-apoio-a-mobilidade-para-o-Interior-vai-ser-alargado-a-residentes-no-estrangeiro\" target=\"_blank\" rel=\"noopener\">aqui<\/a><\/strong><\/h3>\n<\/p>\n<h2><strong>Casas na zona de Cascais e Estoril s\u00e3o as mais caras do concelho<\/strong><\/h2>\n<p>Segundo o&nbsp;Guia de Zona da Uni\u00e3o das Freguesias de Cascais e Estoril, lan\u00e7ado hoje pela Reatia, plataforma de intelig\u00eancia artificial para o imobili\u00e1rio, esta \u00e9 a freguesia com moradias mais caras do concelho de Cascais.<\/p>\n<h3><strong>Saiba mais <a href=\"https:\/\/www.diarioimobiliario.pt\/Habitacao\/Casas-na-zona-de-Cascais-e-Estoril-sao-as-mais-caras-do-concelho\" target=\"_blank\" rel=\"noopener\">aqui<\/a><\/strong><\/h3>\n<\/p>\n<h2><strong>Procura por moradias, terrenos, quintas e herdades para venda disparou<\/strong><\/h2>\n<p>No primeiro semestre do ano, a procura por moradias, terrenos, quintas e herdades para venda disparou&nbsp;quando comparada com o per\u00edodo hom\u00f3logo de 2019 (pr\u00e9-pandemia), voltando a revelar crescimento em rela\u00e7\u00e3o a 2020.<\/p>\n<h3><strong>Saiba mais <a href=\"https:\/\/www.diarioimobiliario.pt\/Actualidade\/Procura-por-moradias-terrenos-quintas-e-herdades-para-venda-disparou\" target=\"_blank\" rel=\"noopener\">aqui<\/a><\/strong><\/h3>\n<\/p>\n<h2><strong>Atelier DRK optou por uma arquitectura evolutiva e adapt\u00e1vel na casa inStone da Guarda<\/strong><\/h2>\n<p>O atelier de arquitectura DRK,&nbsp;descobriu paredes estruturais, em alvenaria de pedra, num edificio dos anos 70, na Guarda. A&nbsp;impossibilidade da sua remo\u00e7\u00e3o, transfornou o projecto numa alian\u00e7a entre a tradi\u00e7\u00e3o e o moderno.&nbsp;<\/p>\n<h3><strong>Saiba mais <a href=\"https:\/\/www.diarioimobiliario.pt\/Espacos-de-Autor\/Atelier-DRK-optou-por-uma-arquitectura-evolutiva-e-adaptavel-na-casa-inStone-da-Guarda\" target=\"_blank\" rel=\"noopener\">aqui<\/a><\/strong><\/h3>\n<\/p>\n<h2><strong>A &#8216;Route 66&#8217; de Portugal \u00e9 j\u00e1 um cart\u00e3o de visita al\u00e9m-fronteiras<\/strong><\/h2>\n<p>A EN2, a estrada mais famosa do nosso pa\u00eds, considerada a&nbsp;&nbsp;&#8216;Route 66&#8217; de Portugal, que atravessa o pa\u00eds de Norte a Sul,&nbsp;numa extens\u00e3o de 739,26 quil\u00f3metros, \u00e9 a \u00fanica na Europa que atravessa um pa\u00eds em toda a sua longitude. A International Living coloca-a na lista de um percurso a n\u00e3o perder.<\/p>\n<h3><strong>Saiba mais <a href=\"https:\/\/www.diarioimobiliario.pt\/Turismo\/A-Route-66-de-Portugal-e-ja-um-cartao-de-visita-alem-fronteiras\" target=\"_blank\" rel=\"noopener\">aqui<\/a><\/strong><\/h3>\n<\/p>\n<h3><strong>Leia as anteriores Imos\u00edntese<\/strong><\/h3>\n<ul>\n<li><a href=\"https:\/\/www.imovirtual.com\/noticias\/noticias\/imosintese-noticias-1308\" target=\"_blank\" rel=\"noopener\"><strong>IMOS\u00cdNTESE &#8211; NOT\u00cdCIAS 13\/08<\/strong><\/a><\/li>\n<li><a href=\"https:\/\/www.imovirtual.com\/noticias\/noticias\/imosintese-noticias-1208\" target=\"_blank\" rel=\"noopener\"><strong>IMOS\u00cdNTESE &#8211; NOT\u00cdCIAS 12\/08<\/strong><\/a><\/li>\n<li><a href=\"https:\/\/www.imovirtual.com\/noticias\/noticias\/imosintese-noticias-1108\" target=\"_blank\" rel=\"noopener\"><strong>IMOS\u00cdNTESE &#8211; NOT\u00cdCIAS 11\/08<\/strong><\/a><\/li>\n<\/ul>\n<\/p>\n<div class=\"css-h5fkc8\"><strong>Ultima actualiza\u00e7\u00e3o:<\/strong> 20 outubro 2021<\/div>\n","protected":false},"excerpt":{"rendered":"<p>Imos\u00edntese &#8211; 16 de Agosto de 2021 Em parceria com o&nbsp;Di\u00e1rio Imobili\u00e1rio, o Imovirtual apresenta diariamente um resumo notici\u00e1rio dos acontecimentos mais relevantes do dia. Fique a par das \u00faltimas novidades do Mercado Imobili\u00e1rio. Programa de apoio \u00e0 mobilidade para o Interior vai ser alargado a residentes no estrangeiro O Governo vai alargar a medida &hellip;<\/p>\n","protected":false},"author":3,"featured_media":100,"comment_status":"closed","ping_status":"open","sticky":false,"template":"","format":"standard","meta":{"footnotes":""},"categories":[4],"tags":[],"class_list":["post-1984","post","type-post","status-publish","format-standard","has-post-thumbnail","hentry","category-novidades"],"_links":{"self":[{"href":"https:\/\/www.imovirtual.com\/noticias\/wp-json\/wp\/v2\/posts\/1984","targetHints":{"allow":["GET"]}}],"collection":[{"href":"https:\/\/www.imovirtual.com\/noticias\/wp-json\/wp\/v2\/posts"}],"about":[{"href":"https:\/\/www.imovirtual.com\/noticias\/wp-json\/wp\/v2\/types\/post"}],"author":[{"embeddable":true,"href":"https:\/\/www.imovirtual.com\/noticias\/wp-json\/wp\/v2\/users\/3"}],"replies":[{"embeddable":true,"href":"https:\/\/www.imovirtual.com\/noticias\/wp-json\/wp\/v2\/comments?post=1984"}],"version-history":[{"count":0,"href":"https:\/\/www.imovirtual.com\/noticias\/wp-json\/wp\/v2\/posts\/1984\/revisions"}],"wp:featuredmedia":[{"embeddable":true,"href":"https:\/\/www.imovirtual.com\/noticias\/wp-json\/wp\/v2\/media\/100"}],"wp:attachment":[{"href":"https:\/\/www.imovirtual.com\/noticias\/wp-json\/wp\/v2\/media?parent=1984"}],"wp:term":[{"taxonomy":"category","embeddable":true,"href":"https:\/\/www.imovirtual.com\/noticias\/wp-json\/wp\/v2\/categories?post=1984"},{"taxonomy":"post_tag","embeddable":true,"href":"https:\/\/www.imovirtual.com\/noticias\/wp-json\/wp\/v2\/tags?post=1984"}],"curies":[{"name":"wp","href":"https:\/\/api.w.org\/{rel}","templated":true}]}}