{"id":1983,"date":"2021-08-26T00:00:00","date_gmt":"2021-08-26T00:00:00","guid":{"rendered":"https:\/\/www.imovirtual.com\/noticias2\/2021\/08\/26\/imosintese-noticias-2508\/"},"modified":"2021-08-26T00:00:00","modified_gmt":"2021-08-26T00:00:00","slug":"imosintese-noticias-2508","status":"publish","type":"post","link":"https:\/\/www.imovirtual.com\/noticias\/novidades\/imosintese-noticias-2508\/","title":{"rendered":"IMOS\u00cdNTESE &#8211; NOT\u00cdCIAS 25\/08"},"content":{"rendered":"<p class=\"css-8qfla4\">\n<p class=\"css-m5h6m0 edperro0\">\n<h1><strong>Imos\u00edntese &#8211; 25 de Agosto de 2021<\/strong><\/h1>\n<p><strong>Em parceria com o&nbsp;<a href=\"https:\/\/www.diarioimobiliario.pt\/\" target=\"_blank\" rel=\"noopener\">Di\u00e1rio Imobili\u00e1rio<\/a>, o Imovirtual apresenta diariamente um resumo notici\u00e1rio dos acontecimentos mais relevantes do dia. Fique a par das \u00faltimas novidades do Mercado Imobili\u00e1rio.<\/strong><\/p>\n<\/p>\n<h2><strong>Fundo norte-americano compra edif\u00edcio &#8216;A Garagem&#8217; por 50 milh\u00f5es de euros<\/strong><\/h2>\n<p>A Antas da Cunha Ecija assessorou juridicamente o The Edge Group e a Ardma S.A na venda do edif\u00edcio \u201cA Garagem\u201d, propriedade da sociedade Rakod, Lda, ao European Core Fund, um Fundo norte-americano, que re\u00fane investimentos em Paris, Londres, Hamburgo, Berlim e Frankfurt, e que det\u00e9m a sociedade ve\u00edculo Tishman Speyer.<\/p>\n<h3><strong>Saiba mais <a href=\"https:\/\/www.diarioimobiliario.pt\/Actualidade\/Fundo-norte-americano-compra-edificio-A-Garagem-por-50-milhoes-de-euros\" target=\"_blank\" rel=\"noopener\">aqui<\/a><\/strong><\/h3>\n<\/p>\n<h2><strong>Faixa et\u00e1ria 35-44 anos procura mais os T2\u2026<\/strong><\/h2>\n<p>Ao longo do \u00faltimo ano a procura de apartamentos de tipologia T2 registou valores muito superiores \u00e0 procura por T1. Entre Agosto de 2020 e Agosto de 2021, o portal <a href=\"https:\/\/www.imovirtual.com\/\" target=\"_blank\" rel=\"noopener\">Imovirtual<\/a> registou no total 36.936.945 pageviews para a tipologia T2, mais do dobro das registadas para a procura da tipologia T1, que alcan\u00e7ou apenas as 16.177.346 pageviews\u201d.<\/p>\n<h3><strong>Saiba mais <a href=\"https:\/\/www.diarioimobiliario.pt\/Habitacao\/Faixa-etaria-35-44-anos-procura-mais-os-T2\" target=\"_blank\" rel=\"noopener\">aqui<\/a><\/strong><\/h3>\n<\/p>\n<h2><strong>Nove tend\u00eancias de constru\u00e7\u00e3o e arquitectura deixadas pela pandemia<\/strong><\/h2>\n<p>Hospitais com constru\u00e7\u00f5es flex\u00edveis, escrit\u00f3rios com \u201cc\u00e2maras de trabalho\u201d, casas mais espa\u00e7osas e eficientes ou restaurantes com acondicionamento ac\u00fastico interior, s\u00e3o algumas das tend\u00eancias futuras.<\/p>\n<h3><strong>Saiba mais <a href=\"https:\/\/www.diarioimobiliario.pt\/Actualidade\/Nove-tendencias-de-construcao-e-arquitectura-deixadas-pela-pandemia\" target=\"_blank\" rel=\"noopener\">aqui<\/a><\/strong><\/h3>\n<\/p>\n<h2><strong>Propriet\u00e1rios rejeitam manuten\u00e7\u00e3o do congelamento de rendas<\/strong><\/h2>\n<p>A Associa\u00e7\u00e3o Lisbonense de Propriet\u00e1rios (ALP) rejeitam&nbsp;a inten\u00e7\u00e3o do Governo em manter os contratos de arrendamento anteriores a 1990 com as rendas congeladas para l\u00e1 do final de 2022.<\/p>\n<h3><strong>Saiba mais <a href=\"https:\/\/www.diarioimobiliario.pt\/Habitacao\/Arrendamento\/Proprietarios-rejeitam-manutencao-do-congelamento-de-rendas\" target=\"_blank\" rel=\"noopener\">aqui<\/a><\/strong><\/h3>\n<\/p>\n<h2><strong>Pousada de Tavira proporciona uma viagem no tempo at\u00e9 ao s\u00e9culo XII<\/strong><\/h2>\n<p>A Pousada Convento de Tavira reconstruiu o espa\u00e7o do convento quinhentista e ainda proporciona aos h\u00f3spedes e visitantes a oportunidade de poder ver um Bairro Alm\u00f3ada do s\u00e9culo XII preservado, intacto e a descoberto no Bar da Pousada.<\/p>\n<h3><strong>Saiba mais <a href=\"https:\/\/www.diarioimobiliario.pt\/Turismo\/Pousada-de-Tavira-proporciona-uma-viagem-no-tempo-ate-ao-seculo-XII\" target=\"_blank\" rel=\"noopener\">aqui<\/a><\/strong><\/h3>\n<\/p>\n<h3><strong>Leia as anteriores Imos\u00edntese<\/strong><\/h3>\n<ul>\n<li><a href=\"https:\/\/www.imovirtual.com\/noticias\/noticias\/imosintese-noticias-2408\" target=\"_blank\" rel=\"noopener\"><strong>IMOS\u00cdNTESE &#8211; NOT\u00cdCIAS 24\/08<\/strong><\/a><\/li>\n<li><a href=\"https:\/\/www.imovirtual.com\/noticias\/noticias\/imosintese-noticias-2308\" target=\"_blank\" rel=\"noopener\"><strong>IMOS\u00cdNTESE &#8211; NOT\u00cdCIAS 23\/08<\/strong><\/a><\/li>\n<li><a href=\"https:\/\/www.imovirtual.com\/noticias\/noticias\/imosintese-noticias-2008\" target=\"_blank\" rel=\"noopener\"><strong>IMOS\u00cdNTESE &#8211; NOT\u00cdCIAS 20\/08<\/strong><\/a><\/li>\n<\/ul>\n<\/p>\n<div class=\"css-h5fkc8\"><strong>Ultima actualiza\u00e7\u00e3o:<\/strong> 20 outubro 2021<\/div>\n","protected":false},"excerpt":{"rendered":"<p>Imos\u00edntese &#8211; 25 de Agosto de 2021 Em parceria com o&nbsp;Di\u00e1rio Imobili\u00e1rio, o Imovirtual apresenta diariamente um resumo notici\u00e1rio dos acontecimentos mais relevantes do dia. Fique a par das \u00faltimas novidades do Mercado Imobili\u00e1rio. Fundo norte-americano compra edif\u00edcio &#8216;A Garagem&#8217; por 50 milh\u00f5es de euros A Antas da Cunha Ecija assessorou juridicamente o The Edge &hellip;<\/p>\n","protected":false},"author":3,"featured_media":100,"comment_status":"closed","ping_status":"open","sticky":false,"template":"","format":"standard","meta":{"footnotes":""},"categories":[4],"tags":[],"class_list":["post-1983","post","type-post","status-publish","format-standard","has-post-thumbnail","hentry","category-novidades"],"_links":{"self":[{"href":"https:\/\/www.imovirtual.com\/noticias\/wp-json\/wp\/v2\/posts\/1983","targetHints":{"allow":["GET"]}}],"collection":[{"href":"https:\/\/www.imovirtual.com\/noticias\/wp-json\/wp\/v2\/posts"}],"about":[{"href":"https:\/\/www.imovirtual.com\/noticias\/wp-json\/wp\/v2\/types\/post"}],"author":[{"embeddable":true,"href":"https:\/\/www.imovirtual.com\/noticias\/wp-json\/wp\/v2\/users\/3"}],"replies":[{"embeddable":true,"href":"https:\/\/www.imovirtual.com\/noticias\/wp-json\/wp\/v2\/comments?post=1983"}],"version-history":[{"count":0,"href":"https:\/\/www.imovirtual.com\/noticias\/wp-json\/wp\/v2\/posts\/1983\/revisions"}],"wp:featuredmedia":[{"embeddable":true,"href":"https:\/\/www.imovirtual.com\/noticias\/wp-json\/wp\/v2\/media\/100"}],"wp:attachment":[{"href":"https:\/\/www.imovirtual.com\/noticias\/wp-json\/wp\/v2\/media?parent=1983"}],"wp:term":[{"taxonomy":"category","embeddable":true,"href":"https:\/\/www.imovirtual.com\/noticias\/wp-json\/wp\/v2\/categories?post=1983"},{"taxonomy":"post_tag","embeddable":true,"href":"https:\/\/www.imovirtual.com\/noticias\/wp-json\/wp\/v2\/tags?post=1983"}],"curies":[{"name":"wp","href":"https:\/\/api.w.org\/{rel}","templated":true}]}}