{"id":1981,"date":"2021-08-30T00:00:00","date_gmt":"2021-08-30T00:00:00","guid":{"rendered":"https:\/\/www.imovirtual.com\/noticias2\/2021\/08\/30\/imosintese-noticias-3008\/"},"modified":"2021-08-30T00:00:00","modified_gmt":"2021-08-30T00:00:00","slug":"imosintese-noticias-3008","status":"publish","type":"post","link":"https:\/\/www.imovirtual.com\/noticias\/novidades\/imosintese-noticias-3008\/","title":{"rendered":"IMOS\u00cdNTESE &#8211; NOT\u00cdCIAS 30\/08"},"content":{"rendered":"<p class=\"css-8qfla4\">\n<p class=\"css-m5h6m0 edperro0\">\n<h1><strong>Imos\u00edntese &#8211; 30 de Agosto de 2021<\/strong><\/h1>\n<p><strong>Em parceria com o&nbsp;<a href=\"https:\/\/www.diarioimobiliario.pt\/\" target=\"_blank\" rel=\"noopener\">Di\u00e1rio Imobili\u00e1rio<\/a>, o Imovirtual apresenta diariamente um resumo notici\u00e1rio dos acontecimentos mais relevantes do dia. Fique a par das \u00faltimas novidades do Mercado Imobili\u00e1rio.<\/strong><\/p>\n<\/p>\n<h2><strong>Construir para arrendar<\/strong><\/h2>\n<p><strong>[Artigo de Opini\u00e3o &#8211; Francisco Mota Ferreira] &#8211; <\/strong>Nas pr\u00f3ximas linhas queria partilhar aqui convosco algo que, sendo uma realidade l\u00e1 fora, aqui em Portugal tem tido alguma dificuldade em arrancar. Falo do Built to Rent (Construir para Arrendar).<\/p>\n<h3><strong>Saiba mais <a href=\"https:\/\/www.diarioimobiliario.pt\/Opiniao\/Construir-para-arrendar\" target=\"_blank\" rel=\"noopener\">aqui<\/a><\/strong><\/h3>\n<\/p>\n<h2><strong>Indicador de confian\u00e7a aumenta na&nbsp;Promo\u00e7\u00e3o Imobili\u00e1ria e Constru\u00e7\u00e3o<\/strong><\/h2>\n<p>O INE &#8211; Instituto Nacional de Estat\u00edstica avan\u00e7a hoje que o indicador de confian\u00e7a da Constru\u00e7\u00e3o e Obras P\u00fablicas aumentou de forma expressiva em Agosto, ap\u00f3s a diminui\u00e7\u00e3o verificada nos \u00faltimos dois meses, atingindo o m\u00e1ximo desde Janeiro de 2002.<\/p>\n<h3><strong>Saiba mais <a href=\"https:\/\/www.diarioimobiliario.pt\/Actualidade\/Indicador-de-confianca-aumenta-na-Promocao-Imobiliaria-e-Construcao\" target=\"_blank\" rel=\"noopener\">aqui<\/a><\/strong><\/h3>\n<\/p>\n<h2><strong>Nova etiqueta energ\u00e9tica para l\u00e2mpadas entra em vigor a 1 de Setembro<\/strong><\/h2>\n<p>As fontes de luz passam a ter uma nova etiqueta energ\u00e9tica a partir desta quarta-feira, 1 de Setembro. Quer isto dizer que a nova etiqueta energ\u00e9tica inclui agora l\u00e2mpadas e lumin\u00e1rias integradas (i.e., candeeiros com a l\u00e2mpada incorporada).<\/p>\n<h3><strong>Saiba mais <a href=\"https:\/\/www.diarioimobiliario.pt\/Actualidade\/Nova-etiqueta-energetica-para-lampadas-entra-em-vigor-a-1-de-Setembro\" target=\"_blank\" rel=\"noopener\">aqui<\/a><\/strong><\/h3>\n<\/p>\n<h2><strong>O Ensino da Ci\u00eancia e Engenharia Civil em Portugal<\/strong><\/h2>\n<p><strong>[Artigo de Opini\u00e3o &#8211; Bruno de Carvalho Matos] &#8211; <\/strong>A oferta da Engenharia e Constru\u00e7\u00e3o portuguesa \u00e9 reconhecida ao n\u00edvel global, por v\u00e1rios motivos, destacando-se a qualidade do ensino em Portugal, n\u00e3o obstante a ampla margem de melhoria.<\/p>\n<h3><strong>Saiba mais <a href=\"https:\/\/www.diarioimobiliario.pt\/Opiniao\/O-Ensino-da-Ciencia-e-Engenharia-Civil-em-Portugal\" target=\"_blank\" rel=\"noopener\">aqui<\/a><\/strong><\/h3>\n<\/p>\n<h2><strong>Guta Moura Guedes no j\u00fari dos German Design Awards 2022<\/strong><\/h2>\n<p>No ano em que os German Design Awards celebram o 10\u00ba anivers\u00e1rio, o j\u00fari internacional integra um membro portugu\u00eas. Guta Moura Guedes, co-fundadora e presidente da Experimenta Design, ser\u00e1 um dos quase 40 jurados convidados a atribuir os prestigiantes pr\u00e9mios a produtos e projectos inovadores que se destacam pela qualidade do design.<\/p>\n<h3><strong>Saiba mais <a href=\"https:\/\/www.diarioimobiliario.pt\/Arquitectura\/Design\/Guta-Moura-Guedes-no-juri-dos-German-Design-Awards-2022\" target=\"_blank\" rel=\"noopener\">aqui<\/a><\/strong><\/h3>\n<\/p>\n<h3><strong>Leia as anteriores Imos\u00edntese<\/strong><\/h3>\n<ul>\n<li><a href=\"https:\/\/www.imovirtual.com\/noticias\/noticias\/imosintese-noticias-260821\" target=\"_blank\" rel=\"noopener\"><strong>IMOS\u00cdNTESE &#8211; NOT\u00cdCIAS 26\/08<\/strong><\/a><\/li>\n<li><a href=\"https:\/\/www.imovirtual.com\/noticias\/noticias\/imosintese-noticias-2508\" target=\"_blank\" rel=\"noopener\"><strong>IMOS\u00cdNTESE &#8211; NOT\u00cdCIAS 25\/08<\/strong><\/a><\/li>\n<li><a href=\"https:\/\/www.imovirtual.com\/noticias\/noticias\/imosintese-noticias-2408\" target=\"_blank\" rel=\"noopener\"><strong>IMOS\u00cdNTESE &#8211; NOT\u00cdCIAS 24\/08<\/strong><\/a><\/li>\n<\/ul>\n<\/p>\n<div class=\"css-h5fkc8\"><strong>Ultima actualiza\u00e7\u00e3o:<\/strong> 20 outubro 2021<\/div>\n","protected":false},"excerpt":{"rendered":"<p>Imos\u00edntese &#8211; 30 de Agosto de 2021 Em parceria com o&nbsp;Di\u00e1rio Imobili\u00e1rio, o Imovirtual apresenta diariamente um resumo notici\u00e1rio dos acontecimentos mais relevantes do dia. Fique a par das \u00faltimas novidades do Mercado Imobili\u00e1rio. Construir para arrendar [Artigo de Opini\u00e3o &#8211; Francisco Mota Ferreira] &#8211; Nas pr\u00f3ximas linhas queria partilhar aqui convosco algo que, sendo &hellip;<\/p>\n","protected":false},"author":3,"featured_media":100,"comment_status":"closed","ping_status":"open","sticky":false,"template":"","format":"standard","meta":{"footnotes":""},"categories":[4],"tags":[],"class_list":["post-1981","post","type-post","status-publish","format-standard","has-post-thumbnail","hentry","category-novidades"],"_links":{"self":[{"href":"https:\/\/www.imovirtual.com\/noticias\/wp-json\/wp\/v2\/posts\/1981","targetHints":{"allow":["GET"]}}],"collection":[{"href":"https:\/\/www.imovirtual.com\/noticias\/wp-json\/wp\/v2\/posts"}],"about":[{"href":"https:\/\/www.imovirtual.com\/noticias\/wp-json\/wp\/v2\/types\/post"}],"author":[{"embeddable":true,"href":"https:\/\/www.imovirtual.com\/noticias\/wp-json\/wp\/v2\/users\/3"}],"replies":[{"embeddable":true,"href":"https:\/\/www.imovirtual.com\/noticias\/wp-json\/wp\/v2\/comments?post=1981"}],"version-history":[{"count":0,"href":"https:\/\/www.imovirtual.com\/noticias\/wp-json\/wp\/v2\/posts\/1981\/revisions"}],"wp:featuredmedia":[{"embeddable":true,"href":"https:\/\/www.imovirtual.com\/noticias\/wp-json\/wp\/v2\/media\/100"}],"wp:attachment":[{"href":"https:\/\/www.imovirtual.com\/noticias\/wp-json\/wp\/v2\/media?parent=1981"}],"wp:term":[{"taxonomy":"category","embeddable":true,"href":"https:\/\/www.imovirtual.com\/noticias\/wp-json\/wp\/v2\/categories?post=1981"},{"taxonomy":"post_tag","embeddable":true,"href":"https:\/\/www.imovirtual.com\/noticias\/wp-json\/wp\/v2\/tags?post=1981"}],"curies":[{"name":"wp","href":"https:\/\/api.w.org\/{rel}","templated":true}]}}