{"id":1979,"date":"2021-09-03T00:00:00","date_gmt":"2021-09-03T00:00:00","guid":{"rendered":"https:\/\/www.imovirtual.com\/noticias2\/2021\/09\/03\/imosintese-noticias-0209\/"},"modified":"2021-09-03T00:00:00","modified_gmt":"2021-09-03T00:00:00","slug":"imosintese-noticias-0209","status":"publish","type":"post","link":"https:\/\/www.imovirtual.com\/noticias\/novidades\/imosintese-noticias-0209\/","title":{"rendered":"IMOS\u00cdNTESE &#8211; NOT\u00cdCIAS 02\/09"},"content":{"rendered":"<p class=\"css-8qfla4\">\n<p class=\"css-m5h6m0 edperro0\">\n<h1><strong>Imos\u00edntese &#8211; 2 de Setembro de 2021<\/strong><\/h1>\n<p><strong>Em parceria com o&nbsp;<a href=\"https:\/\/www.diarioimobiliario.pt\/\" target=\"_blank\" rel=\"noopener\">Di\u00e1rio Imobili\u00e1rio<\/a>, o Imovirtual apresenta diariamente um resumo notici\u00e1rio dos acontecimentos mais relevantes do dia. Fique a par das \u00faltimas novidades do Mercado Imobili\u00e1rio.<\/strong><\/p>\n<\/p>\n<h2><strong>Sector europeu das Ci\u00eancias da Vida precisa de mais 474 mil m2 de novos espa\u00e7os at\u00e9 2022<\/strong><\/h2>\n<p>A Savills prev\u00ea&nbsp;que a cria\u00e7\u00e3o dos novos espa\u00e7os \u00e9 motivada pelo volume de investimentos de cerca de 10 mil milh\u00f5es de euros feitos no sector entre 2019 e 2020. Estima-se que por cada mil milh\u00f5es investidos ser\u00e3o necess\u00e1rios 46 mil m2.<\/p>\n<h3><strong>Saiba mais <a href=\"https:\/\/www.diarioimobiliario.pt\/Actualidade\/Internacional\/Sector-europeu-das-Ciencias-da-Vida-precisa-de-mais-474-mil-m2-de-novos-espacos-ate-2022\" target=\"_blank\" rel=\"noopener\">aqui<\/a><\/strong><\/h3>\n<\/p>\n<h2><strong>Mota-Engil regista recorde de sempre na Carteira de Encomendas com 7,4 mil milh\u00f5es de euros<\/strong><\/h2>\n<p>No 1\u00ba semestre, o Grupo regista recorde de sempre na Carteira de Encomendas com 7,4 mil milh\u00f5es de euros e aumento de 25% no EBITDA com contributo positivo de todas as regi\u00f5es.<\/p>\n<h3><strong>Saiba mais <a href=\"https:\/\/www.diarioimobiliario.pt\/Actualidade\/Mota-Engil-regista-recorde-de-sempre-na-Carteira-de-Encomendas-com-7-4-mil-milhoes-de-euros\" target=\"_blank\" rel=\"noopener\">aqui<\/a><\/strong><\/h3>\n<\/p>\n<h2><strong>LIV Student Porto: Fundo espanhol de capital de risco inaugura primeiro projecto em Portugal<\/strong><\/h2>\n<p>O VStudent \u00e9 um fundo espanhol de capital de risco (Bankinter, Valeo&nbsp;Groupe e Plenium Partners) e que inaugura a resid\u00eancia de estudantes LIV Student no Porto, com 470 camas.<\/p>\n<h3><strong>Saiba mais <a href=\"https:\/\/www.diarioimobiliario.pt\/Actualidade\/LIV-Student-Porto-Fundo-espanhol-de-capital-de-risco-inaugura-primeiro-projecto-em-Portugal\" target=\"_blank\" rel=\"noopener\">aqui<\/a><\/strong><\/h3>\n<\/p>\n<h2><strong>CTP alerta que diferen\u00e7as entre regras e procedimentos de viagem condicionam a retoma do turismo<\/strong><\/h2>\n<p>A Confedera\u00e7\u00e3o do Turismo de Portugal &#8211; CTP&nbsp;defende que \u00e9 necess\u00e1rio existirem regras e procedimentos de viagem comuns internacionais,&nbsp;sendo incompreens\u00edvel que organiza\u00e7\u00f5es internacionais n\u00e3o cheguem a um entendimento quanto \u00e0 harmoniza\u00e7\u00e3o de processos quando estamos perante uma pandemia.<\/p>\n<h3><strong>Saiba mais <a href=\"https:\/\/www.diarioimobiliario.pt\/Turismo\/CTP-alerta-que-diferencas-entre-regras-e-procedimentos-de-viagem-condicionam-a-retoma-do-turismo\" target=\"_blank\" rel=\"noopener\">aqui<\/a><\/strong><\/h3>\n<\/p>\n<h2><strong>O comboio Connecting Europe Express parte hoje de Lisboa para unir 26 pa\u00edses europeus<\/strong><\/h2>\n<p>O&nbsp;<em>Connecting Europe Express<\/em>&nbsp;\u00e9 uma das principais iniciativas do Ano Europeu do Transporte Ferrovi\u00e1rio 2021 e tem por objectivo chamar a aten\u00e7\u00e3o para os muitos benef\u00edcios do transporte ferrovi\u00e1rio, tanto para os passageiros como para o setor do transporte de mercadorias.<\/p>\n<h3><strong>Saiba mais <a href=\"https:\/\/www.diarioimobiliario.pt\/Actualidade\/O-comboio-Connecting-Europe-Express-parte-hoje-de-Lisboa-para-unir-26-paises-europeus\" target=\"_blank\" rel=\"noopener\">aqui<\/a><\/strong><\/h3>\n<\/p>\n<h3><strong>Leia as anteriores Imos\u00edntese<\/strong><\/h3>\n<ul>\n<li><a href=\"https:\/\/www.imovirtual.com\/noticias\/noticias\/imosintese-noticias-0109\" target=\"_blank\" rel=\"noopener\"><strong>IMOS\u00cdNTESE &#8211; NOT\u00cdCIAS 01\/09<\/strong><\/a><\/li>\n<li><a href=\"https:\/\/www.imovirtual.com\/noticias\/noticias\/imosintese-noticias-3108\" target=\"_blank\" rel=\"noopener\"><strong>IMOS\u00cdNTESE &#8211; NOT\u00cdCIAS 31\/08<\/strong><\/a><\/li>\n<li><a href=\"https:\/\/www.imovirtual.com\/noticias\/noticias\/imosintese-noticias-3008\" target=\"_blank\" rel=\"noopener\"><strong>IMOS\u00cdNTESE &#8211; NOT\u00cdCIAS 30\/08<\/strong><\/a><\/li>\n<\/ul>\n<\/p>\n<div class=\"css-h5fkc8\"><strong>Ultima actualiza\u00e7\u00e3o:<\/strong> 20 outubro 2021<\/div>\n","protected":false},"excerpt":{"rendered":"<p>Imos\u00edntese &#8211; 2 de Setembro de 2021 Em parceria com o&nbsp;Di\u00e1rio Imobili\u00e1rio, o Imovirtual apresenta diariamente um resumo notici\u00e1rio dos acontecimentos mais relevantes do dia. Fique a par das \u00faltimas novidades do Mercado Imobili\u00e1rio. Sector europeu das Ci\u00eancias da Vida precisa de mais 474 mil m2 de novos espa\u00e7os at\u00e9 2022 A Savills prev\u00ea&nbsp;que a &hellip;<\/p>\n","protected":false},"author":3,"featured_media":100,"comment_status":"closed","ping_status":"open","sticky":false,"template":"","format":"standard","meta":{"footnotes":""},"categories":[4],"tags":[],"class_list":["post-1979","post","type-post","status-publish","format-standard","has-post-thumbnail","hentry","category-novidades"],"_links":{"self":[{"href":"https:\/\/www.imovirtual.com\/noticias\/wp-json\/wp\/v2\/posts\/1979","targetHints":{"allow":["GET"]}}],"collection":[{"href":"https:\/\/www.imovirtual.com\/noticias\/wp-json\/wp\/v2\/posts"}],"about":[{"href":"https:\/\/www.imovirtual.com\/noticias\/wp-json\/wp\/v2\/types\/post"}],"author":[{"embeddable":true,"href":"https:\/\/www.imovirtual.com\/noticias\/wp-json\/wp\/v2\/users\/3"}],"replies":[{"embeddable":true,"href":"https:\/\/www.imovirtual.com\/noticias\/wp-json\/wp\/v2\/comments?post=1979"}],"version-history":[{"count":0,"href":"https:\/\/www.imovirtual.com\/noticias\/wp-json\/wp\/v2\/posts\/1979\/revisions"}],"wp:featuredmedia":[{"embeddable":true,"href":"https:\/\/www.imovirtual.com\/noticias\/wp-json\/wp\/v2\/media\/100"}],"wp:attachment":[{"href":"https:\/\/www.imovirtual.com\/noticias\/wp-json\/wp\/v2\/media?parent=1979"}],"wp:term":[{"taxonomy":"category","embeddable":true,"href":"https:\/\/www.imovirtual.com\/noticias\/wp-json\/wp\/v2\/categories?post=1979"},{"taxonomy":"post_tag","embeddable":true,"href":"https:\/\/www.imovirtual.com\/noticias\/wp-json\/wp\/v2\/tags?post=1979"}],"curies":[{"name":"wp","href":"https:\/\/api.w.org\/{rel}","templated":true}]}}