{"id":1971,"date":"2021-08-27T00:00:00","date_gmt":"2021-08-27T00:00:00","guid":{"rendered":"https:\/\/www.imovirtual.com\/noticias2\/2021\/08\/27\/imosintese-noticias-2708\/"},"modified":"2021-08-27T00:00:00","modified_gmt":"2021-08-27T00:00:00","slug":"imosintese-noticias-2708","status":"publish","type":"post","link":"https:\/\/www.imovirtual.com\/noticias\/novidades\/imosintese-noticias-2708\/","title":{"rendered":"IMOS\u00cdNTESE &#8211; NOT\u00cdCIAS 27\/08"},"content":{"rendered":"<p class=\"css-8qfla4\">\n<p class=\"css-m5h6m0 edperro0\">\n<h1><strong>Imos\u00edntese &#8211; 27 de Agosto de 2021<\/strong><\/h1>\n<p><strong>Em parceria com o&nbsp;<a href=\"https:\/\/www.diarioimobiliario.pt\/\" target=\"_blank\" rel=\"noopener\">Di\u00e1rio Imobili\u00e1rio<\/a>, o Imovirtual apresenta diariamente um resumo notici\u00e1rio dos acontecimentos mais relevantes do dia. Fique a par das \u00faltimas novidades do Mercado Imobili\u00e1rio.<\/strong><\/p>\n<\/p>\n<h2><strong>Valor das casas continua a subir. A avalia\u00e7\u00e3o banc\u00e1ria cresceu 8,3% em Julho<\/strong><\/h2>\n<p>O INE &#8211; Instituto Nacional de Estat\u00edstica&nbsp;revela hoje que valor mediano de avalia\u00e7\u00e3o banc\u00e1ria foi 1 221 euros em Julho, mais 6 euros que o observado no m\u00eas precedente. Em termos hom\u00f3logos, a taxa de varia\u00e7\u00e3o situou-se em 8,3% (8,6% em Junho).<\/p>\n<h3><strong>Saiba mais <a href=\"https:\/\/www.diarioimobiliario.pt\/Habitacao\/Valor-das-casas-continua-a-subir.-A-avaliacao-bancaria-cresceu-8-3-em-Julho\" target=\"_blank\" rel=\"noopener\">aqui<\/a><\/strong><\/h3>\n<\/p>\n<h2><strong>Algarve: A Portugal Sotheby\u00b4s Realty comercializa em exclusivo o resort Sun CLiffs na Ponta da Piedade<\/strong><\/h2>\n<p>A Portugal Sotheby\u00b4s Realty anuncia a comercializa\u00e7\u00e3o em regime de exclusividade do novo empreendimento Sun Cliffs localizado na zona mais exclusiva do Barlavento Algarvio.<\/p>\n<h3><strong>Saiba mais <a href=\"https:\/\/www.diarioimobiliario.pt\/Actualidade\/Algarve-A-Portugal-Sotheby-s-Realty-comercializa-em-exclusivo-o-resort-Sun-CLiffs-na-Ponta-da-Piedade\" target=\"_blank\" rel=\"noopener\">aqui<\/a><\/strong><\/h3>\n<\/p>\n<h2><strong>Um novo condom\u00ednio do Grupo Pestana vai nascer na Comporta<\/strong><\/h2>\n<p>Um novo condom\u00ednio do Grupo Pestana vai come\u00e7ar a ser erguido no pr\u00f3ximo Outono, em&nbsp;Brejos da Carregueira de Baixo, na freguesia da Comporta. A Something Imaginary Architects foi um dos dois ateliers convidados para projectar as moradias.<\/p>\n<h3><strong>Saiba mais <a href=\"https:\/\/www.diarioimobiliario.pt\/Turismo\/Um-novo-condominio-do-Grupo-Pestana-vai-nascer-na-Comporta\" target=\"_blank\" rel=\"noopener\">aqui<\/a><\/strong><\/h3>\n<\/p>\n<h2><strong>Concursos de Obras P\u00fablicas caem mas contratos celebrados sobem<\/strong><\/h2>\n<p>Nos primeiros sete meses do ano, o volume total de concursos de empreitadas de obras p\u00fablicas promovidos apresenta uma queda de 20% face ao per\u00edodo hom\u00f3logo mas os contratos celebrados sobem 32%.<\/p>\n<h3><strong>Saiba mais <a href=\"https:\/\/www.diarioimobiliario.pt\/Actualidade\/Concursos-de-Obras-Publicas-caem-mas-contratos-celebrados-sobem\" target=\"_blank\" rel=\"noopener\">aqui<\/a><\/strong><\/h3>\n<\/p>\n<h2><strong>Arte no Hotel Casa Palmela<\/strong><\/h2>\n<p>O Hotel Casa Palmela apresenta, at\u00e9 dia 2 de Outubro, uma exposi\u00e7\u00e3o de arte, sob o tema \u201cWomen Stories\u201d, que conta com a organiza\u00e7\u00e3o da Marchand d\u2019Art Olga e Sousa e com a presen\u00e7a dos artistas pl\u00e1sticos Ivone Gaipi e Gilberto Gaspar.<\/p>\n<h3><strong>Saiba mais <a href=\"https:\/\/www.diarioimobiliario.pt\/Turismo\/Arte-no-Hotel-Casa-Palmela\" target=\"_blank\" rel=\"noopener\">aqui<\/a><\/strong><\/h3>\n<\/p>\n<h3><strong>Leia as anteriores Imos\u00edntese<\/strong><\/h3>\n<ul>\n<li><a href=\"https:\/\/www.imovirtual.com\/noticias\/noticias\/imosintese-noticias-260821\" target=\"_blank\" rel=\"noopener\"><strong>IMOS\u00cdNTESE &#8211; NOT\u00cdCIAS 26\/08<\/strong><\/a><\/li>\n<li><a href=\"https:\/\/www.imovirtual.com\/noticias\/noticias\/imosintese-noticias-2508\" target=\"_blank\" rel=\"noopener\"><strong>IMOS\u00cdNTESE &#8211; NOT\u00cdCIAS 25\/08<\/strong><\/a><\/li>\n<li><a href=\"https:\/\/www.imovirtual.com\/noticias\/noticias\/imosintese-noticias-2408\" target=\"_blank\" rel=\"noopener\"><strong>IMOS\u00cdNTESE &#8211; NOT\u00cdCIAS 24\/08<\/strong><\/a><\/li>\n<\/ul>\n<\/p>\n<div class=\"css-h5fkc8\"><strong>Ultima actualiza\u00e7\u00e3o:<\/strong> 20 outubro 2021<\/div>\n","protected":false},"excerpt":{"rendered":"<p>Imos\u00edntese &#8211; 27 de Agosto de 2021 Em parceria com o&nbsp;Di\u00e1rio Imobili\u00e1rio, o Imovirtual apresenta diariamente um resumo notici\u00e1rio dos acontecimentos mais relevantes do dia. Fique a par das \u00faltimas novidades do Mercado Imobili\u00e1rio. Valor das casas continua a subir. A avalia\u00e7\u00e3o banc\u00e1ria cresceu 8,3% em Julho O INE &#8211; Instituto Nacional de Estat\u00edstica&nbsp;revela hoje &hellip;<\/p>\n","protected":false},"author":3,"featured_media":100,"comment_status":"closed","ping_status":"open","sticky":false,"template":"","format":"standard","meta":{"footnotes":""},"categories":[4],"tags":[],"class_list":["post-1971","post","type-post","status-publish","format-standard","has-post-thumbnail","hentry","category-novidades"],"_links":{"self":[{"href":"https:\/\/www.imovirtual.com\/noticias\/wp-json\/wp\/v2\/posts\/1971","targetHints":{"allow":["GET"]}}],"collection":[{"href":"https:\/\/www.imovirtual.com\/noticias\/wp-json\/wp\/v2\/posts"}],"about":[{"href":"https:\/\/www.imovirtual.com\/noticias\/wp-json\/wp\/v2\/types\/post"}],"author":[{"embeddable":true,"href":"https:\/\/www.imovirtual.com\/noticias\/wp-json\/wp\/v2\/users\/3"}],"replies":[{"embeddable":true,"href":"https:\/\/www.imovirtual.com\/noticias\/wp-json\/wp\/v2\/comments?post=1971"}],"version-history":[{"count":0,"href":"https:\/\/www.imovirtual.com\/noticias\/wp-json\/wp\/v2\/posts\/1971\/revisions"}],"wp:featuredmedia":[{"embeddable":true,"href":"https:\/\/www.imovirtual.com\/noticias\/wp-json\/wp\/v2\/media\/100"}],"wp:attachment":[{"href":"https:\/\/www.imovirtual.com\/noticias\/wp-json\/wp\/v2\/media?parent=1971"}],"wp:term":[{"taxonomy":"category","embeddable":true,"href":"https:\/\/www.imovirtual.com\/noticias\/wp-json\/wp\/v2\/categories?post=1971"},{"taxonomy":"post_tag","embeddable":true,"href":"https:\/\/www.imovirtual.com\/noticias\/wp-json\/wp\/v2\/tags?post=1971"}],"curies":[{"name":"wp","href":"https:\/\/api.w.org\/{rel}","templated":true}]}}