{"id":1960,"date":"2021-09-08T00:00:00","date_gmt":"2021-09-08T00:00:00","guid":{"rendered":"https:\/\/www.imovirtual.com\/noticias2\/2021\/09\/08\/imosintese-noticias-070911\/"},"modified":"2021-09-08T00:00:00","modified_gmt":"2021-09-08T00:00:00","slug":"imosintese-noticias-070911","status":"publish","type":"post","link":"https:\/\/www.imovirtual.com\/noticias\/novidades\/imosintese-noticias-070911\/","title":{"rendered":"IMOS\u00cdNTESE &#8211; NOT\u00cdCIAS 07\/09"},"content":{"rendered":"<p class=\"css-8qfla4\">\n<p class=\"css-m5h6m0 edperro0\">\n<h1><strong>Imos\u00edntese &#8211; 7 de Setembro de 2021<\/strong><\/h1>\n<p><strong>Em parceria com o&nbsp;<a href=\"https:\/\/www.diarioimobiliario.pt\/\" target=\"_blank\" rel=\"noopener\">Di\u00e1rio Imobili\u00e1rio<\/a>, o Imovirtual apresenta diariamente um resumo notici\u00e1rio dos acontecimentos mais relevantes do dia. Fique a par das \u00faltimas novidades do Mercado Imobili\u00e1rio.<\/strong><\/p>\n<\/p>\n<h2><strong>Construir &#8216;Casas para portugueses&#8217; no interior \u00e9 o novo desafio da promotora Rio Capital<\/strong><\/h2>\n<p>Depois de investir na \u00e1rea da Grande Lisboa, a promotora imobili\u00e1ria que vai investir cerca de 65 milh\u00f5es de euros at\u00e9 2022,&nbsp;anuncia um novo investimento, desta vez no Alto Alentejo, concretamente em Portalegre.<\/p>\n<h3><strong>Saiba mais <a href=\"https:\/\/www.diarioimobiliario.pt\/Habitacao\/Construir-Casas-para-portugueses-no-interior-e-o-novo-desafio-da-promotora-Rio-Capital\" target=\"_blank\" rel=\"noopener\">aqui<\/a><\/strong><\/h3>\n<\/p>\n<h2><strong>Estudantes podem conseguir um ano de arrendamento gratuito<\/strong><\/h2>\n<p>A Century 21 Portugal e a MEGA HITS querem ajudar os estudantes a conseguirem a sua primeira casa e v\u00e3o oferecer um ano de arrendamento a cinco universit\u00e1rios atrav\u00e9s da iniciativa &#8221; Key to my Studio by Century 21 e MEGA HITS\u201d.&nbsp;.<\/p>\n<h3><strong>Saiba mais <a href=\"https:\/\/www.diarioimobiliario.pt\/Habitacao\/Arrendamento\/Estudantes-podem-conseguir-um-ano-de-arrendamento-gratuito\" target=\"_blank\" rel=\"noopener\">aqui<\/a><\/strong><\/h3>\n<\/p>\n<h2><strong>Os novos apartamentos de luxo de investidores premium<\/strong><\/h2>\n<p>Os investidores premium procuram nas novas casas, espa\u00e7os abertos, vistas privilegiadas e boa localiza\u00e7\u00e3o, revela a&nbsp;Engel &amp; V\u00f6lkers, multinacional alem\u00e3 especialista na media\u00e7\u00e3o de im\u00f3veis de luxo.<\/p>\n<h3><strong>Saiba mais <a href=\"https:\/\/www.diarioimobiliario.pt\/Habitacao\/Os-novos-apartamentos-de-luxo-de-investidores-premium\" target=\"_blank\" rel=\"noopener\">aqui<\/a><\/strong><\/h3>\n<\/p>\n<h2><strong>Invicta pede &#8216;Confian\u00e7a Porto&#8217; aos alojamentos tur\u00edsticos da cidade<\/strong><\/h2>\n<p>Encontram-se abertas as inscri\u00e7\u00f5es para o Programa Municipal de Reconhecimento &#8216;Confian\u00e7a Porto&#8217;, que vai permitir aos estabelecimentos de alojamento tur\u00edstico da cidade obter o respectivo &#8216;selo&#8217; de confian\u00e7a.<\/p>\n<h3><strong>Saiba mais <a href=\"https:\/\/www.diarioimobiliario.pt\/Turismo\/Invicta-pede-Confianca-Porto-aos-alojamentos-turisticos-da-cidade\" target=\"_blank\" rel=\"noopener\">aqui<\/a><\/strong><\/h3>\n<\/p>\n<h2><strong>As novas tend\u00eancias do design de interiores para conhecer em Lisboa em Outubro<\/strong><\/h2>\n<p>A Homeing \u2013 Interior Design and Home Living, mostra de design e decora\u00e7\u00e3o de interiores, instala-se agora no Pavilh\u00e3o Carlos Lopes, em Lisboa, entre os dias&nbsp;7 a 9 de Outubro.<\/p>\n<h3><strong>Saiba mais <a href=\"https:\/\/www.diarioimobiliario.pt\/Arquitectura\/Design\/As-novas-tendencias-do-design-de-interiores-para-conhecer-em-Lisboa-em-Outubro\" target=\"_blank\" rel=\"noopener\">aqui<\/a><\/strong><\/h3>\n<\/p>\n<h3><strong>Leia as anteriores Imos\u00edntese<\/strong><\/h3>\n<ul>\n<li><a href=\"https:\/\/www.imovirtual.com\/noticias\/noticias\/imosintese-noticias-0309\"><strong>IMOS\u00cdNTESE &#8211; NOT\u00cdCIAS 06\/09<\/strong><\/a><\/li>\n<li><a href=\"https:\/\/www.imovirtual.com\/noticias\/noticias\/imosintese-noticias-0309\"><strong>IMOS\u00cdNTESE &#8211; NOT\u00cdCIAS 03\/09<\/strong><\/a><\/li>\n<li><a href=\"https:\/\/www.imovirtual.com\/noticias\/noticias\/imosintese-noticias-0209\" target=\"_blank\" rel=\"noopener\"><strong>IMOS\u00cdNTESE &#8211; NOT\u00cdCIAS 02\/09<\/strong><\/a><\/li>\n<\/ul>\n<\/p>\n<div class=\"css-h5fkc8\"><strong>Ultima actualiza\u00e7\u00e3o:<\/strong> 20 outubro 2021<\/div>\n","protected":false},"excerpt":{"rendered":"<p>Imos\u00edntese &#8211; 7 de Setembro de 2021 Em parceria com o&nbsp;Di\u00e1rio Imobili\u00e1rio, o Imovirtual apresenta diariamente um resumo notici\u00e1rio dos acontecimentos mais relevantes do dia. Fique a par das \u00faltimas novidades do Mercado Imobili\u00e1rio. Construir &#8216;Casas para portugueses&#8217; no interior \u00e9 o novo desafio da promotora Rio Capital Depois de investir na \u00e1rea da Grande &hellip;<\/p>\n","protected":false},"author":3,"featured_media":100,"comment_status":"closed","ping_status":"open","sticky":false,"template":"","format":"standard","meta":{"footnotes":""},"categories":[4],"tags":[],"class_list":["post-1960","post","type-post","status-publish","format-standard","has-post-thumbnail","hentry","category-novidades"],"_links":{"self":[{"href":"https:\/\/www.imovirtual.com\/noticias\/wp-json\/wp\/v2\/posts\/1960","targetHints":{"allow":["GET"]}}],"collection":[{"href":"https:\/\/www.imovirtual.com\/noticias\/wp-json\/wp\/v2\/posts"}],"about":[{"href":"https:\/\/www.imovirtual.com\/noticias\/wp-json\/wp\/v2\/types\/post"}],"author":[{"embeddable":true,"href":"https:\/\/www.imovirtual.com\/noticias\/wp-json\/wp\/v2\/users\/3"}],"replies":[{"embeddable":true,"href":"https:\/\/www.imovirtual.com\/noticias\/wp-json\/wp\/v2\/comments?post=1960"}],"version-history":[{"count":0,"href":"https:\/\/www.imovirtual.com\/noticias\/wp-json\/wp\/v2\/posts\/1960\/revisions"}],"wp:featuredmedia":[{"embeddable":true,"href":"https:\/\/www.imovirtual.com\/noticias\/wp-json\/wp\/v2\/media\/100"}],"wp:attachment":[{"href":"https:\/\/www.imovirtual.com\/noticias\/wp-json\/wp\/v2\/media?parent=1960"}],"wp:term":[{"taxonomy":"category","embeddable":true,"href":"https:\/\/www.imovirtual.com\/noticias\/wp-json\/wp\/v2\/categories?post=1960"},{"taxonomy":"post_tag","embeddable":true,"href":"https:\/\/www.imovirtual.com\/noticias\/wp-json\/wp\/v2\/tags?post=1960"}],"curies":[{"name":"wp","href":"https:\/\/api.w.org\/{rel}","templated":true}]}}