{"id":1957,"date":"2021-09-29T00:00:00","date_gmt":"2021-09-29T00:00:00","guid":{"rendered":"https:\/\/www.imovirtual.com\/noticias2\/2021\/09\/29\/imosintese-noticias-2909\/"},"modified":"2021-09-29T00:00:00","modified_gmt":"2021-09-29T00:00:00","slug":"imosintese-noticias-2909","status":"publish","type":"post","link":"https:\/\/www.imovirtual.com\/noticias\/novidades\/imosintese-noticias-2909\/","title":{"rendered":"IMOS\u00cdNTESE &#8211; NOT\u00cdCIAS 29\/09"},"content":{"rendered":"<p class=\"css-8qfla4\">\n<p class=\"css-m5h6m0 edperro0\">\n<h1><strong>Imos\u00edntese &#8211; 29 de Setembro de 2021<\/strong><\/h1>\n<p><strong>Em parceria com o&nbsp;<a href=\"https:\/\/www.diarioimobiliario.pt\/\" target=\"_blank\" rel=\"noopener\">Di\u00e1rio Imobili\u00e1rio<\/a>, o Imovirtual apresenta diariamente um resumo notici\u00e1rio dos acontecimentos mais relevantes do dia. Fique a par das \u00faltimas novidades do Mercado Imobili\u00e1rio.<\/strong><\/p>\n<\/p>\n<h2><strong>Tra\u00e7ado Regulador projecta moradia mut\u00e1vel em Mangualde<\/strong><\/h2>\n<p>A Tra\u00e7ado Regulador projecta uma moradia t\u00e9rrea em Viseu, que se pauta pela particularidade de poder ser utilizada como uma \u00fanica casa ou como duas habita\u00e7\u00f5es aut\u00f3nomas.<\/p>\n<h3><strong>Saiba mais <a href=\"https:\/\/www.diarioimobiliario.pt\/Arquitectura\/Tracado-Regulador-projecta-moradia-mutavel-em-Mangualde\" target=\"_blank\" rel=\"noopener\">aqui<\/a><\/strong><\/h3>\n<\/p>\n<h2><strong>JLL quer atrair novas marcas para a Foz do Porto<\/strong><\/h2>\n<p>A consultora imobili\u00e1ria JLL anunciou hoje que est\u00e1 a comercializar as \u00e1reas comerciais do edif\u00edcio Senhora da Luz 217, situado numa das principais ruas da Foz do Porto.<\/p>\n<h3><strong>Saiba mais <a href=\"https:\/\/www.diarioimobiliario.pt\/Actualidade\/JLL-quer-atrair-novas-marcas-para-a-Foz-do-Porto\" target=\"_blank\" rel=\"noopener\">aqui<\/a><\/strong><\/h3>\n<\/p>\n<h2><strong>Seis antigas esta\u00e7\u00f5es ferrovi\u00e1rias v\u00e3o ser reabilitadas para o turismo<\/strong><\/h2>\n<p>O Estado lan\u00e7ou os concursos para a reabilita\u00e7\u00e3o e explora\u00e7\u00e3o de seis antigas esta\u00e7\u00f5es ferrovi\u00e1rias inseridas no Fundo Revive Natureza, cujas candidaturas podem ser apresentadas at\u00e9 26 de Janeiro de 2022<\/p>\n<h3><strong>Saiba mais <a href=\"https:\/\/www.diarioimobiliario.pt\/Turismo\/Seis-antigas-estacoes-ferroviarias-vao-ser-reabilitadas-para-o-turismo\" target=\"_blank\" rel=\"noopener\">aqui<\/a><\/strong><\/h3>\n<\/p>\n<h2><strong>Portugal sobe tr\u00eas posi\u00e7\u00f5es no ranking de Competitividade Digital do IMD<\/strong><\/h2>\n<p>Portugal recupera a sua competitividade digital e regressa \u00e0 34\u00aa posi\u00e7\u00e3o no ranking mundial do&nbsp;IMD World Competitiveness Center, entre as 64 economias analisadas, recuperando a posi\u00e7\u00e3o alcan\u00e7ada em 2019.<\/p>\n<h3><strong>Saiba mais <a href=\"https:\/\/www.diarioimobiliario.pt\/Actualidade\/Portugal-sobe-tres-posicoes-no-ranking-de-Competitividade-Digital-do-IMD\" target=\"_blank\" rel=\"noopener\">aqui<\/a><\/strong><\/h3>\n<\/p>\n<h2><strong>Competitividade Digital angaria 20 milh\u00f5es de d\u00f3lares para digitalizar im\u00f3veis residenciais<\/strong><\/h2>\n<p>Nomad Homes, uma startup tecnol\u00f3gica com foco no imobili\u00e1rio (proptech) que oferece uma experi\u00eancia de compra de imobili\u00e1rio &#8211; do princ\u00edpio ao fim &#8211; na Europa, no M\u00e9dio Oriente e \u00c1frica acaba de anunciar que concluiu uma ronda de financiamento S\u00e9rie A no valor de 20 milh\u00f5es de euros.<\/p>\n<h3><strong>Saiba mais <a href=\"https:\/\/www.diarioimobiliario.pt\/Actualidade\/ImoEmpreendedor\/Proptech-Nomad-Homes-angaria-20-milhoes-de-dolares-para-digitalizar-imoveis-residenciais\" target=\"_blank\" rel=\"noopener\">aqui<\/a><\/strong><\/h3>\n<\/p>\n<h3><strong>Leia as anteriores Imos\u00edntese<\/strong><\/h3>\n<ul>\n<li><a href=\"https:\/\/www.imovirtual.com\/noticias\/noticias\/imosintese-noticias-2809\" target=\"_blank\" rel=\"noopener\"><strong>IMOS\u00cdNTESE &#8211; NOT\u00cdCIAS 28\/09<\/strong><\/a><\/li>\n<li><a href=\"https:\/\/www.imovirtual.com\/noticias\/noticias\/imosintese-noticias-2709\" target=\"_blank\" rel=\"noopener\"><strong>IMOS\u00cdNTESE &#8211; NOT\u00cdCIAS 27\/09<\/strong><\/a><\/li>\n<li><a href=\"https:\/\/www.imovirtual.com\/noticias\/noticias\/imosintese-noticias-2409\" target=\"_blank\" rel=\"noopener\"><strong>IMOS\u00cdNTESE &#8211; NOT\u00cdCIAS 24\/09<\/strong><\/a><\/li>\n<\/ul>\n<\/p>\n<div class=\"css-h5fkc8\"><strong>Ultima actualiza\u00e7\u00e3o:<\/strong> 20 outubro 2021<\/div>\n","protected":false},"excerpt":{"rendered":"<p>Imos\u00edntese &#8211; 29 de Setembro de 2021 Em parceria com o&nbsp;Di\u00e1rio Imobili\u00e1rio, o Imovirtual apresenta diariamente um resumo notici\u00e1rio dos acontecimentos mais relevantes do dia. Fique a par das \u00faltimas novidades do Mercado Imobili\u00e1rio. Tra\u00e7ado Regulador projecta moradia mut\u00e1vel em Mangualde A Tra\u00e7ado Regulador projecta uma moradia t\u00e9rrea em Viseu, que se pauta pela particularidade &hellip;<\/p>\n","protected":false},"author":3,"featured_media":100,"comment_status":"closed","ping_status":"open","sticky":false,"template":"","format":"standard","meta":{"footnotes":""},"categories":[4],"tags":[],"class_list":["post-1957","post","type-post","status-publish","format-standard","has-post-thumbnail","hentry","category-novidades"],"_links":{"self":[{"href":"https:\/\/www.imovirtual.com\/noticias\/wp-json\/wp\/v2\/posts\/1957","targetHints":{"allow":["GET"]}}],"collection":[{"href":"https:\/\/www.imovirtual.com\/noticias\/wp-json\/wp\/v2\/posts"}],"about":[{"href":"https:\/\/www.imovirtual.com\/noticias\/wp-json\/wp\/v2\/types\/post"}],"author":[{"embeddable":true,"href":"https:\/\/www.imovirtual.com\/noticias\/wp-json\/wp\/v2\/users\/3"}],"replies":[{"embeddable":true,"href":"https:\/\/www.imovirtual.com\/noticias\/wp-json\/wp\/v2\/comments?post=1957"}],"version-history":[{"count":0,"href":"https:\/\/www.imovirtual.com\/noticias\/wp-json\/wp\/v2\/posts\/1957\/revisions"}],"wp:featuredmedia":[{"embeddable":true,"href":"https:\/\/www.imovirtual.com\/noticias\/wp-json\/wp\/v2\/media\/100"}],"wp:attachment":[{"href":"https:\/\/www.imovirtual.com\/noticias\/wp-json\/wp\/v2\/media?parent=1957"}],"wp:term":[{"taxonomy":"category","embeddable":true,"href":"https:\/\/www.imovirtual.com\/noticias\/wp-json\/wp\/v2\/categories?post=1957"},{"taxonomy":"post_tag","embeddable":true,"href":"https:\/\/www.imovirtual.com\/noticias\/wp-json\/wp\/v2\/tags?post=1957"}],"curies":[{"name":"wp","href":"https:\/\/api.w.org\/{rel}","templated":true}]}}