{"id":1955,"date":"2021-09-28T00:00:00","date_gmt":"2021-09-28T00:00:00","guid":{"rendered":"https:\/\/www.imovirtual.com\/noticias2\/2021\/09\/28\/imosintese-noticias-2809\/"},"modified":"2021-09-28T00:00:00","modified_gmt":"2021-09-28T00:00:00","slug":"imosintese-noticias-2809","status":"publish","type":"post","link":"https:\/\/www.imovirtual.com\/noticias\/novidades\/imosintese-noticias-2809\/","title":{"rendered":"IMOS\u00cdNTESE &#8211; NOT\u00cdCIAS 28\/09"},"content":{"rendered":"<p class=\"css-8qfla4\">\n<p class=\"css-m5h6m0 edperro0\">\n<h1><strong>Imos\u00edntese &#8211; 28 de Setembro de 2021<\/strong><\/h1>\n<p><strong>Em parceria com o&nbsp;<a href=\"https:\/\/www.diarioimobiliario.pt\/\" target=\"_blank\" rel=\"noopener\">Di\u00e1rio Imobili\u00e1rio<\/a>, o Imovirtual apresenta diariamente um resumo notici\u00e1rio dos acontecimentos mais relevantes do dia. Fique a par das \u00faltimas novidades do Mercado Imobili\u00e1rio.<\/strong><\/p>\n<\/p>\n<h2><strong>Vender casas num modelo virtual n\u00e3o assusta os portugueses<\/strong><\/h2>\n<p>Chegou a Portugal em tempo de pandemia e com a miss\u00e3o de dominar o mercado com um modelo exclusivamente digital. A eXp que nasceu nos Estados Unidos da Am\u00e9rica, escolheu o nosso pa\u00eds para a sua primeira internacionaliza\u00e7\u00e3o e Guilherme Grossman, assumiu a direc\u00e7\u00e3o da empresa em Portugal. 100% virtual, a eXp \u00e9 a mediadora imobili\u00e1ria com melhor desempenho nos EUA.<\/p>\n<h3><strong>Saiba mais <a href=\"https:\/\/www.diarioimobiliario.pt\/Entrevistas\/Vender-casas-num-modelo-virtual-nao-assusta-os-portugueses\" target=\"_blank\" rel=\"noopener\">aqui<\/a><\/strong><\/h3>\n<\/p>\n<h2><strong>Fuse Valley chega a Portugal para ser o projecto mais sustent\u00e1vel do pa\u00eds<\/strong><\/h2>\n<p>Fuse Valley \u00e9 o nome do projecto do vale tecnol\u00f3gico idealizado pela empresa internacional BIG &#8211; Bjarke Ingels Group, candidato a ser o empreendimento mais sustent\u00e1vel de Portugal e dos mais sustent\u00e1veis da Europa.<\/p>\n<h3><strong>Saiba mais <a href=\"https:\/\/www.diarioimobiliario.pt\/Actualidade\/Escritorios\/Fuse-Valley-chega-a-Portugal-para-ser-o-projecto-mais-sustentavel-do-pais\" target=\"_blank\" rel=\"noopener\">aqui<\/a><\/strong><\/h3>\n<\/p>\n<h2><strong>Penthouse mais cara do Dubai \u00e0 venda por 42 milh\u00f5es de euros<\/strong><\/h2>\n<p>Com 2.322 m2, o apartamento de cobertura exibe um luxo ostentat\u00f3rio, piscina privativa e acesso servi\u00e7os de um hotel de cinco estrelas.<\/p>\n<h3><strong>Saiba mais <a href=\"https:\/\/www.diarioimobiliario.pt\/Actualidade\/Internacional\/Penthouse-mais-cara-do-Dubai-a-venda-por-42-milhoes-de-euros\" target=\"_blank\" rel=\"noopener\">aqui<\/a><\/strong><\/h3>\n<\/p>\n<h2><strong>Oeiras e S\u00e3o Juli\u00e3o da Barra com mais moradias dispon\u00edveis no concelho<\/strong><\/h2>\n<p>A Uni\u00e3o das Freguesias de Oeiras e S\u00e3o Juli\u00e3o da Barra tem dispon\u00edveis no mercado imobili\u00e1rio 1173 im\u00f3veis para comercializa\u00e7\u00e3o, sendo a freguesia do concelho de Oeiras com mais moradias dispon\u00edveis: 166, no total.<\/p>\n<h3><strong>Saiba mais <a href=\"https:\/\/www.diarioimobiliario.pt\/Habitacao\/Oeiras-e-Sao-Juliao-da-Barra-com-mais-moradias-disponiveis-no-concelho\" target=\"_blank\" rel=\"noopener\">aqui<\/a><\/strong><\/h3>\n<\/p>\n<h2><strong>DS Private abre 4.\u00aa loja em Lisboa<\/strong><\/h2>\n<p>A consultora imobili\u00e1ria DS Private inaugurou em Lisboa a 14.\u00aa loja no pa\u00eds, a DS Private Lisboa Avenidas Novas, depois de ter aberto a primeira na cidade de Vila Nova de Gaia.<\/p>\n<h3><strong>Saiba mais <a href=\"https:\/\/www.diarioimobiliario.pt\/Actualidade\/DS-Private-abre-4.a-loja-em-Lisboa\" target=\"_blank\" rel=\"noopener\">aqui<\/a><\/strong><\/h3>\n<\/p>\n<h3><strong>Leia as anteriores Imos\u00edntese<\/strong><\/h3>\n<ul>\n<li><a href=\"https:\/\/www.imovirtual.com\/noticias\/noticias\/imosintese-noticias-2709\" target=\"_blank\" rel=\"noopener\"><strong>IMOS\u00cdNTESE &#8211; NOT\u00cdCIAS 27\/09<\/strong><\/a><\/li>\n<li><a href=\"https:\/\/www.imovirtual.com\/noticias\/noticias\/imosintese-noticias-2409\" target=\"_blank\" rel=\"noopener\"><strong>IMOS\u00cdNTESE &#8211; NOT\u00cdCIAS 24\/09<\/strong><\/a><\/li>\n<li><a href=\"https:\/\/www.imovirtual.com\/noticias\/noticias\/imosintese-noticias-2309\" target=\"_blank\" rel=\"noopener\"><strong>IMOS\u00cdNTESE &#8211; NOT\u00cdCIAS 23\/09<\/strong><\/a><\/li>\n<\/ul>\n<\/p>\n<div class=\"css-h5fkc8\"><strong>Ultima actualiza\u00e7\u00e3o:<\/strong> 20 outubro 2021<\/div>\n","protected":false},"excerpt":{"rendered":"<p>Imos\u00edntese &#8211; 28 de Setembro de 2021 Em parceria com o&nbsp;Di\u00e1rio Imobili\u00e1rio, o Imovirtual apresenta diariamente um resumo notici\u00e1rio dos acontecimentos mais relevantes do dia. Fique a par das \u00faltimas novidades do Mercado Imobili\u00e1rio. Vender casas num modelo virtual n\u00e3o assusta os portugueses Chegou a Portugal em tempo de pandemia e com a miss\u00e3o de &hellip;<\/p>\n","protected":false},"author":3,"featured_media":100,"comment_status":"closed","ping_status":"open","sticky":false,"template":"","format":"standard","meta":{"footnotes":""},"categories":[4],"tags":[],"class_list":["post-1955","post","type-post","status-publish","format-standard","has-post-thumbnail","hentry","category-novidades"],"_links":{"self":[{"href":"https:\/\/www.imovirtual.com\/noticias\/wp-json\/wp\/v2\/posts\/1955","targetHints":{"allow":["GET"]}}],"collection":[{"href":"https:\/\/www.imovirtual.com\/noticias\/wp-json\/wp\/v2\/posts"}],"about":[{"href":"https:\/\/www.imovirtual.com\/noticias\/wp-json\/wp\/v2\/types\/post"}],"author":[{"embeddable":true,"href":"https:\/\/www.imovirtual.com\/noticias\/wp-json\/wp\/v2\/users\/3"}],"replies":[{"embeddable":true,"href":"https:\/\/www.imovirtual.com\/noticias\/wp-json\/wp\/v2\/comments?post=1955"}],"version-history":[{"count":0,"href":"https:\/\/www.imovirtual.com\/noticias\/wp-json\/wp\/v2\/posts\/1955\/revisions"}],"wp:featuredmedia":[{"embeddable":true,"href":"https:\/\/www.imovirtual.com\/noticias\/wp-json\/wp\/v2\/media\/100"}],"wp:attachment":[{"href":"https:\/\/www.imovirtual.com\/noticias\/wp-json\/wp\/v2\/media?parent=1955"}],"wp:term":[{"taxonomy":"category","embeddable":true,"href":"https:\/\/www.imovirtual.com\/noticias\/wp-json\/wp\/v2\/categories?post=1955"},{"taxonomy":"post_tag","embeddable":true,"href":"https:\/\/www.imovirtual.com\/noticias\/wp-json\/wp\/v2\/tags?post=1955"}],"curies":[{"name":"wp","href":"https:\/\/api.w.org\/{rel}","templated":true}]}}