{"id":1951,"date":"2021-08-10T00:00:00","date_gmt":"2021-08-10T00:00:00","guid":{"rendered":"https:\/\/www.imovirtual.com\/noticias2\/2021\/08\/10\/imosintese-noticias-1008\/"},"modified":"2021-08-10T00:00:00","modified_gmt":"2021-08-10T00:00:00","slug":"imosintese-noticias-1008","status":"publish","type":"post","link":"https:\/\/www.imovirtual.com\/noticias\/novidades\/imosintese-noticias-1008\/","title":{"rendered":"IMOS\u00cdNTESE &#8211; NOT\u00cdCIAS 10\/08"},"content":{"rendered":"<p class=\"css-8qfla4\">\n<p class=\"css-m5h6m0 edperro0\">\n<h1><strong>Imos\u00edntese &#8211; 10 de Agosto de 2021<\/strong><\/h1>\n<p><strong>Em parceria com o&nbsp;<a href=\"https:\/\/www.diarioimobiliario.pt\/\" target=\"_blank\" rel=\"noopener\">Di\u00e1rio Imobili\u00e1rio<\/a>, o Imovirtual apresenta diariamente um resumo notici\u00e1rio dos acontecimentos mais relevantes do dia. Fique a par das \u00faltimas novidades do Mercado Imobili\u00e1rio.<\/strong><\/p>\n<\/p>\n<h2><strong>Verdelago Resort j\u00e1 tem mais de 65% das unidades reservadas e a maioria por portugueses<\/strong><\/h2>\n<p>O&nbsp;Verdelago Resort, localizado entre Altura e a Praia Verde, em Castro Marim, j\u00e1 tem mais de 65% das suas primeiras unidades residenciais tur\u00edsticas reservadas, menos de um m\u00eas depois do seu lan\u00e7amento.&nbsp;Maioria dos compradores s\u00e3o portugueses, mas tamb\u00e9m h\u00e1 espanh\u00f3is, brasileiros e americanos.<\/p>\n<h3><strong>Saiba mais <a href=\"https:\/\/www.diarioimobiliario.pt\/Actualidade\/Verdelago-Resort-ja-tem-mais-de-65-das-unidades-reservadas-e-a-maioria-por-portugueses\" target=\"_blank\" rel=\"noopener\">aqui<\/a><\/strong><\/h3>\n<\/p>\n<h2><strong>Programa de Apoio a Edif\u00edcios Mais Sustent\u00e1veis j\u00e1 recebeu candidaturas de um milh\u00e3o de euros<\/strong><\/h2>\n<p>O Minist\u00e9rio do Ambiente e da A\u00e7\u00e3o Clim\u00e1tica j\u00e1 pagou candidaturas no valor global de 1 milh\u00e3o de euros, referentes ao Programa de Apoio a Edif\u00edcios Mais Sustent\u00e1veis, de um total de 30 milh\u00f5es de dota\u00e7\u00e3o dispon\u00edvel para esta fase, provenientes do Plano de Recupera\u00e7\u00e3o e Resili\u00eancia (PRR). O PRR conta com um total de 135 milh\u00f5es de euros para aplicar, at\u00e9 2025, na efici\u00eancia energ\u00e9tica dos edif\u00edcios.<\/p>\n<h3><strong>Saiba mais <a href=\"https:\/\/www.diarioimobiliario.pt\/Actualidade\/Sustentabilidade\/Programa-de-Apoio-a-Edificios-Mais-Sustentaveis-ja-recebeu-candidaturas-de-um-milhao-de-euros\" target=\"_blank\" rel=\"noopener\">aqui<\/a><\/strong><\/h3>\n<\/p>\n<h2><strong>Construir habita\u00e7\u00e3o nova \u00e9 6,5% mais caro do que no ano passado<\/strong><\/h2>\n<p>Em Junho, estima-se que os custos de constru\u00e7\u00e3o de habita\u00e7\u00e3o nova tenham aumentado 6,5% em termos hom\u00f3logos, mais 0,4 pontos percentuais (p.p.) face ao observado no m\u00eas anterior, revela hoje o INE.<\/p>\n<h3><strong>Saiba mais <a href=\"https:\/\/www.diarioimobiliario.pt\/Habitacao\/Construir-habitacao-nova-e-6-5-mais-caro-do-que-no-ano-passado\" target=\"_blank\" rel=\"noopener\">aqui<\/a><\/strong><\/h3>\n<\/p>\n<h2><strong>Gestora de fundos brit\u00e2nica compra 60% da Engel &amp; V\u00f6lkers<\/strong><\/h2>\n<p>A empresa brit\u00e2nica Permira anunciou ontem a compra de uma participa\u00e7\u00e3o maiorit\u00e1ria da rede de media\u00e7\u00e3o de imobili\u00e1rio luxo Engel &amp; V\u00f6lkers.<\/p>\n<h3><strong>Saiba mais <a href=\"https:\/\/www.diarioimobiliario.pt\/Actualidade\/Internacional\/Gestora-de-fundos-britanica-compra-60-da-Engel-Voelkers\" target=\"_blank\" rel=\"noopener\">aqui<\/a><\/strong><\/h3>\n<\/p>\n<h2><strong>Sede da Ordem dos Arquitectos entre os finalistas do World Architecture Festival<\/strong><\/h2>\n<p>H\u00e1 um projeto portugu\u00eas entre os finalistas do World Architecture Festival (WAF), que decorre este ano na capital portuguesa, entre os dias&nbsp;1 e 3 de Dezembro. O projecto escolhido \u00e9 o que foi&nbsp;presentado para o concurso de amplia\u00e7\u00e3o da Sede da Ordem dos Arquitectos \u2013 Lisboa, apesar de n\u00e3o ter sido a escolha no concurso p\u00fablico nacional,&nbsp;disputa como finalista na categoria \u201cFuture Projects &#8211; Competition Entries\u201d.<\/p>\n<h3><strong>Saiba mais <a href=\"https:\/\/https:\/https:\/\/www.diarioimobiliario.pt\/Arquitectura\/Sede-da-Ordem-dos-Arquitectos-entre-os-finalistas-do-World-Architecture-Festival\" target=\"_blank\" rel=\"noopener\">aqui<\/a><\/strong><\/h3>\n<\/p>\n<h3><strong>Leia as anteriores Imos\u00edntese<\/strong><\/h3>\n<ul>\n<li><a href=\"https:\/\/www.imovirtual.com\/noticias\/noticias\/imosintese-noticias-0908\" target=\"_blank\" rel=\"noopener\"><strong>IMOS\u00cdNTESE &#8211; NOT\u00cdCIAS 09\/08<\/strong><\/a><\/li>\n<li><a href=\"https:\/\/www.imovirtual.com\/noticias\/noticias\/imosintese-noticias-0608\" target=\"_blank\" rel=\"noopener\"><strong>IMOS\u00cdNTESE &#8211; NOT\u00cdCIAS 06\/08<\/strong><\/a><\/li>\n<li><a href=\"https:\/\/www.imovirtual.com\/noticias\/noticias\/imosintese-noticias-0508\" target=\"_blank\" rel=\"noopener\"><strong>IMOS\u00cdNTESE &#8211; NOT\u00cdCIAS 05\/08<\/strong><\/a><\/li>\n<\/ul>\n<\/p>\n<div class=\"css-h5fkc8\"><strong>Ultima actualiza\u00e7\u00e3o:<\/strong> 19 outubro 2021<\/div>\n","protected":false},"excerpt":{"rendered":"<p>Imos\u00edntese &#8211; 10 de Agosto de 2021 Em parceria com o&nbsp;Di\u00e1rio Imobili\u00e1rio, o Imovirtual apresenta diariamente um resumo notici\u00e1rio dos acontecimentos mais relevantes do dia. Fique a par das \u00faltimas novidades do Mercado Imobili\u00e1rio. Verdelago Resort j\u00e1 tem mais de 65% das unidades reservadas e a maioria por portugueses O&nbsp;Verdelago Resort, localizado entre Altura e &hellip;<\/p>\n","protected":false},"author":3,"featured_media":100,"comment_status":"closed","ping_status":"open","sticky":false,"template":"","format":"standard","meta":{"footnotes":""},"categories":[4],"tags":[],"class_list":["post-1951","post","type-post","status-publish","format-standard","has-post-thumbnail","hentry","category-novidades"],"_links":{"self":[{"href":"https:\/\/www.imovirtual.com\/noticias\/wp-json\/wp\/v2\/posts\/1951","targetHints":{"allow":["GET"]}}],"collection":[{"href":"https:\/\/www.imovirtual.com\/noticias\/wp-json\/wp\/v2\/posts"}],"about":[{"href":"https:\/\/www.imovirtual.com\/noticias\/wp-json\/wp\/v2\/types\/post"}],"author":[{"embeddable":true,"href":"https:\/\/www.imovirtual.com\/noticias\/wp-json\/wp\/v2\/users\/3"}],"replies":[{"embeddable":true,"href":"https:\/\/www.imovirtual.com\/noticias\/wp-json\/wp\/v2\/comments?post=1951"}],"version-history":[{"count":0,"href":"https:\/\/www.imovirtual.com\/noticias\/wp-json\/wp\/v2\/posts\/1951\/revisions"}],"wp:featuredmedia":[{"embeddable":true,"href":"https:\/\/www.imovirtual.com\/noticias\/wp-json\/wp\/v2\/media\/100"}],"wp:attachment":[{"href":"https:\/\/www.imovirtual.com\/noticias\/wp-json\/wp\/v2\/media?parent=1951"}],"wp:term":[{"taxonomy":"category","embeddable":true,"href":"https:\/\/www.imovirtual.com\/noticias\/wp-json\/wp\/v2\/categories?post=1951"},{"taxonomy":"post_tag","embeddable":true,"href":"https:\/\/www.imovirtual.com\/noticias\/wp-json\/wp\/v2\/tags?post=1951"}],"curies":[{"name":"wp","href":"https:\/\/api.w.org\/{rel}","templated":true}]}}