{"id":1950,"date":"2021-07-22T00:00:00","date_gmt":"2021-07-22T00:00:00","guid":{"rendered":"https:\/\/www.imovirtual.com\/noticias2\/2021\/07\/22\/imosintese-noticias-21072021\/"},"modified":"2021-07-22T00:00:00","modified_gmt":"2021-07-22T00:00:00","slug":"imosintese-noticias-21072021","status":"publish","type":"post","link":"https:\/\/www.imovirtual.com\/noticias\/novidades\/imosintese-noticias-21072021\/","title":{"rendered":"IMOS\u00cdNTESE &#8211; NOT\u00cdCIAS 21\/07"},"content":{"rendered":"<p class=\"css-8qfla4\">\n<p class=\"css-m5h6m0 edperro0\">\n<h1><strong>Imos\u00edntese &#8211; 21 de Julho de 2021<\/strong><\/h1>\n<p><strong>Em parceria com o&nbsp;<a href=\"https:\/\/www.diarioimobiliario.pt\/\" target=\"_blank\" rel=\"noopener\">Di\u00e1rio Imobili\u00e1rio<\/a>, o Imovirtual apresenta diariamente um resumo notici\u00e1rio dos acontecimentos mais relevantes do dia. Fique a par das \u00faltimas novidades do Mercado Imobili\u00e1rio.<\/strong><\/p>\n<\/p>\n<h2><strong>Habita\u00e7\u00e3o \u2018Prime\u2019: Lisboa no 24\u00ba. lugar mundial das cidades onde os pre\u00e7os mais subiram<\/strong><\/h2>\n<p>Desde o 4.\u00ba trimestre de 2017 que os pre\u00e7os das habita\u00e7\u00f5es \u2018prime\u2019 n\u00e3o subiam tanto a n\u00edvel mundial. \u201cOs pre\u00e7os prime, definidos como os primeiros 5% do mercado habitacional em termos de valor, aumentaram 4,6% em m\u00e9dia no ano at\u00e9 mar\u00e7o de 2021\u201d &#8211; quem o diz \u00e9 o mais recente \u201cGlobal Cities Index\u201d, elaborado pelo departamento de Research da Knight Frank, um \u00edndice baseado na avalia\u00e7\u00e3o dos pre\u00e7os residenciais em moeda local em mais de 45 cidades em todo o mundo.<\/p>\n<h3><strong>Saiba mais <a href=\"https:\/\/www.diarioimobiliario.pt\/Actualidade\/Internacional\/Habitacao-Prime-Lisboa-no-24o.-lugar-mundial-das-cidades-onde-os-precos-mais-subiram\" target=\"_blank\" rel=\"noopener\">aqui<\/a><\/strong><\/h3>\n<\/p>\n<h2><strong>Nova forma de habitar j\u00e1 \u00e9 real para jovens casais no Vila Viva<\/strong><\/h2>\n<p>A nova tend\u00eancia de habitar em consequ\u00eancia da pandemia da Covid-19 \u00e9 real e a prova est\u00e1 no sucesso de vendas do empreendimento Vila Viva, um dos maiores projectos residenciais da Grande Lisboa.&nbsp; A primeira fase est\u00e1 100% vendida e 80% dos compradores s\u00e3o portugueses.<\/p>\n<h3><strong>Saiba mais <a href=\"https:\/\/www.diarioimobiliario.pt\/Habitacao\/Nova-forma-de-habitar-ja-e-real-para-jovens-casais-no-Vila-Viva\" target=\"_blank\" rel=\"noopener\">aqui<\/a><\/strong><\/h3>\n<\/p>\n<h2><strong>Fundo Ambiental d\u00e1 meio milh\u00e3o de euros para Sa\u00fade, \u00c1gua e Cidades Sustent\u00e1veis<\/strong><\/h2>\n<p>O Fundo Ambiental vai distribuir meio milh\u00e3o de euros por 21 das 74 candidaturas eleg\u00edveis para atribui\u00e7\u00e3o de financiamento e relativas ao programa &#8220;Apoiar uma nova cultura ambiental, no \u00e2mbito da Estrat\u00e9gia Nacional de Educa\u00e7\u00e3o Ambiental 2020 \u2014 Sa\u00fade de qualidade, \u00e1gua e cidades e comunidades sustent\u00e1veis&#8221;.<\/p>\n<h3><strong>Saiba mais <a href=\"https:\/\/www.diarioimobiliario.pt\/Actualidade\/Sustentabilidade\/Fundo-Ambiental-da-meio-milhao-de-euros-para-Saude-Agua-e-Cidades-Sustentaveis\" target=\"_blank\" rel=\"noopener\">aqui<\/a><\/strong><\/h3>\n<\/p>\n<h2><strong>Constru\u00e7\u00e3o e imobili\u00e1rio \u00e9 um dos sectores com melhor desempenho laboral na pandemia \u2013 Hays<\/strong><\/h2>\n<p>O mercado da Constru\u00e7\u00e3o e Imobili\u00e1rio&nbsp;demonstrou&nbsp;um balan\u00e7o positivo, tendo sido considerado um dos sectores com melhor desempenho no contexto da actual crise sanit\u00e1ria, segundo dados do&nbsp;Guia do Mercado Laboral 2021 (GML)&nbsp;da Hays.<\/p>\n<h3><strong>Saiba mais <a href=\"https:\/\/www.diarioimobiliario.pt\/Actualidade\/Construcao-e-imobiliario-e-um-dos-sectores-com-melhor-desempenho-laboral-na-pandemia-Hays\" target=\"_blank\" rel=\"noopener\">aqui<\/a><\/strong><\/h3>\n<\/p>\n<h3><strong>Leia as anteriores Imos\u00edntese<\/strong><\/h3>\n<ul>\n<li><a href=\"https:\/\/www.imovirtual.com\/noticias\/noticias\/imosintese-noticias-20072021\"><strong>IMOS\u00cdNTESE &#8211; NOT\u00cdCIAS 20\/07<\/strong><\/a><\/li>\n<li><a href=\"https:\/\/www.imovirtual.com\/noticias\/noticias\/imosintese-noticias-19072021\"><strong>IMOS\u00cdNTESE &#8211; NOT\u00cdCIAS 19\/07<\/strong><\/a><\/li>\n<li><a href=\"https:\/\/www.imovirtual.com\/noticias\/noticias\/imosintese-noticias-160721111\"><strong>IMOS\u00cdNTESE &#8211; NOT\u00cdCIAS 16\/07<\/strong><\/a><\/li>\n<\/ul>\n<\/p>\n<div class=\"css-h5fkc8\"><strong>Ultima actualiza\u00e7\u00e3o:<\/strong> 19 outubro 2021<\/div>\n","protected":false},"excerpt":{"rendered":"<p>Imos\u00edntese &#8211; 21 de Julho de 2021 Em parceria com o&nbsp;Di\u00e1rio Imobili\u00e1rio, o Imovirtual apresenta diariamente um resumo notici\u00e1rio dos acontecimentos mais relevantes do dia. Fique a par das \u00faltimas novidades do Mercado Imobili\u00e1rio. Habita\u00e7\u00e3o \u2018Prime\u2019: Lisboa no 24\u00ba. lugar mundial das cidades onde os pre\u00e7os mais subiram Desde o 4.\u00ba trimestre de 2017 que &hellip;<\/p>\n","protected":false},"author":3,"featured_media":100,"comment_status":"closed","ping_status":"open","sticky":false,"template":"","format":"standard","meta":{"footnotes":""},"categories":[4],"tags":[],"class_list":["post-1950","post","type-post","status-publish","format-standard","has-post-thumbnail","hentry","category-novidades"],"_links":{"self":[{"href":"https:\/\/www.imovirtual.com\/noticias\/wp-json\/wp\/v2\/posts\/1950","targetHints":{"allow":["GET"]}}],"collection":[{"href":"https:\/\/www.imovirtual.com\/noticias\/wp-json\/wp\/v2\/posts"}],"about":[{"href":"https:\/\/www.imovirtual.com\/noticias\/wp-json\/wp\/v2\/types\/post"}],"author":[{"embeddable":true,"href":"https:\/\/www.imovirtual.com\/noticias\/wp-json\/wp\/v2\/users\/3"}],"replies":[{"embeddable":true,"href":"https:\/\/www.imovirtual.com\/noticias\/wp-json\/wp\/v2\/comments?post=1950"}],"version-history":[{"count":0,"href":"https:\/\/www.imovirtual.com\/noticias\/wp-json\/wp\/v2\/posts\/1950\/revisions"}],"wp:featuredmedia":[{"embeddable":true,"href":"https:\/\/www.imovirtual.com\/noticias\/wp-json\/wp\/v2\/media\/100"}],"wp:attachment":[{"href":"https:\/\/www.imovirtual.com\/noticias\/wp-json\/wp\/v2\/media?parent=1950"}],"wp:term":[{"taxonomy":"category","embeddable":true,"href":"https:\/\/www.imovirtual.com\/noticias\/wp-json\/wp\/v2\/categories?post=1950"},{"taxonomy":"post_tag","embeddable":true,"href":"https:\/\/www.imovirtual.com\/noticias\/wp-json\/wp\/v2\/tags?post=1950"}],"curies":[{"name":"wp","href":"https:\/\/api.w.org\/{rel}","templated":true}]}}