{"id":1947,"date":"2021-07-22T00:00:00","date_gmt":"2021-07-22T00:00:00","guid":{"rendered":"https:\/\/www.imovirtual.com\/noticias2\/2021\/07\/22\/imosintese-noticias-20072021\/"},"modified":"2021-07-22T00:00:00","modified_gmt":"2021-07-22T00:00:00","slug":"imosintese-noticias-20072021","status":"publish","type":"post","link":"https:\/\/www.imovirtual.com\/noticias\/novidades\/imosintese-noticias-20072021\/","title":{"rendered":"IMOS\u00cdNTESE &#8211; NOT\u00cdCIAS 20\/07"},"content":{"rendered":"<p class=\"css-8qfla4\">\n<p class=\"css-m5h6m0 edperro0\">\n<h1><strong>Imos\u00edntese &#8211; 20 de Julho de 2021<\/strong><\/h1>\n<p><strong>Em parceria com o&nbsp;<a href=\"https:\/\/www.diarioimobiliario.pt\/\" target=\"_blank\" rel=\"noopener\">Di\u00e1rio Imobili\u00e1rio<\/a>, o Imovirtual apresenta diariamente um resumo notici\u00e1rio dos acontecimentos mais relevantes do dia. Fique a par das \u00faltimas novidades do Mercado Imobili\u00e1rio.<\/strong><\/p>\n<\/p>\n<h2><strong>Segunda casa em Portugal no radar dos norte-americanos, escreve o The Wall Street Journal<\/strong><\/h2>\n<p>It\u00e1lia, Portugal e Gr\u00e9cia s\u00e3o destinos preferidos dos norte-americanos para uma segunda habita\u00e7\u00e3o. Os pre\u00e7os elevados nos EUA, leva a que os americanos estejam de \u2018olho\u2019 na Europa.<\/p>\n<h3><strong>Saiba mais <a href=\"https:\/\/www.diarioimobiliario.pt\/Actualidade\/Segunda-casa-em-Portugal-no-radar-dos-norte-americanos-escreve-o-The-Wall-Street-Journal\" target=\"_blank\" rel=\"noopener\">aqui<\/a><\/strong><\/h3>\n<\/p>\n<h2><strong>Casa S.Bartolomeu convive entre v\u00e1rios estilos de arquitetura urbana no centro de Aveiro<\/strong><\/h2>\n<p>A casa de S.Bartolomeu, situada&nbsp;numa \u00e1rea central da cidade de Aveiro, lim\u00edtrofe ao seu centro hist\u00f3rico &#8211; Bairro Beira Mar, mergulha entre habita\u00e7\u00f5es mais antigas&nbsp;e edif\u00edcios de habita\u00e7\u00e3omais recentes. O projecto arquitect\u00f3nico \u00e9 da autoria do&nbsp;atelier S\u00f3nia Cruz Arquitectura.<\/p>\n<h3><strong>Saiba mais <a href=\"https:\/\/www.diarioimobiliario.pt\/Espacos-de-Autor\/Casa-S.Bartolomeu-convive-entre-varios-estilos-de-arquitetura-urbana-no-centro-de-Aveiro\" target=\"_blank\" rel=\"noopener\">aqui<\/a><\/strong><\/h3>\n<\/p>\n<h2><strong>Cr\u00e9dito \u00e0 habita\u00e7\u00e3o: Taxa de juro cai para novo m\u00ednimo de 0,811% em Junho<\/strong><\/h2>\n<p>A taxa de juro impl\u00edcita no conjunto dos contratos de cr\u00e9dito \u00e0 habita\u00e7\u00e3o foi 0,811% em Junho, face aos 0,820% no m\u00eas anterior, avan\u00e7a hoje o INE &#8211; Instituto Nacional de Estat\u00edstica.<\/p>\n<h3><strong>Saiba mais <a href=\"https:\/\/www.diarioimobiliario.pt\/Habitacao\/Credito-a-habitacao-Taxa-de-juro-cai-para-novo-minimo-de-0-811-em-Junho\" target=\"_blank\" rel=\"noopener\">aqui<\/a><\/strong><\/h3>\n<\/p>\n<h2><strong>Zome Pr1me abre dois novos hubs em Lisboa<\/strong><\/h2>\n<p>A Zome Pr1me, empresa do Grupo Pr1me especializada no ramo de media\u00e7\u00e3o imobili\u00e1ria, acaba de anunciar a abertura de dois novos hubs, um em Alvalade e outro nas Amoreiras.<\/p>\n<h3><strong>Saiba mais <a href=\"https:\/\/www.diarioimobiliario.pt\/Actualidade\/Zome-Pr1me-abre-dois-novos-hubs-em-Lisboa\" target=\"_blank\" rel=\"noopener\">aqui<\/a><\/strong><\/h3>\n<\/p>\n<h3><strong>Leia as anteriores Imos\u00edntese<\/strong><\/h3>\n<ul>\n<li><a href=\"https:\/\/www.imovirtual.com\/noticias\/noticias\/imosintese-noticias-19072021\"><strong>IMOS\u00cdNTESE &#8211; NOT\u00cdCIAS 19\/07<\/strong><\/a><\/li>\n<li><a href=\"https:\/\/www.imovirtual.com\/noticias\/noticias\/imosintese-noticias-160721111\"><strong>IMOS\u00cdNTESE &#8211; NOT\u00cdCIAS 16\/07<\/strong><\/a><\/li>\n<li><a href=\"https:\/\/www.imovirtual.com\/noticias\/noticias\/imosintese-noticias-15072111\" target=\"_blank\" rel=\"noopener\"><strong>IMOS\u00cdNTESE &#8211; NOT\u00cdCIAS 15\/07<\/strong><\/a><\/li>\n<\/ul>\n<\/p>\n<div class=\"css-h5fkc8\"><strong>Ultima actualiza\u00e7\u00e3o:<\/strong> 19 outubro 2021<\/div>\n","protected":false},"excerpt":{"rendered":"<p>Imos\u00edntese &#8211; 20 de Julho de 2021 Em parceria com o&nbsp;Di\u00e1rio Imobili\u00e1rio, o Imovirtual apresenta diariamente um resumo notici\u00e1rio dos acontecimentos mais relevantes do dia. Fique a par das \u00faltimas novidades do Mercado Imobili\u00e1rio. Segunda casa em Portugal no radar dos norte-americanos, escreve o The Wall Street Journal It\u00e1lia, Portugal e Gr\u00e9cia s\u00e3o destinos preferidos &hellip;<\/p>\n","protected":false},"author":3,"featured_media":100,"comment_status":"closed","ping_status":"open","sticky":false,"template":"","format":"standard","meta":{"footnotes":""},"categories":[4],"tags":[],"class_list":["post-1947","post","type-post","status-publish","format-standard","has-post-thumbnail","hentry","category-novidades"],"_links":{"self":[{"href":"https:\/\/www.imovirtual.com\/noticias\/wp-json\/wp\/v2\/posts\/1947","targetHints":{"allow":["GET"]}}],"collection":[{"href":"https:\/\/www.imovirtual.com\/noticias\/wp-json\/wp\/v2\/posts"}],"about":[{"href":"https:\/\/www.imovirtual.com\/noticias\/wp-json\/wp\/v2\/types\/post"}],"author":[{"embeddable":true,"href":"https:\/\/www.imovirtual.com\/noticias\/wp-json\/wp\/v2\/users\/3"}],"replies":[{"embeddable":true,"href":"https:\/\/www.imovirtual.com\/noticias\/wp-json\/wp\/v2\/comments?post=1947"}],"version-history":[{"count":0,"href":"https:\/\/www.imovirtual.com\/noticias\/wp-json\/wp\/v2\/posts\/1947\/revisions"}],"wp:featuredmedia":[{"embeddable":true,"href":"https:\/\/www.imovirtual.com\/noticias\/wp-json\/wp\/v2\/media\/100"}],"wp:attachment":[{"href":"https:\/\/www.imovirtual.com\/noticias\/wp-json\/wp\/v2\/media?parent=1947"}],"wp:term":[{"taxonomy":"category","embeddable":true,"href":"https:\/\/www.imovirtual.com\/noticias\/wp-json\/wp\/v2\/categories?post=1947"},{"taxonomy":"post_tag","embeddable":true,"href":"https:\/\/www.imovirtual.com\/noticias\/wp-json\/wp\/v2\/tags?post=1947"}],"curies":[{"name":"wp","href":"https:\/\/api.w.org\/{rel}","templated":true}]}}