{"id":1946,"date":"2021-06-29T00:00:00","date_gmt":"2021-06-29T00:00:00","guid":{"rendered":"https:\/\/www.imovirtual.com\/noticias2\/2021\/06\/29\/imosintese-noticias-2906\/"},"modified":"2021-06-29T00:00:00","modified_gmt":"2021-06-29T00:00:00","slug":"imosintese-noticias-2906","status":"publish","type":"post","link":"https:\/\/www.imovirtual.com\/noticias\/novidades\/imosintese-noticias-2906\/","title":{"rendered":"IMOS\u00cdNTESE &#8211; NOT\u00cdCIAS 29\/06"},"content":{"rendered":"<p class=\"css-8qfla4\">\n<p class=\"css-m5h6m0 edperro0\">\n<h1><strong>Imos\u00edntese &#8211; 29 de Junho de 2021<\/strong><\/h1>\n<p><strong>Em parceria com o&nbsp;<a href=\"https:\/\/www.diarioimobiliario.pt\/\" target=\"_blank\" rel=\"noopener\">Di\u00e1rio Imobili\u00e1rio<\/a>, o Imovirtual apresenta diariamente um resumo notici\u00e1rio dos acontecimentos mais relevantes do dia. Fique a par das \u00faltimas novidades do Mercado Imobili\u00e1rio.<\/strong><\/p>\n<\/p>\n<h2><strong>Distrikt: O \u00faltimo grande complexo residencial a ser constru\u00eddo no Parque das Na\u00e7\u00f5es<\/strong><\/h2>\n<p>\u00c9 uma das \u00faltimas oportunidades de viver no Parque das Na\u00e7\u00f5es, em Lisboa. O empreendimento Distrikt, que resulta de um investimento superior a 120 milh\u00f5es de euros por parte da Kronos Homes, ir\u00e1 trazer &nbsp;para o mercado 219 novos apartamentos distribu\u00eddos por quatro edif\u00edcios de 14 pisos cada.<\/p>\n<h3><strong>Saiba mais <a href=\"https:\/\/www.diarioimobiliario.pt\/Actualidade\/Distrikt-O-ultimo-grande-complexo-residencial-a-ser-construido-no-Parque-das-Nacoes\" target=\"_blank\" rel=\"noopener\">aqui<\/a><\/strong><\/h3>\n<\/p>\n<h2><strong>Valor das rendas desce em Lisboa e Porto no primeiro trimestre face ao anterior<\/strong><\/h2>\n<p>No 1\u00ba trimestre a renda mediana dos 19 472 de novos contratos de arrendamento em Portugal atingiu 5,80 euros\/m2, mais&nbsp;+5,5% face ao trimestre anterior. No entanto, em Lisboa e Porto desceu&nbsp;9,2% e 6,7%, respectivamente.<\/p>\n<h3><strong>Saiba mais <a href=\"https:\/\/www.diarioimobiliario.pt\/Habitacao\/Arrendamento\/Valor-das-rendas-desce-em-Lisboa-e-Porto-no-primeiro-trimestre-face-ao-anterior\" target=\"_blank\" rel=\"noopener\">aqui<\/a><\/strong><\/h3>\n<\/p>\n<h2><strong>Ana Redondo refor\u00e7a o departamento de escrit\u00f3rios da Savills como Associate Director<\/strong><\/h2>\n<p>Ana Redondo \u00e9 a mais recente contrata\u00e7\u00e3o do segmento de escrit\u00f3rios da consultora imobili\u00e1ria internacional Savills, assumindo agora o cargo de Associate Director.<\/p>\n<h3><strong>Saiba mais <a href=\"https:\/\/www.diarioimobiliario.pt\/Actualidade\/Escritorios\/Ana-Redondo-reforca-o-departamento-de-escritorios-da-Savills-como-Associate-Director\" target=\"_blank\" rel=\"noopener\">aqui<\/a><\/strong><\/h3>\n<\/p>\n<h2><strong>Hotel Sofitel Lisbon Liberdade regressou com nova imagem e novo restaurante<\/strong><\/h2>\n<p>O hotel Sofitel Lisbon Liberdade regressou em pleno h\u00e1 um m\u00eas, revelando uma ampla e moderna renova\u00e7\u00e3o. Situado na Avenida da Liberdade, este hotel de 5 estrelas&nbsp;\u00e9 o palco das \u00faltimas tend\u00eancias em decora\u00e7\u00e3o.<\/p>\n<h3><strong>Saiba mais <a href=\"https:\/\/www.diarioimobiliario.pt\/Turismo\/Hotel-Sofitel-Lisbon-Liberdade-regressou-com-nova-imagem-e-novo-restaurante\" target=\"_blank\" rel=\"noopener\">aqui<\/a><\/strong><\/h3>\n<\/p>\n<h2><strong>Venha a Beja com vagar<\/strong><\/h2>\n<p>O Munic\u00edpio de Beja lan\u00e7a hoje uma campanha de promo\u00e7\u00e3o e valoriza\u00e7\u00e3o tur\u00edstica do territ\u00f3rio, com a assinatura &#8216;Venha a Beja com vagar&#8217;&nbsp;com o objetivo de incentivar a visita ao concelho&nbsp;a partir da proposta de cinco roteiros \u2018\u00c0 Volta de Beja\u2019.<\/p>\n<h3><strong>Saiba mais <a href=\"https:\/\/www.diarioimobiliario.pt\/Turismo\/Venha-a-Beja-com-vagar\" target=\"_blank\" rel=\"noopener\">aqui<\/a><\/strong><\/h3>\n<\/p>\n<h3><strong>Leia as anteriores Imos\u00edntese<\/strong><\/h3>\n<ul>\n<li><a href=\"https:\/\/www.imovirtual.com\/noticias\/noticias\/imosintese-noticias-2806\" target=\"_blank\" rel=\"noopener\"><strong>IMOS\u00cdNTESE &#8211; NOT\u00cdCIAS 28\/06<\/strong><\/a><\/li>\n<li><a href=\"https:\/\/www.imovirtual.com\/noticias\/noticias\/imosintese-noticias-2506\" target=\"_blank\" rel=\"noopener\"><strong>IMOS\u00cdNTESE &#8211; NOT\u00cdCIAS 25\/06<\/strong><\/a><\/li>\n<li><a href=\"https:\/\/www.imovirtual.com\/noticias\/noticias\/imosintese-noticias-2406\" target=\"_blank\" rel=\"noopener\"><strong>IMOS\u00cdNTESE &#8211; NOT\u00cdCIAS 24\/06<\/strong><\/a><\/li>\n<\/ul>\n<\/p>\n<div class=\"css-h5fkc8\"><strong>Ultima actualiza\u00e7\u00e3o:<\/strong> 19 outubro 2021<\/div>\n","protected":false},"excerpt":{"rendered":"<p>Imos\u00edntese &#8211; 29 de Junho de 2021 Em parceria com o&nbsp;Di\u00e1rio Imobili\u00e1rio, o Imovirtual apresenta diariamente um resumo notici\u00e1rio dos acontecimentos mais relevantes do dia. Fique a par das \u00faltimas novidades do Mercado Imobili\u00e1rio. Distrikt: O \u00faltimo grande complexo residencial a ser constru\u00eddo no Parque das Na\u00e7\u00f5es \u00c9 uma das \u00faltimas oportunidades de viver no &hellip;<\/p>\n","protected":false},"author":3,"featured_media":100,"comment_status":"closed","ping_status":"open","sticky":false,"template":"","format":"standard","meta":{"footnotes":""},"categories":[4],"tags":[],"class_list":["post-1946","post","type-post","status-publish","format-standard","has-post-thumbnail","hentry","category-novidades"],"_links":{"self":[{"href":"https:\/\/www.imovirtual.com\/noticias\/wp-json\/wp\/v2\/posts\/1946","targetHints":{"allow":["GET"]}}],"collection":[{"href":"https:\/\/www.imovirtual.com\/noticias\/wp-json\/wp\/v2\/posts"}],"about":[{"href":"https:\/\/www.imovirtual.com\/noticias\/wp-json\/wp\/v2\/types\/post"}],"author":[{"embeddable":true,"href":"https:\/\/www.imovirtual.com\/noticias\/wp-json\/wp\/v2\/users\/3"}],"replies":[{"embeddable":true,"href":"https:\/\/www.imovirtual.com\/noticias\/wp-json\/wp\/v2\/comments?post=1946"}],"version-history":[{"count":0,"href":"https:\/\/www.imovirtual.com\/noticias\/wp-json\/wp\/v2\/posts\/1946\/revisions"}],"wp:featuredmedia":[{"embeddable":true,"href":"https:\/\/www.imovirtual.com\/noticias\/wp-json\/wp\/v2\/media\/100"}],"wp:attachment":[{"href":"https:\/\/www.imovirtual.com\/noticias\/wp-json\/wp\/v2\/media?parent=1946"}],"wp:term":[{"taxonomy":"category","embeddable":true,"href":"https:\/\/www.imovirtual.com\/noticias\/wp-json\/wp\/v2\/categories?post=1946"},{"taxonomy":"post_tag","embeddable":true,"href":"https:\/\/www.imovirtual.com\/noticias\/wp-json\/wp\/v2\/tags?post=1946"}],"curies":[{"name":"wp","href":"https:\/\/api.w.org\/{rel}","templated":true}]}}