{"id":1943,"date":"2021-08-05T00:00:00","date_gmt":"2021-08-05T00:00:00","guid":{"rendered":"https:\/\/www.imovirtual.com\/noticias2\/2021\/08\/05\/imosintese-noticias-0408\/"},"modified":"2021-08-05T00:00:00","modified_gmt":"2021-08-05T00:00:00","slug":"imosintese-noticias-0408","status":"publish","type":"post","link":"https:\/\/www.imovirtual.com\/noticias\/novidades\/imosintese-noticias-0408\/","title":{"rendered":"IMOS\u00cdNTESE &#8211; NOT\u00cdCIAS 04\/08"},"content":{"rendered":"<p class=\"css-8qfla4\">\n<p class=\"css-m5h6m0 edperro0\">\n<h1><strong>Imos\u00edntese &#8211; 4 de Agosto de 2021<\/strong><\/h1>\n<p><strong>Em parceria com o&nbsp;<a href=\"https:\/\/www.diarioimobiliario.pt\/\" target=\"_blank\" rel=\"noopener\">Di\u00e1rio Imobili\u00e1rio<\/a>, o Imovirtual apresenta diariamente um resumo notici\u00e1rio dos acontecimentos mais relevantes do dia. Fique a par das \u00faltimas novidades do Mercado Imobili\u00e1rio.<\/strong><\/p>\n<\/p>\n<h2><strong>Comporta \u00e9 um dos cinco destinos mundiais preferidos pelos investimentos imobili\u00e1rios<\/strong><\/h2>\n<p>Comporta, Miami (EUA), Menorca, Can\u00e1rias (Espanha) e o Tirol Trentino Alto Adige (It\u00e1lia) s\u00e3o agora os destinos favoritos para investimento imobili\u00e1rio premium.<\/p>\n<h3><strong>Saiba mais <a href=\"https:\/\/www.diarioimobiliario.pt\/Actualidade\/Comporta-e-um-dos-cinco-destinos-mundiais-preferidos-pelos-investimentos-imobiliarios\" target=\"_blank\" rel=\"noopener\">aqui<\/a><\/strong><\/h3>\n<\/p>\n<h2><strong>Produ\u00e7\u00e3o do sector da constru\u00e7\u00e3o mant\u00e9m evolu\u00e7\u00e3o globalmente positiva<\/strong><\/h2>\n<p>Nos primeiros cinco&nbsp;meses de 2021, ocorreu um aumento da procura dirigida ao segmento da constru\u00e7\u00e3o e reabilita\u00e7\u00e3o de edif\u00edcios, de acordo com a Conjuntura da Constru\u00e7\u00e3o da AICCOPN e AECOPS.<\/p>\n<h3><strong>Saiba mais <a href=\"https:\/\/www.diarioimobiliario.pt\/Actualidade\/Producao-do-sector-da-construcao-mantem-evolucao-globalmente-positiva\" target=\"_blank\" rel=\"noopener\">aqui<\/a><\/strong><\/h3>\n<\/p>\n<h2><strong>WINGS na Madeira vendido 75% na pr\u00e9-venda<\/strong><\/h2>\n<p>O empreendimento residencial WINGS localizado na cidade de Santa Cruz, Madeira, junto ao Aeroporto Internacional Cristiano Ronaldo, \u00e9 j\u00e1 um sucesso de vendas.&nbsp;<\/p>\n<h3><strong>Saiba mais <a href=\"https:\/\/www.diarioimobiliario.pt\/Habitacao\/WINGS-na-Madeira-vendido-75-na-pre-venda\" target=\"_blank\" rel=\"noopener\">aqui<\/a><\/strong><\/h3>\n<\/p>\n<h2><strong>Infante Sagres: Um hotel com 70 anos de hist\u00f3ria<\/strong><\/h2>\n<p>A celebrar 70 anos, o Infante Sagres pertence \u00e0&nbsp;hist\u00f3ria do Porto e pertence-lhe o se ter tornado no primeiro hotel de cinco estrelas da cidade e ter recebido Chefes de estado, membros da fam\u00edlia real, artistas de todo o mundo e at\u00e9 o Dalai Lama.<\/p>\n<h3><strong>Saiba mais <a href=\"https:\/\/www.diarioimobiliario.pt\/Turismo\/Infante-Sagres-Um-hotel-com-70-anos-de-historia\" target=\"_blank\" rel=\"noopener\">aqui<\/a><\/strong><\/h3>\n<\/p>\n<h2><strong>Santander transforma cart\u00f5es expirados em mobili\u00e1rio urbano<\/strong><\/h2>\n<p>O Santander associou-se \u00e0 Contisystems, o parceiro do Banco na personaliza\u00e7\u00e3o de cart\u00f5es, num projecto de reciclagem de cart\u00f5es banc\u00e1rios expirados e capturados e que&nbsp;ser\u00e3o usados para o fabrico de mobili\u00e1rio urbano.<\/p>\n<h3><strong>Saiba mais <a href=\"https:\/\/www.diarioimobiliario.pt\/Arquitectura\/Design\/Santander-transforma-cartoes-expirados-em-mobiliario-urbano\" target=\"_blank\" rel=\"noopener\">aqui<\/a><\/strong><\/h3>\n<\/p>\n<h3><strong>Leia as anteriores Imos\u00edntese<\/strong><\/h3>\n<ul>\n<li><a href=\"https:\/\/www.imovirtual.com\/noticias\/noticias\/imosintese-noticias-0308\" target=\"_blank\" rel=\"noopener\"><strong>IMOS\u00cdNTESE &#8211; NOT\u00cdCIAS 03\/08<\/strong><\/a><\/li>\n<li><a href=\"https:\/\/www.imovirtual.com\/noticias\/noticias\/imosintese-noticias-0208\" target=\"_blank\" rel=\"noopener\"><strong>IMOS\u00cdNTESE &#8211; NOT\u00cdCIAS 02\/08<\/strong><\/a><\/li>\n<li><a href=\"https:\/\/www.imovirtual.com\/noticias\/noticias\/imosintese-noticias-3007\"><strong>IMOS\u00cdNTESE &#8211; NOT\u00cdCIAS 30\/07<\/strong><\/a><\/li>\n<\/ul>\n<\/p>\n<div class=\"css-h5fkc8\"><strong>Ultima actualiza\u00e7\u00e3o:<\/strong> 19 outubro 2021<\/div>\n","protected":false},"excerpt":{"rendered":"<p>Imos\u00edntese &#8211; 4 de Agosto de 2021 Em parceria com o&nbsp;Di\u00e1rio Imobili\u00e1rio, o Imovirtual apresenta diariamente um resumo notici\u00e1rio dos acontecimentos mais relevantes do dia. Fique a par das \u00faltimas novidades do Mercado Imobili\u00e1rio. Comporta \u00e9 um dos cinco destinos mundiais preferidos pelos investimentos imobili\u00e1rios Comporta, Miami (EUA), Menorca, Can\u00e1rias (Espanha) e o Tirol Trentino &hellip;<\/p>\n","protected":false},"author":3,"featured_media":100,"comment_status":"closed","ping_status":"open","sticky":false,"template":"","format":"standard","meta":{"footnotes":""},"categories":[4],"tags":[],"class_list":["post-1943","post","type-post","status-publish","format-standard","has-post-thumbnail","hentry","category-novidades"],"_links":{"self":[{"href":"https:\/\/www.imovirtual.com\/noticias\/wp-json\/wp\/v2\/posts\/1943","targetHints":{"allow":["GET"]}}],"collection":[{"href":"https:\/\/www.imovirtual.com\/noticias\/wp-json\/wp\/v2\/posts"}],"about":[{"href":"https:\/\/www.imovirtual.com\/noticias\/wp-json\/wp\/v2\/types\/post"}],"author":[{"embeddable":true,"href":"https:\/\/www.imovirtual.com\/noticias\/wp-json\/wp\/v2\/users\/3"}],"replies":[{"embeddable":true,"href":"https:\/\/www.imovirtual.com\/noticias\/wp-json\/wp\/v2\/comments?post=1943"}],"version-history":[{"count":0,"href":"https:\/\/www.imovirtual.com\/noticias\/wp-json\/wp\/v2\/posts\/1943\/revisions"}],"wp:featuredmedia":[{"embeddable":true,"href":"https:\/\/www.imovirtual.com\/noticias\/wp-json\/wp\/v2\/media\/100"}],"wp:attachment":[{"href":"https:\/\/www.imovirtual.com\/noticias\/wp-json\/wp\/v2\/media?parent=1943"}],"wp:term":[{"taxonomy":"category","embeddable":true,"href":"https:\/\/www.imovirtual.com\/noticias\/wp-json\/wp\/v2\/categories?post=1943"},{"taxonomy":"post_tag","embeddable":true,"href":"https:\/\/www.imovirtual.com\/noticias\/wp-json\/wp\/v2\/tags?post=1943"}],"curies":[{"name":"wp","href":"https:\/\/api.w.org\/{rel}","templated":true}]}}