{"id":1941,"date":"2021-06-04T00:00:00","date_gmt":"2021-06-04T00:00:00","guid":{"rendered":"https:\/\/www.imovirtual.com\/noticias2\/2021\/06\/04\/imosintese-noticias-0406\/"},"modified":"2021-06-04T00:00:00","modified_gmt":"2021-06-04T00:00:00","slug":"imosintese-noticias-0406","status":"publish","type":"post","link":"https:\/\/www.imovirtual.com\/noticias\/novidades\/imosintese-noticias-0406\/","title":{"rendered":"IMOS\u00cdNTESE &#8211; NOT\u00cdCIAS 04\/06"},"content":{"rendered":"<p class=\"css-8qfla4\">\n<p class=\"css-m5h6m0 edperro0\">\n<h1><strong>Imos\u00edntese &#8211; 4 de Junho de 2021<\/strong><\/h1>\n<p><strong>Em parceria com o&nbsp;<a href=\"https:\/\/www.diarioimobiliario.pt\/\" target=\"_blank\" rel=\"noopener\">Di\u00e1rio Imobili\u00e1rio<\/a>, o Imovirtual apresenta diariamente um resumo notici\u00e1rio dos acontecimentos mais relevantes do dia. Fique a par das \u00faltimas novidades do Mercado Imobili\u00e1rio.<\/strong><\/p>\n<\/p>\n<h2><strong>E o Douro ali ao fundo&#8230;<\/strong><\/h2>\n<p>Avistar o rio Douro de um camarote \u00e9 o melhor lugar para assistir ao espect\u00e1culo de uma paisagem \u00fanica na cidade do Porto.&nbsp;No Pr\u00e9dio Foz, al\u00e9m da reabilita\u00e7\u00e3o de qualidade, potenciou-se a&nbsp;vista&nbsp;da Foz do Douro. O projecto tem a assinatura do arquitecto&nbsp;Andr\u00e9s Stebelski.<\/p>\n<h3><strong>Saiba mais <a href=\"https:\/\/www.diarioimobiliario.pt\/Actualidade\/Reabilitacao\/E-o-Douro-ali-ao-fundo\" target=\"_blank\" rel=\"noopener\">aqui<\/a><\/strong><\/h3>\n<\/p>\n<h2><strong>Barcelos vai investir 75 milh\u00f5es de euros em mobilidade sustent\u00e1vel nos pr\u00f3ximos 4 anos<\/strong><\/h2>\n<p>O Munic\u00edpio de Barcelos&nbsp;anunciou um&nbsp;investimento de&nbsp;75 milh\u00f5es de euros na mobilidade, a aplicar nos pr\u00f3ximos&nbsp;quatro anos.<\/p>\n<h3><strong>Saiba mais <a href=\"https:\/\/www.diarioimobiliario.pt\/Actualidade\/Sustentabilidade\/Barcelos-vai-investir-75-milhoes-de-euros-em-mobilidade-sustentavel-nos-proximos-4-anos\" target=\"_blank\" rel=\"noopener\">aqui<\/a><\/strong><\/h3>\n<\/p>\n<h2><strong>Avenida Luisa Todi em Set\u00fabal com Plano de Pormenor<\/strong><\/h2>\n<p>\u00c9 ainda a primeira fase, respeitante \u00e0 Frente Norte, mas a inten\u00e7\u00e3o \u00e9 definir as regras de ocupa\u00e7\u00e3o urbana e as condi\u00e7\u00f5es de urbaniza\u00e7\u00e3o, edificabilidade e transforma\u00e7\u00e3o dos edif\u00edcios na principal art\u00e9ria da cidade de Set\u00fabal.<\/p>\n<h3><strong>Saiba mais <a href=\"https:\/\/www.diarioimobiliario.pt\/Actualidade\/Avenida-Luisa-Todi-em-Setubal-com-Plano-de-Pormenor\" target=\"_blank\" rel=\"noopener\">aqui<\/a><\/strong><\/h3>\n<\/p>\n<h2><strong>Imobili\u00e1rio e Arte unidos na campanha Art Matters da Gulbenkian<\/strong><\/h2>\n<p>Durante o m\u00eas de junho, em v\u00e1rios espa\u00e7os da Avenida da Liberdade, estar\u00e3o expostas 14 reprodu\u00e7\u00f5es de obras emblem\u00e1ticas do Museu Calouste Gulbenkian, nos quais se inclui o escrit\u00f3rio da Cushman &amp; Wakefield.<\/p>\n<h3><strong>Saiba mais <a href=\"https:\/\/www.diarioimobiliario.pt\/Actualidade\/Imobiliario-e-Arte-unidos-na-campanha-Art-Matters-da-Gulbenkian\" target=\"_blank\" rel=\"noopener\">aqui<\/a><\/strong><\/h3>\n<\/p>\n<h2><strong>Seixal requalifica n\u00facleo urbano e passeio ribeirinho de Arrentela num investimento de 1,8 milh\u00f5es<\/strong><\/h2>\n<p>A C\u00e2mara Municipal do Seixal abre concurso p\u00fablico para a&nbsp;requalifica\u00e7\u00e3o do n\u00facleo urbano e passeio ribeirinho de Arrentela, num investimento de 1 868 433,17 euros.&nbsp;<\/p>\n<h3><strong>Saiba mais <a href=\"https:\/\/www.diarioimobiliario.pt\/Actualidade\/Reabilitacao\/Seixal-requalifica-nucleo-urbano-e-passeio-ribeirinho-de-Arrentela-num-investimento-de-1-8-milhoes\" target=\"_blank\" rel=\"noopener\">aqui<\/a><\/strong><\/h3>\n<\/p>\n<h3><strong>Leia as anteriores Imos\u00edntese<\/strong><\/h3>\n<ul>\n<li><a href=\"https:\/\/www.imovirtual.com\/noticias\/noticias\/imosintese-noticias-020621\" target=\"_blank\" rel=\"noopener\"><strong>IMOS\u00cdNTESE &#8211; NOT\u00cdCIAS 02\/06<\/strong><\/a><\/li>\n<li><a href=\"https:\/\/www.imovirtual.com\/noticias\/noticias\/imosintese-noticias-010621\" target=\"_blank\" rel=\"noopener\"><strong>IMOS\u00cdNTESE &#8211; NOT\u00cdCIAS 01\/06<\/strong><\/a><\/li>\n<li><a href=\"https:\/\/www.imovirtual.com\/noticias\/noticias\/imosintese-noticias-3105\" target=\"_blank\" rel=\"noopener\"><strong>IMOS\u00cdNTESE &#8211; NOT\u00cdCIAS 31\/05<\/strong><\/a><\/li>\n<\/ul>\n<\/p>\n<div class=\"css-h5fkc8\"><strong>Ultima actualiza\u00e7\u00e3o:<\/strong> 19 outubro 2021<\/div>\n","protected":false},"excerpt":{"rendered":"<p>Imos\u00edntese &#8211; 4 de Junho de 2021 Em parceria com o&nbsp;Di\u00e1rio Imobili\u00e1rio, o Imovirtual apresenta diariamente um resumo notici\u00e1rio dos acontecimentos mais relevantes do dia. Fique a par das \u00faltimas novidades do Mercado Imobili\u00e1rio. E o Douro ali ao fundo&#8230; Avistar o rio Douro de um camarote \u00e9 o melhor lugar para assistir ao espect\u00e1culo &hellip;<\/p>\n","protected":false},"author":3,"featured_media":100,"comment_status":"closed","ping_status":"open","sticky":false,"template":"","format":"standard","meta":{"footnotes":""},"categories":[4],"tags":[],"class_list":["post-1941","post","type-post","status-publish","format-standard","has-post-thumbnail","hentry","category-novidades"],"_links":{"self":[{"href":"https:\/\/www.imovirtual.com\/noticias\/wp-json\/wp\/v2\/posts\/1941","targetHints":{"allow":["GET"]}}],"collection":[{"href":"https:\/\/www.imovirtual.com\/noticias\/wp-json\/wp\/v2\/posts"}],"about":[{"href":"https:\/\/www.imovirtual.com\/noticias\/wp-json\/wp\/v2\/types\/post"}],"author":[{"embeddable":true,"href":"https:\/\/www.imovirtual.com\/noticias\/wp-json\/wp\/v2\/users\/3"}],"replies":[{"embeddable":true,"href":"https:\/\/www.imovirtual.com\/noticias\/wp-json\/wp\/v2\/comments?post=1941"}],"version-history":[{"count":0,"href":"https:\/\/www.imovirtual.com\/noticias\/wp-json\/wp\/v2\/posts\/1941\/revisions"}],"wp:featuredmedia":[{"embeddable":true,"href":"https:\/\/www.imovirtual.com\/noticias\/wp-json\/wp\/v2\/media\/100"}],"wp:attachment":[{"href":"https:\/\/www.imovirtual.com\/noticias\/wp-json\/wp\/v2\/media?parent=1941"}],"wp:term":[{"taxonomy":"category","embeddable":true,"href":"https:\/\/www.imovirtual.com\/noticias\/wp-json\/wp\/v2\/categories?post=1941"},{"taxonomy":"post_tag","embeddable":true,"href":"https:\/\/www.imovirtual.com\/noticias\/wp-json\/wp\/v2\/tags?post=1941"}],"curies":[{"name":"wp","href":"https:\/\/api.w.org\/{rel}","templated":true}]}}