{"id":1934,"date":"2021-06-25T00:00:00","date_gmt":"2021-06-25T00:00:00","guid":{"rendered":"https:\/\/www.imovirtual.com\/noticias2\/2021\/06\/25\/imosintese-noticias-2506\/"},"modified":"2021-06-25T00:00:00","modified_gmt":"2021-06-25T00:00:00","slug":"imosintese-noticias-2506","status":"publish","type":"post","link":"https:\/\/www.imovirtual.com\/noticias\/novidades\/imosintese-noticias-2506\/","title":{"rendered":"IMOS\u00cdNTESE &#8211; NOT\u00cdCIAS 25\/06"},"content":{"rendered":"<p class=\"css-8qfla4\">\n<p class=\"css-m5h6m0 edperro0\">\n<h1><strong>Imos\u00edntese &#8211; 25 de Junho de 2021<\/strong><\/h1>\n<p><strong>Em parceria com o&nbsp;<a href=\"https:\/\/www.diarioimobiliario.pt\/\" target=\"_blank\" rel=\"noopener\">Di\u00e1rio Imobili\u00e1rio<\/a>, o Imovirtual apresenta diariamente um resumo notici\u00e1rio dos acontecimentos mais relevantes do dia. Fique a par das \u00faltimas novidades do Mercado Imobili\u00e1rio.<\/strong><\/p>\n<\/p>\n<h2><strong>IHRU sorteia 35 habita\u00e7\u00f5es em Arrendamento Acess\u00edvel em Lisboa<\/strong><\/h2>\n<p>O Instituto da Habita\u00e7\u00e3o e da Reabilita\u00e7\u00e3o Urbana &#8211; IHRU abriu hoje, dia 25 de Junho, as candidaturas ao concurso por sorteio de 35 habita\u00e7\u00f5es no \u00e2mbito do Programa de Arrendamento Acess\u00edvel.<\/p>\n<h3><strong>Saiba mais <a href=\"https:\/\/www.diarioimobiliario.pt\/Habitacao\/Arrendamento\/IHRU-sorteia-35-habitacoes-em-Arrendamento-Acessivel-em-Lisboa\" target=\"_blank\" rel=\"noopener\">aqui<\/a><\/strong><\/h3>\n<\/p>\n<h2><strong>45% dos portugueses querem mudar de casa depois do confinamento<\/strong><\/h2>\n<p>A pandemia veio trazer uma nova perspectiva \u00e0s nossas casas. A Century 21&nbsp;Portugal realizou um estudo para perceber como os portugueses v\u00eaem a sua habita\u00e7\u00e3o e o que gostariam de mudar nela.&nbsp;<\/p>\n<h3><strong>Saiba mais <a href=\"https:\/\/www.diarioimobiliario.pt\/Habitacao\/45-dos-portugueses-querem-mudar-de-casa-depois-do-confinamento\" target=\"_blank\" rel=\"noopener\">aqui<\/a><\/strong><\/h3>\n<\/p>\n<h2><strong>Burocracia ainda \u00e9 um entrave ao investimento em imobili\u00e1rio portugu\u00eas<\/strong><\/h2>\n<p>Os&nbsp;seus principais clientes v\u00eam de Fran\u00e7a, Dubai, Ar\u00e1bia Saudita, Kwait, Filipinas, Brasil, Hong Kong, Estados Unidos, \u00c1frica do Sul, L\u00edbano e&nbsp;Ricardo Cruz, Country Manager da UrHome Portugal garante que Portugal \u00e9 o melhor pa\u00eds do mundo para viver.&nbsp;<\/p>\n<h3><strong>Saiba mais <a href=\"https:\/\/www.diarioimobiliario.pt\/Entrevistas\/Burocracia-ainda-e-um-entrave-ao-investimento-em-imobiliario-portugues\" target=\"_blank\" rel=\"noopener\">aqui<\/a><\/strong><\/h3>\n<\/p>\n<h2><strong>Porto: Palacete Cedofeita acolhe 13 unidades residenciais de luxo<\/strong><\/h2>\n<p>Localizado no cora\u00e7\u00e3o da Invicta, o Palacete Cedofeita \u00e9 um dos projectos residenciais em comercializa\u00e7\u00e3o no Porto com mais \u2018glamour\u2019 e identidade pr\u00f3prias.<\/p>\n<h3><strong>Saiba mais <a href=\"https:\/\/www.diarioimobiliario.pt\/Habitacao\/Porto-Palacete-Cedofeita-acolhe-13-unidades-residenciais-de-luxo\" target=\"_blank\" rel=\"noopener\">aqui<\/a><\/strong><\/h3>\n<\/p>\n<h2><strong>Confer\u00eancia da Promo\u00e7\u00e3o Imobili\u00e1ria discute o mercado e sustentabilidade<\/strong><\/h2>\n<p>\u201cSustentabilidade e como a pandemia vem mudar o paradigma no mercado imobili\u00e1rio\u201d ser\u00e1 o mote para uma das sess\u00f5es da II Confer\u00eancia da Promo\u00e7\u00e3o Imobili\u00e1ria em Portugal, que se realiza a 30 de Junho, em Lisboa.<\/p>\n<h3><strong>Saiba mais <a href=\"https:\/\/www.diarioimobiliario.pt\/Actualidade\/Conferencia-da-Promocao-Imobiliaria-discute-o-mercado-e-sustentabilidade\" target=\"_blank\" rel=\"noopener\">aqui<\/a><\/strong><\/h3>\n<\/p>\n<h3><strong>Leia as anteriores Imos\u00edntese<\/strong><\/h3>\n<ul>\n<li><a href=\"https:\/\/www.imovirtual.com\/noticias\/noticias\/imosintese-noticias-2406\" target=\"_blank\" rel=\"noopener\"><strong>IMOS\u00cdNTESE &#8211; NOT\u00cdCIAS 24\/06<\/strong><\/a><\/li>\n<li><a href=\"https:\/\/www.imovirtual.com\/noticias\/noticias\/imosintese-noticias-2306\" target=\"_blank\" rel=\"noopener\"><strong>IMOS\u00cdNTESE &#8211; NOT\u00cdCIAS 23\/06<\/strong><\/a><\/li>\n<li><a href=\"https:\/\/www.imovirtual.com\/noticias\/noticias\/imosintese-noticias-2206\" target=\"_blank\" rel=\"noopener\"><strong>IMOS\u00cdNTESE &#8211; NOT\u00cdCIAS 22\/06<\/strong><\/a><\/li>\n<\/ul>\n<\/p>\n<div class=\"css-h5fkc8\"><strong>Ultima actualiza\u00e7\u00e3o:<\/strong> 19 outubro 2021<\/div>\n","protected":false},"excerpt":{"rendered":"<p>Imos\u00edntese &#8211; 25 de Junho de 2021 Em parceria com o&nbsp;Di\u00e1rio Imobili\u00e1rio, o Imovirtual apresenta diariamente um resumo notici\u00e1rio dos acontecimentos mais relevantes do dia. Fique a par das \u00faltimas novidades do Mercado Imobili\u00e1rio. IHRU sorteia 35 habita\u00e7\u00f5es em Arrendamento Acess\u00edvel em Lisboa O Instituto da Habita\u00e7\u00e3o e da Reabilita\u00e7\u00e3o Urbana &#8211; IHRU abriu hoje, &hellip;<\/p>\n","protected":false},"author":3,"featured_media":100,"comment_status":"closed","ping_status":"open","sticky":false,"template":"","format":"standard","meta":{"footnotes":""},"categories":[4],"tags":[],"class_list":["post-1934","post","type-post","status-publish","format-standard","has-post-thumbnail","hentry","category-novidades"],"_links":{"self":[{"href":"https:\/\/www.imovirtual.com\/noticias\/wp-json\/wp\/v2\/posts\/1934","targetHints":{"allow":["GET"]}}],"collection":[{"href":"https:\/\/www.imovirtual.com\/noticias\/wp-json\/wp\/v2\/posts"}],"about":[{"href":"https:\/\/www.imovirtual.com\/noticias\/wp-json\/wp\/v2\/types\/post"}],"author":[{"embeddable":true,"href":"https:\/\/www.imovirtual.com\/noticias\/wp-json\/wp\/v2\/users\/3"}],"replies":[{"embeddable":true,"href":"https:\/\/www.imovirtual.com\/noticias\/wp-json\/wp\/v2\/comments?post=1934"}],"version-history":[{"count":0,"href":"https:\/\/www.imovirtual.com\/noticias\/wp-json\/wp\/v2\/posts\/1934\/revisions"}],"wp:featuredmedia":[{"embeddable":true,"href":"https:\/\/www.imovirtual.com\/noticias\/wp-json\/wp\/v2\/media\/100"}],"wp:attachment":[{"href":"https:\/\/www.imovirtual.com\/noticias\/wp-json\/wp\/v2\/media?parent=1934"}],"wp:term":[{"taxonomy":"category","embeddable":true,"href":"https:\/\/www.imovirtual.com\/noticias\/wp-json\/wp\/v2\/categories?post=1934"},{"taxonomy":"post_tag","embeddable":true,"href":"https:\/\/www.imovirtual.com\/noticias\/wp-json\/wp\/v2\/tags?post=1934"}],"curies":[{"name":"wp","href":"https:\/\/api.w.org\/{rel}","templated":true}]}}