{"id":1931,"date":"2021-06-28T00:00:00","date_gmt":"2021-06-28T00:00:00","guid":{"rendered":"https:\/\/www.imovirtual.com\/noticias2\/2021\/06\/28\/imosintese-noticias-2806\/"},"modified":"2021-06-28T00:00:00","modified_gmt":"2021-06-28T00:00:00","slug":"imosintese-noticias-2806","status":"publish","type":"post","link":"https:\/\/www.imovirtual.com\/noticias\/novidades\/imosintese-noticias-2806\/","title":{"rendered":"IMOS\u00cdNTESE &#8211; NOT\u00cdCIAS 28\/06"},"content":{"rendered":"<p class=\"css-8qfla4\">\n<p class=\"css-m5h6m0 edperro0\">\n<h1><strong>Imos\u00edntese &#8211; 28 de Junho de 2021<\/strong><\/h1>\n<p><strong>Em parceria com o&nbsp;<a href=\"https:\/\/www.diarioimobiliario.pt\/\" target=\"_blank\" rel=\"noopener\">Di\u00e1rio Imobili\u00e1rio<\/a>, o Imovirtual apresenta diariamente um resumo notici\u00e1rio dos acontecimentos mais relevantes do dia. Fique a par das \u00faltimas novidades do Mercado Imobili\u00e1rio.<\/strong><\/p>\n<\/p>\n<h2><strong>Habita\u00e7\u00e3o: 1.\u00ba Direito apoia mais 786 fam\u00edlias em v\u00e1rios munic\u00edpios do pa\u00eds<\/strong><\/h2>\n<p>Foram assinadas na semana passada mais seis Acordos de Colabora\u00e7\u00e3o entre o Instituto da Habita\u00e7\u00e3o e da Reabilita\u00e7\u00e3o Urbana &#8211; IHRU&nbsp;e as autarquias locais para as respectivas Estrat\u00e9gias Locais de Habita\u00e7\u00e3o no \u00e2mbito do Programa 1.\u00ba Direito, somando agora 66.&nbsp;<\/p>\n<h3><strong>Saiba mais <a href=\"https:\/\/www.diarioimobiliario.pt\/Habitacao\/Habitacao-1.o-Direito-apoia-mais-786-familias-em-varios-municipios-do-pais\" target=\"_blank\" rel=\"noopener\">aqui<\/a><\/strong><\/h3>\n<\/p>\n<h2><strong>Casas cada vez mais valorizadas. Em Maio a avalia\u00e7\u00e3o banc\u00e1ria subiu para 1.212 euros\/m2<\/strong><\/h2>\n<p>O valor mediano de avalia\u00e7\u00e3o banc\u00e1ria foi 1 212 euros em Maio, mais 12 euros que&nbsp;o observado no m\u00eas anterior.&nbsp;Em termos hom\u00f3logos, a taxa de varia\u00e7\u00e3o situou-se em 8,8% (8,0% em Abril), revela hoje o INE &#8211; Instituto Nacional de&nbsp;Estat\u00edstica.<\/p>\n<h3><strong>Saiba mais <a href=\"https:\/\/www.diarioimobiliario.pt\/Habitacao\/Casas-cada-vez-mais-valorizadas.-Em-Maio-a-avaliacao-bancaria-subiu-para-1.212-euros-m2\" target=\"_blank\" rel=\"noopener\">aqui<\/a><\/strong><\/h3>\n<\/p>\n<h2><strong>Mercado imobili\u00e1rio continua em alta. Sobem as licen\u00e7as, o cr\u00e9dito e a avalia\u00e7\u00e3o<\/strong><\/h2>\n<p>At\u00e9 Abril, as licen\u00e7as habitacionais aumentaram 20,6%, o novo cr\u00e9dito \u00e0 habita\u00e7\u00e3o cresce 24,2% e a avalia\u00e7\u00e3o banc\u00e1ria das habita\u00e7\u00f5es sobe 8%, revela a S\u00edntese Estat\u00edstica da Habita\u00e7\u00e3o da AICCOPN.<\/p>\n<h3><strong>Saiba mais <a href=\"https:\/\/www.diarioimobiliario.pt\/Actualidade\/Mercado-imobiliario-continua-em-alta.-Sobem-as-licencas-o-credito-e-a-avaliacao\" target=\"_blank\" rel=\"noopener\">aqui<\/a><\/strong><\/h3>\n<\/p>\n<h2><strong>Cons\u00f3rcio internacional de investidores compra complexo industrial &#8216;A Napolitana&#8217;<\/strong><\/h2>\n<p>Os ic\u00f3nicos edif\u00edcios da antiga f\u00e1brica de massas A Napolitana, localizados em Alc\u00e2ntara, Lisboa, foram adquiridos ao Grupo Auchan&nbsp;por um cons\u00f3rcio internacional de investidores constitu\u00eddo pelas empresas RFR Holding LLC \/ CGC \/ Artemis Education, num&nbsp;valor total de investimento, incluindo aquisi\u00e7\u00e3o e obra, superior a 50 milh\u00f5es de euros.<\/p>\n<h3><strong>Saiba mais <a href=\"https:\/\/www.diarioimobiliario.pt\/Actualidade\/Consorcio-internacional-de-investidores-compra-complexo-industrial-A-Napolitana\" target=\"_blank\" rel=\"noopener\">aqui<\/a><\/strong><\/h3>\n<\/p>\n<h2><strong>Hotel inovador em Portugal promete virar a cabe\u00e7a dos h\u00f3spedes de \u201cpernas para o ar\u201d<\/strong><\/h2>\n<p>O grupo hoteleiro espanhol chic&amp;basic acaba de entrar no mercado portugu\u00eas com uma unidade irreverente. \u00c9 o primeiro hotel que testa a lei da gravidade,&nbsp;fica em Portugal, no cora\u00e7\u00e3o da cidade do Porto e&nbsp;promete virar a cabe\u00e7a dos h\u00f3spedes de \u201cpernas para o ar\u201d.<\/p>\n<h3><strong>Saiba mais <a href=\"https:\/\/www.diarioimobiliario.pt\/Turismo\/Hotel-inovador-em-Portugal-promete-virar-a-cabeca-dos-hospedes-de-pernas-para-o-ar\" target=\"_blank\" rel=\"noopener\">aqui<\/a><\/strong><\/h3>\n<\/p>\n<h3><strong>Leia as anteriores Imos\u00edntese<\/strong><\/h3>\n<ul>\n<li><a href=\"https:\/\/www.imovirtual.com\/noticias\/noticias\/imosintese-noticias-2506\" target=\"_blank\" rel=\"noopener\"><strong>IMOS\u00cdNTESE &#8211; NOT\u00cdCIAS 25\/06<\/strong><\/a><\/li>\n<li><a href=\"https:\/\/www.imovirtual.com\/noticias\/noticias\/imosintese-noticias-2406\" target=\"_blank\" rel=\"noopener\"><strong>IMOS\u00cdNTESE &#8211; NOT\u00cdCIAS 24\/06<\/strong><\/a><\/li>\n<li><a href=\"https:\/\/www.imovirtual.com\/noticias\/noticias\/imosintese-noticias-2306\" target=\"_blank\" rel=\"noopener\"><strong>IMOS\u00cdNTESE &#8211; NOT\u00cdCIAS 23\/06<\/strong><\/a><\/li>\n<\/ul>\n<\/p>\n<div class=\"css-h5fkc8\"><strong>Ultima actualiza\u00e7\u00e3o:<\/strong> 19 outubro 2021<\/div>\n","protected":false},"excerpt":{"rendered":"<p>Imos\u00edntese &#8211; 28 de Junho de 2021 Em parceria com o&nbsp;Di\u00e1rio Imobili\u00e1rio, o Imovirtual apresenta diariamente um resumo notici\u00e1rio dos acontecimentos mais relevantes do dia. Fique a par das \u00faltimas novidades do Mercado Imobili\u00e1rio. Habita\u00e7\u00e3o: 1.\u00ba Direito apoia mais 786 fam\u00edlias em v\u00e1rios munic\u00edpios do pa\u00eds Foram assinadas na semana passada mais seis Acordos de &hellip;<\/p>\n","protected":false},"author":3,"featured_media":100,"comment_status":"closed","ping_status":"open","sticky":false,"template":"","format":"standard","meta":{"footnotes":""},"categories":[4],"tags":[],"class_list":["post-1931","post","type-post","status-publish","format-standard","has-post-thumbnail","hentry","category-novidades"],"_links":{"self":[{"href":"https:\/\/www.imovirtual.com\/noticias\/wp-json\/wp\/v2\/posts\/1931","targetHints":{"allow":["GET"]}}],"collection":[{"href":"https:\/\/www.imovirtual.com\/noticias\/wp-json\/wp\/v2\/posts"}],"about":[{"href":"https:\/\/www.imovirtual.com\/noticias\/wp-json\/wp\/v2\/types\/post"}],"author":[{"embeddable":true,"href":"https:\/\/www.imovirtual.com\/noticias\/wp-json\/wp\/v2\/users\/3"}],"replies":[{"embeddable":true,"href":"https:\/\/www.imovirtual.com\/noticias\/wp-json\/wp\/v2\/comments?post=1931"}],"version-history":[{"count":0,"href":"https:\/\/www.imovirtual.com\/noticias\/wp-json\/wp\/v2\/posts\/1931\/revisions"}],"wp:featuredmedia":[{"embeddable":true,"href":"https:\/\/www.imovirtual.com\/noticias\/wp-json\/wp\/v2\/media\/100"}],"wp:attachment":[{"href":"https:\/\/www.imovirtual.com\/noticias\/wp-json\/wp\/v2\/media?parent=1931"}],"wp:term":[{"taxonomy":"category","embeddable":true,"href":"https:\/\/www.imovirtual.com\/noticias\/wp-json\/wp\/v2\/categories?post=1931"},{"taxonomy":"post_tag","embeddable":true,"href":"https:\/\/www.imovirtual.com\/noticias\/wp-json\/wp\/v2\/tags?post=1931"}],"curies":[{"name":"wp","href":"https:\/\/api.w.org\/{rel}","templated":true}]}}