{"id":1928,"date":"2021-06-17T00:00:00","date_gmt":"2021-06-17T00:00:00","guid":{"rendered":"https:\/\/www.imovirtual.com\/noticias2\/2021\/06\/17\/imosintese-noticias-1606\/"},"modified":"2021-06-17T00:00:00","modified_gmt":"2021-06-17T00:00:00","slug":"imosintese-noticias-1606","status":"publish","type":"post","link":"https:\/\/www.imovirtual.com\/noticias\/novidades\/imosintese-noticias-1606\/","title":{"rendered":"IMOS\u00cdNTESE &#8211; NOT\u00cdCIAS 16\/06"},"content":{"rendered":"<p class=\"css-8qfla4\">\n<p class=\"css-m5h6m0 edperro0\">\n<h1><strong>Imos\u00edntese &#8211; 16 de Junho de 2021<\/strong><\/h1>\n<p><strong>Em parceria com o&nbsp;<a href=\"https:\/\/www.diarioimobiliario.pt\/\" target=\"_blank\" rel=\"noopener\">Di\u00e1rio Imobili\u00e1rio<\/a>, o Imovirtual apresenta diariamente um resumo notici\u00e1rio dos acontecimentos mais relevantes do dia. Fique a par das \u00faltimas novidades do Mercado Imobili\u00e1rio.<\/strong><\/p>\n<\/p>\n<h2><strong>Pal\u00e1cio da Independ\u00eancia vai ser reabilitado e receber um n\u00facleo museol\u00f3gico<\/strong><\/h2>\n<p>No cora\u00e7\u00e3o de Lisboa, encontra-se o Pal\u00e1cio da Independ\u00eancia, um monumento hist\u00f3rico, classificado como MN &#8211; Monumento Nacional, situado no Largo de S\u00e3o Domingos junto ao Largo do Rossio em Lisbo, era, antigamente, tamb\u00e9m chamado, por isso, de Pal\u00e1cio do Rossio, ou de Pal\u00e1cio de S\u00e3o Domingos.<\/p>\n<h3><strong>Saiba mais <a href=\"https:\/\/www.diarioimobiliario.pt\/Actualidade\/Reabilitacao\/Palacio-da-Independencia-vai-ser-reabilitado-e-receber-um-nucleo-museologico\" target=\"_blank\" rel=\"noopener\">aqui<\/a><\/strong><\/h3>\n<\/p>\n<h2><strong>Sal\u00e3o Digital Imovirtual vai apresentar ofertas de empreendimentos<\/strong><\/h2>\n<p>O Sal\u00e3o Digital Imovirtual \u00e9 a primeira feira online levada a cabo pelo Portal para dar a oportunidade a construtores e&nbsp;ag\u00eancias imobili\u00e1rias de apresentarem as suas melhores ofertas de empreendimentos.<\/p>\n<h3><strong>Saiba mais <a href=\"https:\/\/www.diarioimobiliario.pt\/Actualidade\/Salao-Digital-Imovirtual-vai-apresentar-ofertas-de-empreendimentos\" target=\"_blank\" rel=\"noopener\">aqui<\/a><\/strong><\/h3>\n<\/p>\n<h2><strong>V\u00e3o nascer duas novas resid\u00eancias s\u00e9nior em Coimbra e Oeiras num investimento de 16 milh\u00f5es<\/strong><\/h2>\n<p>O C\u00edrculo de Mestres, rede de resid\u00eancias s\u00e9nior promotora do conceito de envelhecimento activo itinerante, vai abrir mais duas novas resid\u00eancias, em Coimbra e Oeiras, num investimento de 16 milh\u00f5es euros e que vai permitir acolher mais 250 utentes.<\/p>\n<h3><strong>Saiba mais <a href=\"https:\/\/www.diarioimobiliario.pt\/Actualidade\/Vao-nascer-duas-novas-residencias-senior-em-Coimbra-e-Oeiras-num-investimento-de-16-milhoes\" target=\"_blank\" rel=\"noopener\">aqui<\/a><\/strong><\/h3>\n<\/p>\n<h2><strong>Atelier Meireles Arquitectos vence Urban Design &amp; Architecture Design Awards 2020<\/strong><\/h2>\n<p>O projecto de arquitectura do edif\u00edcio&nbsp;Infante, situado no centro hist\u00f3rico do Porto, do atelier&nbsp;<a href=\"https:\/\/mmeireles.com\/\" target=\"_blank\" rel=\"noopener\">Meireles Arquitectos<\/a>, alcan\u00e7ou o 1\u00ba pr\u00e9mio, na categoria&nbsp;<a href=\"http:\/\/www.architecturepressrelease.com\/winner-infante-meireles-arquitectos\/\" target=\"_blank\" rel=\"noopener\">Arquitectura Residencial &#8211; Renova\u00e7\u00e3o<\/a>, no&nbsp;concurso internacional&nbsp;Urban Design &amp; Architecture Design Awards 2020.<\/p>\n<h3><strong>Saiba mais <a href=\"https:\/\/www.diarioimobiliario.pt\/Arquitectura\/Atelier-Meireles-Arquitectos-vence-Urban-Design-Architecture-Design-Awards-2020\" target=\"_blank\" rel=\"noopener\">aqui<\/a><\/strong><\/h3>\n<\/p>\n<h2><strong>iad Portugal alcan\u00e7a novos recordes em Maio e cresce 344% em rela\u00e7\u00e3o ao ano passado<\/strong><\/h2>\n<p>A rede de consultores imobili\u00e1rios independentes&nbsp;fechou o m\u00eas com o melhor resultado de sempre em termos de volume de neg\u00f3cios, tendo registado um crescimento de 344% em rela\u00e7\u00e3o a Maio do ano passado.<\/p>\n<h3><strong>Saiba mais <a href=\"https:\/\/www.diarioimobiliario.pt\/Actualidade\/iad-Portugal-alcanca-novos-recordes-em-Maio-e-cresce-344-em-relacao-ao-ano-passado\" target=\"_blank\" rel=\"noopener\">aqui<\/a><\/strong><\/h3>\n<\/p>\n<h3><strong>Leia as anteriores Imos\u00edntese<\/strong><\/h3>\n<ul>\n<li><a href=\"https:\/\/www.imovirtual.com\/noticias\/noticias\/imosintese-noticias-1506\" target=\"_blank\" rel=\"noopener\"><strong>IMOS\u00cdNTESE &#8211; NOT\u00cdCIAS 15\/06<\/strong><\/a><\/li>\n<li><a href=\"https:\/\/www.imovirtual.com\/noticias\/noticias\/imosintese-noticias-1206\" target=\"_blank\" rel=\"noopener\"><strong>IMOS\u00cdNTESE &#8211; NOT\u00cdCIAS 14\/06<\/strong><\/a><\/li>\n<li><a href=\"https:\/\/www.imovirtual.com\/noticias\/noticias\/imosintese-noticias-1106\" target=\"_blank\" rel=\"noopener\"><strong>IMOS\u00cdNTESE &#8211; NOT\u00cdCIAS 11\/06<\/strong><\/a><\/li>\n<\/ul>\n<\/p>\n<div class=\"css-h5fkc8\"><strong>Ultima actualiza\u00e7\u00e3o:<\/strong> 19 outubro 2021<\/div>\n","protected":false},"excerpt":{"rendered":"<p>Imos\u00edntese &#8211; 16 de Junho de 2021 Em parceria com o&nbsp;Di\u00e1rio Imobili\u00e1rio, o Imovirtual apresenta diariamente um resumo notici\u00e1rio dos acontecimentos mais relevantes do dia. Fique a par das \u00faltimas novidades do Mercado Imobili\u00e1rio. Pal\u00e1cio da Independ\u00eancia vai ser reabilitado e receber um n\u00facleo museol\u00f3gico No cora\u00e7\u00e3o de Lisboa, encontra-se o Pal\u00e1cio da Independ\u00eancia, um &hellip;<\/p>\n","protected":false},"author":3,"featured_media":100,"comment_status":"closed","ping_status":"open","sticky":false,"template":"","format":"standard","meta":{"footnotes":""},"categories":[4],"tags":[],"class_list":["post-1928","post","type-post","status-publish","format-standard","has-post-thumbnail","hentry","category-novidades"],"_links":{"self":[{"href":"https:\/\/www.imovirtual.com\/noticias\/wp-json\/wp\/v2\/posts\/1928","targetHints":{"allow":["GET"]}}],"collection":[{"href":"https:\/\/www.imovirtual.com\/noticias\/wp-json\/wp\/v2\/posts"}],"about":[{"href":"https:\/\/www.imovirtual.com\/noticias\/wp-json\/wp\/v2\/types\/post"}],"author":[{"embeddable":true,"href":"https:\/\/www.imovirtual.com\/noticias\/wp-json\/wp\/v2\/users\/3"}],"replies":[{"embeddable":true,"href":"https:\/\/www.imovirtual.com\/noticias\/wp-json\/wp\/v2\/comments?post=1928"}],"version-history":[{"count":0,"href":"https:\/\/www.imovirtual.com\/noticias\/wp-json\/wp\/v2\/posts\/1928\/revisions"}],"wp:featuredmedia":[{"embeddable":true,"href":"https:\/\/www.imovirtual.com\/noticias\/wp-json\/wp\/v2\/media\/100"}],"wp:attachment":[{"href":"https:\/\/www.imovirtual.com\/noticias\/wp-json\/wp\/v2\/media?parent=1928"}],"wp:term":[{"taxonomy":"category","embeddable":true,"href":"https:\/\/www.imovirtual.com\/noticias\/wp-json\/wp\/v2\/categories?post=1928"},{"taxonomy":"post_tag","embeddable":true,"href":"https:\/\/www.imovirtual.com\/noticias\/wp-json\/wp\/v2\/tags?post=1928"}],"curies":[{"name":"wp","href":"https:\/\/api.w.org\/{rel}","templated":true}]}}