{"id":1926,"date":"2021-10-17T00:00:00","date_gmt":"2021-10-17T00:00:00","guid":{"rendered":"https:\/\/www.imovirtual.com\/noticias2\/2021\/10\/17\/seguro-do-recheio\/"},"modified":"2024-08-28T10:29:34","modified_gmt":"2024-08-28T10:29:34","slug":"seguro-do-recheio","status":"publish","type":"post","link":"https:\/\/www.imovirtual.com\/noticias\/imobiliario\/seguro-do-recheio\/","title":{"rendered":"Tudo sobre seguro do recheio"},"content":{"rendered":"<p class=\"css-8qfla4\">\n<p class=\"css-m5h6m0 edperro0\">\n<h1><strong>Tem uma casa arrendada? Saiba porque necessita do Seguro do Recheio<\/strong><\/h1>\n<p>O seguro de inc\u00eandio \u00e9 obrigat\u00f3rio por lei para edif\u00edcios constitu\u00eddos em <a href=\"https:\/\/www.imovirtual.com\/noticias\/imobiliario\/o-que-e-a-propriedade-horizontal\" target=\"_blank\" rel=\"noopener\"><strong>propriedade horizontal<\/strong><\/a>. Por isso, se vive numa <strong>casa arrendada<\/strong> \u00e9 muito prov\u00e1vel que o seu <a href=\"https:\/\/www.imovirtual.com\/noticias\/imobiliario\/direitos-deveres-senhorios\" target=\"_blank\" rel=\"noopener\">senhorio<\/a> tenha contratado uma destas ap\u00f3lices para cobrir as paredes do im\u00f3vel. No entanto, isto <strong>significa que o recheio da sua casa n\u00e3o estar\u00e1, certamente, coberto por tal seguro<\/strong>. At\u00e9 pode ter um seguro multirriscos-habita\u00e7\u00e3o, mas o ideal \u00e9 sempre verificar se este n\u00e3o inclui um Seguro de Recheio. No caso de n\u00e3o incluir, pondere a necessidade de obter tal ap\u00f3lice para assegurar que em caso de<strong> acidente ou roubo<\/strong>, receber\u00e1 o valor das mob\u00edlias, eletrodom\u00e9sticos e demais objetos. <\/p>\n<p><strong>Calcular o Seguro do Recheio<\/strong> \u00e9 um processo um pouco tedioso mas que vai valer a pena. O ideal \u00e9 fazer-se acompanhar de um<strong> papel, caneta e calculadora <\/strong>para fazer as contas \u00e0 sua vida. Lembre-se que deve incluir na lista todos os bens que pretende que sejam cobertos pelo seguro e incluir os seus montantes. Caso opte por indicar um<strong> valor mais elevado do que o normal<\/strong>, o tiro pode sair-lhe pela culatra, uma vez que pode ser de pagar uma ap\u00f3lice superior sem qualquer necessidade.<\/p>\n<\/p>\n<h3>Tamb\u00e9m lhe pode interessar: <a href=\"https:\/\/www.imovirtual.com\/noticias\/financas\/seguros-compra-casa\" target=\"_blank\" rel=\"noopener\"><em><strong>Seguros a contratar na hora de comprar casa<\/strong><\/em><\/a><\/h3>\n<\/p>\n<h2><strong>Como calcular os bens do Seguro do Recheio<\/strong><\/h2>\n<ol>\n<li>Comece por fazer uma lista dos itens que pretende incluir na ap\u00f3lice. Pode considerar <strong>vestu\u00e1rio, pe\u00e7as de arte, eletrodom\u00e9sticos, mobili\u00e1rio e pe\u00e7as de lou\u00e7a<\/strong>. Atribua-lhes o valor que pagou em novo, uma tarefa que fica<strong> mais facilitada se ainda tiver na sua posse as faturas dos artigos<\/strong>. <\/li>\n<li>Inclua numa categoria \u00e0 parte os<strong> Bens Especiais<\/strong>, ou seja, os itens de maior valor como<strong> antiguidades, casacos de pele, armas, j\u00f3ias e cole\u00e7\u00f5es<\/strong>. Todos estes artigos devem ser mencionados em separado e deve capturar fotografias dos mesmos.<\/li>\n<li><strong>Reporte o valor real de mercado dos seus Bens Especiais<\/strong> e para isso, pode ser necess\u00e1rio recorrer a uma avalia\u00e7\u00e3o espec\u00edfica. Note que estes bens devem estar reportados de forma devida na sua ap\u00f3lice o valor real, j\u00e1 que em caso de sinistro, <strong>o seguro apenas reembolsa at\u00e9 1.500 euros por objeto<\/strong>.<\/li>\n<li>Some todos os<strong> valores dos bens<\/strong>, adicione 10% sobre esse montante para prevenir um poss\u00edvel esquecimento ou at\u00e9 aumentos de pre\u00e7o e comunique o valor total do patrim\u00f3nio a segurar \u00e0 seguradora.<\/li>\n<\/ol>\n<h2><strong>Quais as coberturas do Seguro do Recheio<\/strong><\/h2>\n<ol>\n<li>Furto ou <strong>Roubo<\/strong>;<\/li>\n<li><strong>Danos graves<\/strong>: vandalismo, cat\u00e1strofes naturais, danos por \u00e1gua, inc\u00eandios, danos provocados pelo choque de ve\u00edculos terrestres e queda de aeronaves;<\/li>\n<li><strong>Danos menos graves<\/strong>: queda ou quebra de objetos; riscos el\u00e9tricos; danos provocados por fumo ou calor; pagamento de despesas relacionadas com demoli\u00e7\u00e3o e remo\u00e7\u00e3o de escombros em caso de sinistro;<\/li>\n<li><strong>Responsabilidade civil<\/strong>: danos provocados a terneiros<\/li>\n<\/ol>\n<h2><strong>Qual o valor de um Seguro do Recheio<\/strong><\/h2>\n<p>O valor a pagar pelo Seguro do Recheio vai depender de uma s\u00e9rie de factores, entre os quais a<strong> localiza\u00e7\u00e3o da casa<\/strong>, a <a href=\"https:\/\/www.imovirtual.com\/noticias\/imobiliario\/guia-para-tipologia-moradias-apartamentos\" target=\"_blank\" rel=\"noopener\">tipologia<\/a> de habita\u00e7\u00e3o (apartamento ou moradia), e mesmo o <strong>tipo de bens que est\u00e1 inclu\u00eddo no seguro.<\/strong><\/p>\n<p class=\" block-img\"><img decoding=\"async\" src=\"https:\/\/www.imovirtual.com\/noticias\/wp-content\/uploads\/2022\/11\/35ce8fdc-7f6c-4930-b514-06c8b6107a8e_Joao-Miguel-Banner-2.png\" alt=\"Jo\u00e3o Miguel Autor Imovirtual Blog\"><\/p>\n<h5><em>Jo\u00e3o Miguel \u00e9 o homem dos n\u00fameros. O jeito para os n\u00fameros sempre foi inato, assim como o talento para a escrita. J\u00e1 tentou fazer um sem o outro, mas n\u00e3o foi bem sucedido na tarefa. Por isso, hoje escreve para a sec\u00e7\u00e3o &#8216;Finan\u00e7as&#8217; do Blog do Imovirtual.<\/em><\/h5>\n<\/p>\n<h4><strong>Leia tamb\u00e9m<\/strong><\/h4>\n<ul>\n<li>O que \u00e9 o <a href=\"https:\/\/www.imovirtual.com\/noticias\/financas\/mapa-de-crc\" target=\"_blank\" rel=\"noopener\"><strong>Mapa de CRC<\/strong><\/a>?<\/li>\n<li>Senhorios: dicas para baixar o <a href=\"https:\/\/www.imovirtual.com\/noticias\/financas\/senhorios-irs-rendas\" target=\"_blank\" rel=\"noopener\"><strong>IRS das rendas<\/strong><\/a><\/li>\n<li>Tudo sobre a <a href=\"https:\/\/www.imovirtual.com\/noticias\/financas\/leitura-deletricidade\" target=\"_blank\" rel=\"noopener\"><strong>leitura da eletricidade<\/strong><\/a><\/li>\n<\/ul>\n<\/p>\n<div class=\"css-h5fkc8\"><strong>Ultima actualiza\u00e7\u00e3o:<\/strong> 19 outubro 2021<\/div>\n","protected":false},"excerpt":{"rendered":"<p>Tem uma casa arrendada? Saiba porque necessita do Seguro do Recheio O seguro de inc\u00eandio \u00e9 obrigat\u00f3rio por lei para edif\u00edcios constitu\u00eddos em propriedade horizontal. Por isso, se vive numa casa arrendada \u00e9 muito prov\u00e1vel que o seu senhorio tenha contratado uma destas ap\u00f3lices para cobrir as paredes do im\u00f3vel. No entanto, isto significa que &hellip;<\/p>\n","protected":false},"author":3,"featured_media":1927,"comment_status":"closed","ping_status":"open","sticky":false,"template":"","format":"standard","meta":{"footnotes":""},"categories":[37,5],"tags":[],"class_list":["post-1926","post","type-post","status-publish","format-standard","has-post-thumbnail","hentry","category-financas-e-imobiliario","category-imobiliario"],"_links":{"self":[{"href":"https:\/\/www.imovirtual.com\/noticias\/wp-json\/wp\/v2\/posts\/1926","targetHints":{"allow":["GET"]}}],"collection":[{"href":"https:\/\/www.imovirtual.com\/noticias\/wp-json\/wp\/v2\/posts"}],"about":[{"href":"https:\/\/www.imovirtual.com\/noticias\/wp-json\/wp\/v2\/types\/post"}],"author":[{"embeddable":true,"href":"https:\/\/www.imovirtual.com\/noticias\/wp-json\/wp\/v2\/users\/3"}],"replies":[{"embeddable":true,"href":"https:\/\/www.imovirtual.com\/noticias\/wp-json\/wp\/v2\/comments?post=1926"}],"version-history":[{"count":0,"href":"https:\/\/www.imovirtual.com\/noticias\/wp-json\/wp\/v2\/posts\/1926\/revisions"}],"wp:featuredmedia":[{"embeddable":true,"href":"https:\/\/www.imovirtual.com\/noticias\/wp-json\/wp\/v2\/media\/1927"}],"wp:attachment":[{"href":"https:\/\/www.imovirtual.com\/noticias\/wp-json\/wp\/v2\/media?parent=1926"}],"wp:term":[{"taxonomy":"category","embeddable":true,"href":"https:\/\/www.imovirtual.com\/noticias\/wp-json\/wp\/v2\/categories?post=1926"},{"taxonomy":"post_tag","embeddable":true,"href":"https:\/\/www.imovirtual.com\/noticias\/wp-json\/wp\/v2\/tags?post=1926"}],"curies":[{"name":"wp","href":"https:\/\/api.w.org\/{rel}","templated":true}]}}