{"id":1924,"date":"2021-06-30T00:00:00","date_gmt":"2021-06-30T00:00:00","guid":{"rendered":"https:\/\/www.imovirtual.com\/noticias2\/2021\/06\/30\/imosintese-noticias-3006\/"},"modified":"2021-06-30T00:00:00","modified_gmt":"2021-06-30T00:00:00","slug":"imosintese-noticias-3006","status":"publish","type":"post","link":"https:\/\/www.imovirtual.com\/noticias\/novidades\/imosintese-noticias-3006\/","title":{"rendered":"IMOS\u00cdNTESE &#8211; NOT\u00cdCIAS 30\/06"},"content":{"rendered":"<p class=\"css-8qfla4\">\n<p class=\"css-m5h6m0 edperro0\">\n<h1><strong>Imos\u00edntese &#8211; 30 de Junho de 2021<\/strong><\/h1>\n<p><strong>Em parceria com o&nbsp;<a href=\"https:\/\/www.diarioimobiliario.pt\/\" target=\"_blank\" rel=\"noopener\">Di\u00e1rio Imobili\u00e1rio<\/a>, o Imovirtual apresenta diariamente um resumo notici\u00e1rio dos acontecimentos mais relevantes do dia. Fique a par das \u00faltimas novidades do Mercado Imobili\u00e1rio.<\/strong><\/p>\n<\/p>\n<h2><strong>YUP: O projecto em Lisboa que transforma um T2 num T1 ou T0, sem obras e em minutos<\/strong><\/h2>\n<p>O YUP \u2013 Young Urban Property, empreendimento localizado em Lisboa,&nbsp;vem revolucionar a forma como o espa\u00e7o \u00e9 utilizado em cada apartamento, j\u00e1 iniciou obras e conta agora com um andar modelo.<\/p>\n<h3><strong>Saiba mais <a href=\"https:\/\/www.diarioimobiliario.pt\/Habitacao\/YUP-O-projecto-em-Lisboa-que-transforma-um-T2-num-T1-ou-T0-sem-obras-e-em-minutos\" target=\"_blank\" rel=\"noopener\">aqui<\/a><\/strong><\/h3>\n<\/p>\n<h2><strong>Mercado portugu\u00eas est\u00e1 preparado para receber cada vez mais solu\u00e7\u00f5es digitais e inovadoras<\/strong><\/h2>\n<p><strong>[Entrevista] &#8211; <\/strong>Miguel Alegria, CEO da Engexpor, admite que h\u00e1 uma lacuna no mercado em rela\u00e7\u00e3o \u00e0 tecnologia e a recupera\u00e7\u00e3o econ\u00f3mica de Portugal passar\u00e1&nbsp;pelo digital e pelas suas implica\u00e7\u00f5es na economia nacional.<\/p>\n<h3><strong>Saiba mais <a href=\"https:\/\/www.diarioimobiliario.pt\/Entrevistas\/Mercado-portugues-esta-preparado-para-receber-cada-vez-mais-solucoes-digitais-e-inovadoras\" target=\"_blank\" rel=\"noopener\">aqui<\/a><\/strong><\/h3>\n<\/p>\n<h2><strong>Xangai tem o hotel mais alto do mundo<\/strong><\/h2>\n<p>O J Hotel Torre de Xangai, inaugurado h\u00e1 dias, afirma ser o hotel mais alto nas alturas j\u00e1 que est\u00e1 instalado no segundo arranha-c\u00e9us mais alto do mundo.<\/p>\n<h3><strong>Saiba mais <a href=\"https:\/\/www.diarioimobiliario.pt\/Actualidade\/Internacional\/Xangai-tem-o-hotel-mais-alto-do-mundo\" target=\"_blank\" rel=\"noopener\">aqui<\/a><\/strong><\/h3>\n<\/p>\n<h2><strong>Rede Nacional de Teletrabalho no Interior alargada a 88 munic\u00edpios<\/strong><\/h2>\n<p>A Rede Nacional de Espa\u00e7os de Teletrabalho ou Coworking no Interior entrou hoje na sua 2\u00aa fase, com o alargamento do n\u00famero de munic\u00edpios onde estar\u00e3o dispon\u00edveis estes espa\u00e7os e com a abertura de portas aos trabalhadores com v\u00ednculo de emprego p\u00fablico, cuja portaria que define o valor da compensa\u00e7\u00e3o financeira foi j\u00e1 publicada em Di\u00e1rio da Rep\u00fablica.<\/p>\n<h3><strong>Saiba mais <a href=\"https:\/\/www.diarioimobiliario.pt\/Actualidade\/Escritorios\/Rede-Nacional-de-Teletrabalho-no-Interior-alargada-a-88-municipios\" target=\"_blank\" rel=\"noopener\">aqui<\/a><\/strong><\/h3>\n<\/p>\n<h2><strong>Economia portuguesa dever\u00e1 crescer acima da m\u00e9dia da Zona Euro em 2022<\/strong><\/h2>\n<p>O PIB portugu\u00eas dever\u00e1 crescer 5,4% em 2022, acima da m\u00e9dia da Zona Euro, que, de acordo com as estimativas da Euler Hermes, especialista&nbsp;em seguro de cr\u00e9dito e acionista da COSEC \u2013 Companhia de Seguro de Cr\u00e9ditos, ser\u00e1 de +4,2%.<\/p>\n<h3><strong>Saiba mais <a href=\"https:\/\/www.diarioimobiliario.pt\/Actualidade\/Economia-portuguesa-devera-crescer-acima-da-media-da-Zona-Euro-em-2022\" target=\"_blank\" rel=\"noopener\">aqui<\/a><\/strong><\/h3>\n<\/p>\n<h3><strong>Leia as anteriores Imos\u00edntese<\/strong><\/h3>\n<ul>\n<li><a href=\"https:\/\/www.imovirtual.com\/noticias\/noticias\/imosintese-noticias-2906\" target=\"_blank\" rel=\"noopener\"><strong>IMOS\u00cdNTESE &#8211; NOT\u00cdCIAS 29\/06<\/strong><\/a><\/li>\n<li><a href=\"https:\/\/www.imovirtual.com\/noticias\/noticias\/imosintese-noticias-2806\" target=\"_blank\" rel=\"noopener\"><strong>IMOS\u00cdNTESE &#8211; NOT\u00cdCIAS 28\/06<\/strong><\/a><\/li>\n<li><a href=\"https:\/\/www.imovirtual.com\/noticias\/noticias\/imosintese-noticias-2506\" target=\"_blank\" rel=\"noopener\"><strong>IMOS\u00cdNTESE &#8211; NOT\u00cdCIAS 25\/06<\/strong><\/a><\/li>\n<\/ul>\n<\/p>\n<div class=\"css-h5fkc8\"><strong>Ultima actualiza\u00e7\u00e3o:<\/strong> 19 outubro 2021<\/div>\n","protected":false},"excerpt":{"rendered":"<p>Imos\u00edntese &#8211; 30 de Junho de 2021 Em parceria com o&nbsp;Di\u00e1rio Imobili\u00e1rio, o Imovirtual apresenta diariamente um resumo notici\u00e1rio dos acontecimentos mais relevantes do dia. Fique a par das \u00faltimas novidades do Mercado Imobili\u00e1rio. YUP: O projecto em Lisboa que transforma um T2 num T1 ou T0, sem obras e em minutos O YUP \u2013 &hellip;<\/p>\n","protected":false},"author":3,"featured_media":100,"comment_status":"closed","ping_status":"open","sticky":false,"template":"","format":"standard","meta":{"footnotes":""},"categories":[4],"tags":[],"class_list":["post-1924","post","type-post","status-publish","format-standard","has-post-thumbnail","hentry","category-novidades"],"_links":{"self":[{"href":"https:\/\/www.imovirtual.com\/noticias\/wp-json\/wp\/v2\/posts\/1924","targetHints":{"allow":["GET"]}}],"collection":[{"href":"https:\/\/www.imovirtual.com\/noticias\/wp-json\/wp\/v2\/posts"}],"about":[{"href":"https:\/\/www.imovirtual.com\/noticias\/wp-json\/wp\/v2\/types\/post"}],"author":[{"embeddable":true,"href":"https:\/\/www.imovirtual.com\/noticias\/wp-json\/wp\/v2\/users\/3"}],"replies":[{"embeddable":true,"href":"https:\/\/www.imovirtual.com\/noticias\/wp-json\/wp\/v2\/comments?post=1924"}],"version-history":[{"count":0,"href":"https:\/\/www.imovirtual.com\/noticias\/wp-json\/wp\/v2\/posts\/1924\/revisions"}],"wp:featuredmedia":[{"embeddable":true,"href":"https:\/\/www.imovirtual.com\/noticias\/wp-json\/wp\/v2\/media\/100"}],"wp:attachment":[{"href":"https:\/\/www.imovirtual.com\/noticias\/wp-json\/wp\/v2\/media?parent=1924"}],"wp:term":[{"taxonomy":"category","embeddable":true,"href":"https:\/\/www.imovirtual.com\/noticias\/wp-json\/wp\/v2\/categories?post=1924"},{"taxonomy":"post_tag","embeddable":true,"href":"https:\/\/www.imovirtual.com\/noticias\/wp-json\/wp\/v2\/tags?post=1924"}],"curies":[{"name":"wp","href":"https:\/\/api.w.org\/{rel}","templated":true}]}}