{"id":1918,"date":"2021-07-08T00:00:00","date_gmt":"2021-07-08T00:00:00","guid":{"rendered":"https:\/\/www.imovirtual.com\/noticias2\/2021\/07\/08\/imosintese-noticias-080721\/"},"modified":"2021-07-08T00:00:00","modified_gmt":"2021-07-08T00:00:00","slug":"imosintese-noticias-080721","status":"publish","type":"post","link":"https:\/\/www.imovirtual.com\/noticias\/novidades\/imosintese-noticias-080721\/","title":{"rendered":"IMOS\u00cdNTESE &#8211; NOT\u00cdCIAS 08\/07"},"content":{"rendered":"<p class=\"css-8qfla4\">\n<p class=\"css-m5h6m0 edperro0\">\n<h1><strong>Imos\u00edntese &#8211; 8 de Julho de 2021<\/strong><\/h1>\n<p><strong>Em parceria com o&nbsp;<a href=\"https:\/\/www.diarioimobiliario.pt\/\" target=\"_blank\" rel=\"noopener\">Di\u00e1rio Imobili\u00e1rio<\/a>, o Imovirtual apresenta diariamente um resumo notici\u00e1rio dos acontecimentos mais relevantes do dia. Fique a par das \u00faltimas novidades do Mercado Imobili\u00e1rio.<\/strong><\/p>\n<\/p>\n<h2><strong>Savoy Residence | Insular \u00e9 o novo projecto de luxo que est\u00e1 a nascer no Funchal<\/strong><\/h2>\n<p>Num dos mais ic\u00f3nicos edif\u00edcios da cidade do Funchal,&nbsp;o da antiga Moagem da Companhia Insular de Moinhos, vai nascer o&nbsp;Savoy Residence | Insular com a assinatura Savoy Residence.<\/p>\n<h3><strong>Saiba mais <a href=\"https:\/\/www.diarioimobiliario.pt\/Habitacao\/Savoy-Residence-Insular-e-o-novo-projecto-de-luxo-que-esta-a-nascer-no-Funchal\" target=\"_blank\" rel=\"noopener\">aqui<\/a><\/strong><\/h3>\n<\/p>\n<h2><strong>Propriet\u00e1rios n\u00e3o t\u00eam confian\u00e7a no Estado nem na evolu\u00e7\u00e3o do mercado imobili\u00e1rio portugu\u00eas<\/strong><\/h2>\n<p>Quase dois ter\u00e7os (64,4%) dos propriet\u00e1rios de im\u00f3veis inquiridos na III edi\u00e7\u00e3o do Bar\u00f3metro da ALP &#8211; Associa\u00e7\u00e3o Lisbonense de Propriet\u00e1rios&nbsp;\u201cConfian\u00e7a dos Propriet\u00e1rios\u201d afirmam n\u00e3o ter confian\u00e7a na evolu\u00e7\u00e3o do mercado imobili\u00e1rio portugu\u00eas no segundo semestre de 2021.<\/p>\n<h3><strong>Saiba mais <a href=\"https:\/\/www.diarioimobiliario.pt\/Actualidade\/Proprietarios-nao-tem-confianca-no-Estado-nem-na-evolucao-do-mercado-imobiliario-portugues\" target=\"_blank\" rel=\"noopener\">aqui<\/a><\/strong><\/h3>\n<\/p>\n<h2><strong>Makro Portugal vende im\u00f3veis de Alfragide por mais de 40 milh\u00f5es de euros<\/strong><\/h2>\n<p>A makro Portugal, em conjunto com a Metro Properties,&nbsp;entidade gestora do imobili\u00e1rio da Metro AG, acaba de vender ao Fundo de Investimento Imobili\u00e1rio Aberto Imofomento, gerido e representado pelo BPI Gest\u00e3o de Activos,&nbsp;os activos onde se encontra a sua primeira loja em territ\u00f3rio portugu\u00eas, em Alfragide, por mais de 40 milh\u00f5es de euros.<\/p>\n<h3><strong>Saiba mais <a href=\"https:\/\/www.diarioimobiliario.pt\/Actualidade\/Makro-Portugal-vende-imoveis-de-Alfragide-por-mais-de-40-milhoes-de-euros\" target=\"_blank\" rel=\"noopener\">aqui<\/a><\/strong><\/h3>\n<\/p>\n<h2><strong>Norte-americana Jamestown entra em Portugal e compra JQOne por 98 milh\u00f5es de euros<\/strong><\/h2>\n<p>O edif\u00edcio de escrit\u00f3rios, \u00e9 a primeira aquisi\u00e7\u00e3o da Jamestown em Portugal. A&nbsp;Jamestown, empresa global de investimento e gest\u00e3o imobili\u00e1ria com foco em&nbsp;<em>design,<\/em>&nbsp;anunciou hoje, em representa\u00e7\u00e3o de um grupo de investidores, a sua entrada no mercado imobili\u00e1rio portugu\u00eas com a aquisi\u00e7\u00e3o por 98 milh\u00f5es de euros do JQOne, o edif\u00edcio de escrit\u00f3rios com 48 mil metros quadrados tradicionalmente conhecido como Entreposto, localizado na zona oriental de Lisboa, entre o Parque das Na\u00e7\u00f5es e o Aeroporto Internacional de Lisboa.<\/p>\n<h3><strong>Saiba mais <a href=\"https:\/\/www.diarioimobiliario.pt\/Actualidade\/Norte-americana-Jamestown-entra-em-Portugal-e-compra-JQOne-por-98-milhoes-de-euros\" target=\"_blank\" rel=\"noopener\">aqui<\/a><\/strong><\/h3>\n<\/p>\n<h2><strong>Os vencedores do Pr\u00e9mio Nacional de Reabilita\u00e7\u00e3o Urbana 2021<\/strong><\/h2>\n<p>A organiza\u00e7\u00e3o do Pr\u00e9mio Nacional de Reabilita\u00e7\u00e3o Urbana, promovido pela revista Vida Imobili\u00e1ria e pela Promevi, deu ontem a conhecer os vencedores do prestigiado pr\u00e9mio que vai j\u00e1 na sua 9\u00aa edi\u00e7\u00e3o. A concurso apresentaram-se \u201cum n\u00famero recorde de 87 candidaturas oriundas de 23 concelhos do pa\u00eds, apesar do contexto pand\u00e9mico\u201d &#8211; real\u00e7a a organiza\u00e7\u00e3o.<\/p>\n<h3><strong>Saiba mais <a href=\"https:\/\/www.diarioimobiliario.pt\/Actualidade\/Reabilitacao\/Os-vencedores-do-Premio-Nacional-de-Reabilitacao-Urbana-2021\" target=\"_blank\" rel=\"noopener\">aqui<\/a><\/strong><\/h3>\n<\/p>\n<h3><strong>Leia as anteriores Imos\u00edntese<\/strong><\/h3>\n<ul>\n<li><a href=\"https:\/\/www.imovirtual.com\/noticias\/noticias\/imosintese-noticias-0707\" target=\"_blank\" rel=\"noopener\"><strong>IMOS\u00cdNTESE &#8211; NOT\u00cdCIAS 07\/07<\/strong><\/a><\/li>\n<li><a href=\"https:\/\/www.imovirtual.com\/noticias\/noticias\/imosintese-noticias-0607\" target=\"_blank\" rel=\"noopener\"><strong>IMOS\u00cdNTESE &#8211; NOT\u00cdCIAS 06\/07<\/strong><\/a><\/li>\n<li><a href=\"https:\/\/www.imovirtual.com\/noticias\/noticias\/imosintese-noticias-0507\" target=\"_blank\" rel=\"noopener\"><strong>IMOS\u00cdNTESE &#8211; NOT\u00cdCIAS 05\/07<\/strong><\/a><\/li>\n<\/ul>\n<\/p>\n<div class=\"css-h5fkc8\"><strong>Ultima actualiza\u00e7\u00e3o:<\/strong> 19 outubro 2021<\/div>\n","protected":false},"excerpt":{"rendered":"<p>Imos\u00edntese &#8211; 8 de Julho de 2021 Em parceria com o&nbsp;Di\u00e1rio Imobili\u00e1rio, o Imovirtual apresenta diariamente um resumo notici\u00e1rio dos acontecimentos mais relevantes do dia. Fique a par das \u00faltimas novidades do Mercado Imobili\u00e1rio. Savoy Residence | Insular \u00e9 o novo projecto de luxo que est\u00e1 a nascer no Funchal Num dos mais ic\u00f3nicos edif\u00edcios &hellip;<\/p>\n","protected":false},"author":3,"featured_media":100,"comment_status":"closed","ping_status":"open","sticky":false,"template":"","format":"standard","meta":{"footnotes":""},"categories":[4],"tags":[],"class_list":["post-1918","post","type-post","status-publish","format-standard","has-post-thumbnail","hentry","category-novidades"],"_links":{"self":[{"href":"https:\/\/www.imovirtual.com\/noticias\/wp-json\/wp\/v2\/posts\/1918","targetHints":{"allow":["GET"]}}],"collection":[{"href":"https:\/\/www.imovirtual.com\/noticias\/wp-json\/wp\/v2\/posts"}],"about":[{"href":"https:\/\/www.imovirtual.com\/noticias\/wp-json\/wp\/v2\/types\/post"}],"author":[{"embeddable":true,"href":"https:\/\/www.imovirtual.com\/noticias\/wp-json\/wp\/v2\/users\/3"}],"replies":[{"embeddable":true,"href":"https:\/\/www.imovirtual.com\/noticias\/wp-json\/wp\/v2\/comments?post=1918"}],"version-history":[{"count":0,"href":"https:\/\/www.imovirtual.com\/noticias\/wp-json\/wp\/v2\/posts\/1918\/revisions"}],"wp:featuredmedia":[{"embeddable":true,"href":"https:\/\/www.imovirtual.com\/noticias\/wp-json\/wp\/v2\/media\/100"}],"wp:attachment":[{"href":"https:\/\/www.imovirtual.com\/noticias\/wp-json\/wp\/v2\/media?parent=1918"}],"wp:term":[{"taxonomy":"category","embeddable":true,"href":"https:\/\/www.imovirtual.com\/noticias\/wp-json\/wp\/v2\/categories?post=1918"},{"taxonomy":"post_tag","embeddable":true,"href":"https:\/\/www.imovirtual.com\/noticias\/wp-json\/wp\/v2\/tags?post=1918"}],"curies":[{"name":"wp","href":"https:\/\/api.w.org\/{rel}","templated":true}]}}