{"id":1917,"date":"2021-07-26T00:00:00","date_gmt":"2021-07-26T00:00:00","guid":{"rendered":"https:\/\/www.imovirtual.com\/noticias2\/2021\/07\/26\/imosintese-noticias-2307\/"},"modified":"2021-07-26T00:00:00","modified_gmt":"2021-07-26T00:00:00","slug":"imosintese-noticias-2307","status":"publish","type":"post","link":"https:\/\/www.imovirtual.com\/noticias\/novidades\/imosintese-noticias-2307\/","title":{"rendered":"IMOS\u00cdNTESE &#8211; NOT\u00cdCIAS 23\/07"},"content":{"rendered":"<p class=\"css-8qfla4\">\n<p class=\"css-m5h6m0 edperro0\">\n<h1><strong>Imos\u00edntese &#8211; 23 de Julho de 2021<\/strong><\/h1>\n<p><strong>Em parceria com o&nbsp;<a href=\"https:\/\/www.diarioimobiliario.pt\/\" target=\"_blank\" rel=\"noopener\">Di\u00e1rio Imobili\u00e1rio<\/a>, o Imovirtual apresenta diariamente um resumo notici\u00e1rio dos acontecimentos mais relevantes do dia. Fique a par das \u00faltimas novidades do Mercado Imobili\u00e1rio.<\/strong><\/p>\n<\/p>\n<h2><strong>Comprar casa em Lisboa foi mais caro 4,8% no segundo trimestre<\/strong><\/h2>\n<p>Os&nbsp;pre\u00e7os das casas aumentaram 4,9% em Lisboa no 2\u00ba trimestre de 2021 face ao&nbsp;trimestre anterior. Tal subida sucede \u00e0 varia\u00e7\u00e3o&nbsp;trimestral de -0,3% observada&nbsp;no 1\u00ba trimestre e coloca a capital de novo a alinhar com a din\u00e2mica de&nbsp;valoriza\u00e7\u00e3o da restante \u00c1rea Metropolitana de Lisboa.<\/p>\n<h3><strong>Saiba mais <a href=\"https:\/\/www.diarioimobiliario.pt\/Habitacao\/Comprar-casa-em-Lisboa-foi-mais-caro-4-8-no-segundo-trimestre\" target=\"_blank\" rel=\"noopener\">aqui<\/a><\/strong><\/h3>\n<\/p>\n<h2><strong>Matosinhos vai investir 16,5 milh\u00f5es de euros em 140 apartamentos para renda acess\u00edvel<\/strong><\/h2>\n<p>Matosinhos&nbsp;vai construir&nbsp;140 novos apartamentos em S\u00e3o Mamede de Infesta no \u00e2mbito da operacionaliza\u00e7\u00e3o da Estrat\u00e9gia Local de Habita\u00e7\u00e3o de Matosinhos, num investimento de 16,5 milh\u00f5es de euros.<\/p>\n<h3><strong>Saiba mais <a href=\"https:\/\/www.diarioimobiliario.pt\/Habitacao\/Matosinhos-vai-investir-16-5-milhoes-de-euros-em-140-apartamentos-para-renda-acessivel\" target=\"_blank\" rel=\"noopener\">aqui<\/a><\/strong><\/h3>\n<\/p>\n<h2><strong>Actividade na Reabilita\u00e7\u00e3o Urbana cresce 7,2% em Junho<\/strong><\/h2>\n<p>O N\u00edvel de Actividade na Reabilita\u00e7\u00e3o Urbana&nbsp;regista uma taxa de crescimento de 7,2%, em termos hom\u00f3logos, praticamente igual aos 7,3% observados no m\u00eas anterior, revela o Bar\u00f3metro da&nbsp;Reabilita\u00e7\u00e3o Urbana da AICCOPN.<\/p>\n<h3><strong>Saiba mais <a href=\"https:\/\/www.diarioimobiliario.pt\/Actualidade\/Reabilitacao\/Actividade-na-Reabilitacao-Urbana-cresce-7-2-em-Junho\" target=\"_blank\" rel=\"noopener\">aqui<\/a><\/strong><\/h3>\n<\/p>\n<h2><strong>Viana do Castelo: Borgwarner vai investir 25 milh\u00f5es de euros em nova f\u00e1brica<\/strong><\/h2>\n<p>A C\u00e2mara de Viana do Castelo decidiu isentar a Borgwarbner do pagamento de IMT pela aquisi\u00e7\u00e3o de um terreno onde a multinacional norte-americana vai construir uma nova f\u00e1brica de 25 milh\u00f5es de euros, que criar\u00e1 mais 300 novos empregos.<\/p>\n<h3><strong>Saiba mais <a href=\"https:\/\/www.diarioimobiliario.pt\/Actualidade\/Viana-do-Castelo-Borgwarner-vai-investir-25-milhoes-de-euros-em-nova-fabrica\" target=\"_blank\" rel=\"noopener\">aqui<\/a><\/strong><\/h3>\n<\/p>\n<h2><strong>DS Private vai abrir 11 ag\u00eancias em Portugal em modelo \u2018franchising\u2019<\/strong><\/h2>\n<p>A DS Private, marca do segmento de imobili\u00e1rio de luxo do Grupo Decis\u00f5es e Solu\u00e7\u00f5es, vai abrir as suas primeiras 11 ag\u00eancias em v\u00e1rias cidades portuguesas, em modelo semelhante a \u2018franchising\u2019, foi hoje anunciado.<\/p>\n<h3><strong>Saiba mais <a href=\"https:\/\/www.diarioimobiliario.pt\/Actualidade\/DS-Private-vai-abrir-11-agencias-em-Portugal-em-modelo-franchising\" target=\"_blank\" rel=\"noopener\">aqui<\/a><\/strong><\/h3>\n<\/p>\n<h3><strong>Leia as anteriores Imos\u00edntese<\/strong><\/h3>\n<ul>\n<li><a href=\"https:\/\/www.imovirtual.com\/noticias\/noticias\/imosintese-noticias-2207\" target=\"_blank\" rel=\"noopener\"><strong>IMOS\u00cdNTESE &#8211; NOT\u00cdCIAS 22\/07<\/strong><\/a><\/li>\n<li><a href=\"https:\/\/www.imovirtual.com\/noticias\/noticias\/imosintese-noticias-21072021\" target=\"_blank\" rel=\"noopener\"><strong>IMOS\u00cdNTESE &#8211; NOT\u00cdCIAS 21\/07<\/strong><\/a><\/li>\n<li><a href=\"https:\/\/www.imovirtual.com\/noticias\/noticias\/imosintese-noticias-20072021\"><strong>IMOS\u00cdNTESE &#8211; NOT\u00cdCIAS 20\/07<\/strong><\/a><\/li>\n<\/ul>\n<\/p>\n<div class=\"css-h5fkc8\"><strong>Ultima actualiza\u00e7\u00e3o:<\/strong> 19 outubro 2021<\/div>\n","protected":false},"excerpt":{"rendered":"<p>Imos\u00edntese &#8211; 23 de Julho de 2021 Em parceria com o&nbsp;Di\u00e1rio Imobili\u00e1rio, o Imovirtual apresenta diariamente um resumo notici\u00e1rio dos acontecimentos mais relevantes do dia. Fique a par das \u00faltimas novidades do Mercado Imobili\u00e1rio. Comprar casa em Lisboa foi mais caro 4,8% no segundo trimestre Os&nbsp;pre\u00e7os das casas aumentaram 4,9% em Lisboa no 2\u00ba trimestre &hellip;<\/p>\n","protected":false},"author":3,"featured_media":100,"comment_status":"closed","ping_status":"open","sticky":false,"template":"","format":"standard","meta":{"footnotes":""},"categories":[4],"tags":[],"class_list":["post-1917","post","type-post","status-publish","format-standard","has-post-thumbnail","hentry","category-novidades"],"_links":{"self":[{"href":"https:\/\/www.imovirtual.com\/noticias\/wp-json\/wp\/v2\/posts\/1917","targetHints":{"allow":["GET"]}}],"collection":[{"href":"https:\/\/www.imovirtual.com\/noticias\/wp-json\/wp\/v2\/posts"}],"about":[{"href":"https:\/\/www.imovirtual.com\/noticias\/wp-json\/wp\/v2\/types\/post"}],"author":[{"embeddable":true,"href":"https:\/\/www.imovirtual.com\/noticias\/wp-json\/wp\/v2\/users\/3"}],"replies":[{"embeddable":true,"href":"https:\/\/www.imovirtual.com\/noticias\/wp-json\/wp\/v2\/comments?post=1917"}],"version-history":[{"count":0,"href":"https:\/\/www.imovirtual.com\/noticias\/wp-json\/wp\/v2\/posts\/1917\/revisions"}],"wp:featuredmedia":[{"embeddable":true,"href":"https:\/\/www.imovirtual.com\/noticias\/wp-json\/wp\/v2\/media\/100"}],"wp:attachment":[{"href":"https:\/\/www.imovirtual.com\/noticias\/wp-json\/wp\/v2\/media?parent=1917"}],"wp:term":[{"taxonomy":"category","embeddable":true,"href":"https:\/\/www.imovirtual.com\/noticias\/wp-json\/wp\/v2\/categories?post=1917"},{"taxonomy":"post_tag","embeddable":true,"href":"https:\/\/www.imovirtual.com\/noticias\/wp-json\/wp\/v2\/tags?post=1917"}],"curies":[{"name":"wp","href":"https:\/\/api.w.org\/{rel}","templated":true}]}}