{"id":1885,"date":"2021-06-08T00:00:00","date_gmt":"2021-06-08T00:00:00","guid":{"rendered":"https:\/\/www.imovirtual.com\/noticias2\/2021\/06\/08\/massimo-forte-exposicao-solar\/"},"modified":"2024-09-02T15:10:04","modified_gmt":"2024-09-02T15:10:04","slug":"massimo-forte-exposicao-solar","status":"publish","type":"post","link":"https:\/\/www.imovirtual.com\/noticias\/relatorio-de-precos\/massimo-forte-exposicao-solar\/","title":{"rendered":"De TA a TZ: Curtas com Massimo Forte: Exposi\u00e7\u00e3o Solar | Epis\u00f3dio 5"},"content":{"rendered":"<p class=\"css-8qfla4\">\n<p class=\"css-m5h6m0 edperro0\">\n<h1><strong>Curtas com Massimo Forte: Exposi\u00e7\u00e3o Solar<\/strong><\/h1>\n<p>Ap\u00f3s o Guia de Sucesso para o Consultor Imobili\u00e1rio, O Imovirtual, em parceria com o Massimo Forte*,&nbsp;volta com o De TA a TZ &#8211; Curtas com Massimo Forte. Epis\u00f3dios mensais com dicas curtas sobre o mercado, direcionadas aos nossos clientes Profissionais.<\/p>\n<p>Este m\u00eas trazemos-lhe o quinto epis\u00f3dio onde falamos sobre o<strong>&nbsp;Exposi\u00e7\u00e3o Solar.<\/strong><\/p>\n<div data-oembed=\"https:\/\/youtu.be\/FHR7CLpBTQs\" data-oembed-type=\"video\" data-oembed-provider=\"YouTube\" class=\"embed embed-youtube\">\n<div><iframe loading=\"lazy\" width=\"200\" height=\"113\" src=\"https:\/\/www.youtube.com\/embed\/FHR7CLpBTQs?feature=oembed\" frameborder=\"0\" allow=\"accelerometer; autoplay; clipboard-write; encrypted-media; gyroscope; picture-in-picture\" allowfullscreen=\"\"><\/iframe><\/div>\n<\/div>\n<p>Lan\u00e7aremos todos os meses, 1 v\u00eddeo novo com temas diferentes.&nbsp;<\/p>\n<p>Fique atento ao nosso canal no&nbsp;<a href=\"https:\/\/www.youtube.com\/watch?v=7BsKNA2dzG0&amp;list=PLBX2KwguMVwHAmzkxoLDyHk_mayelBCui\" target=\"_blank\" rel=\"noopener\">YouTube<\/a>&nbsp;e n\u00e3o perca o pr\u00f3ximo!<\/p>\n<p>*O Massimo Forte tem mais de 20 anos de especializa\u00e7\u00e3o no mercado imobili\u00e1rio como comercial, gestor, formador e&nbsp;palestrante.<\/p>\n<\/p>\n<h4><strong>Veja tamb\u00e9m<\/strong><\/h4>\n<ul>\n<li>Campanha <a href=\"https:\/\/www.imovirtual.com\/noticias\/imoblog\/nossa-casa-nosso-mundo-vence-premios-lusofonos\" target=\"_blank\" rel=\"noopener\"><strong>Nossa Casa Nosso Mundo<\/strong><\/a> vence Pr\u00e9mios Lus\u00f3fonos da Criatividade&nbsp;<\/li>\n<li>Imovirtual integra TOP 20 dos&nbsp;<a href=\"https:\/\/www.imovirtual.com\/noticias\/imoblog\/imovirtual-integra-top-20-dos-sites-com-mais-audiencia\" target=\"_blank\" rel=\"noopener\"><strong>sites com mais audi\u00eancia em Portugal<\/strong><\/a><\/li>\n<li>Um ano de pandemia: o&nbsp;<a href=\"https:\/\/www.imovirtual.com\/noticias\/imoblog\/um-ano-de-pandemia-o-balanco-do-imovirtual\"><strong>balan\u00e7o do Imovirtual<\/strong><\/a><\/li>\n<\/ul>\n<\/p>\n<div class=\"css-h5fkc8\"><strong>Ultima actualiza\u00e7\u00e3o:<\/strong> 29 outubro 2021<\/div>\n","protected":false},"excerpt":{"rendered":"<p>Curtas com Massimo Forte: Exposi\u00e7\u00e3o Solar Ap\u00f3s o Guia de Sucesso para o Consultor Imobili\u00e1rio, O Imovirtual, em parceria com o Massimo Forte*,&nbsp;volta com o De TA a TZ &#8211; Curtas com Massimo Forte. Epis\u00f3dios mensais com dicas curtas sobre o mercado, direcionadas aos nossos clientes Profissionais. Este m\u00eas trazemos-lhe o quinto epis\u00f3dio onde falamos &hellip;<\/p>\n","protected":false},"author":3,"featured_media":1808,"comment_status":"closed","ping_status":"open","sticky":false,"template":"","format":"standard","meta":{"footnotes":""},"categories":[36,2],"tags":[],"class_list":["post-1885","post","type-post","status-publish","format-standard","has-post-thumbnail","hentry","category-profissionais","category-relatorio-de-precos"],"_links":{"self":[{"href":"https:\/\/www.imovirtual.com\/noticias\/wp-json\/wp\/v2\/posts\/1885","targetHints":{"allow":["GET"]}}],"collection":[{"href":"https:\/\/www.imovirtual.com\/noticias\/wp-json\/wp\/v2\/posts"}],"about":[{"href":"https:\/\/www.imovirtual.com\/noticias\/wp-json\/wp\/v2\/types\/post"}],"author":[{"embeddable":true,"href":"https:\/\/www.imovirtual.com\/noticias\/wp-json\/wp\/v2\/users\/3"}],"replies":[{"embeddable":true,"href":"https:\/\/www.imovirtual.com\/noticias\/wp-json\/wp\/v2\/comments?post=1885"}],"version-history":[{"count":0,"href":"https:\/\/www.imovirtual.com\/noticias\/wp-json\/wp\/v2\/posts\/1885\/revisions"}],"wp:featuredmedia":[{"embeddable":true,"href":"https:\/\/www.imovirtual.com\/noticias\/wp-json\/wp\/v2\/media\/1808"}],"wp:attachment":[{"href":"https:\/\/www.imovirtual.com\/noticias\/wp-json\/wp\/v2\/media?parent=1885"}],"wp:term":[{"taxonomy":"category","embeddable":true,"href":"https:\/\/www.imovirtual.com\/noticias\/wp-json\/wp\/v2\/categories?post=1885"},{"taxonomy":"post_tag","embeddable":true,"href":"https:\/\/www.imovirtual.com\/noticias\/wp-json\/wp\/v2\/tags?post=1885"}],"curies":[{"name":"wp","href":"https:\/\/api.w.org\/{rel}","templated":true}]}}