{"id":1881,"date":"2021-10-28T00:00:00","date_gmt":"2021-10-28T00:00:00","guid":{"rendered":"https:\/\/www.imovirtual.com\/noticias2\/2021\/10\/28\/idosos-casa-dicas\/"},"modified":"2021-10-28T00:00:00","modified_gmt":"2021-10-28T00:00:00","slug":"idosos-casa-dicas","status":"publish","type":"post","link":"https:\/\/www.imovirtual.com\/noticias\/lifestyle\/idosos-casa-dicas\/","title":{"rendered":"Idosos: dicas para melhorar a qualidade de vida em casa"},"content":{"rendered":"<p class=\"css-8qfla4\">\n<p class=\"css-m5h6m0 edperro0\">\n<h1><strong>Como melhorar a vida dos idosos em casa<\/strong><\/h1>\n<p>Hoje celebra-se o Dia Mundial da Terceira Idade, uma faixa et\u00e1ria muito bem povoada no nosso pa\u00eds: Portugal \u00e9 o 4\u00ba pa\u00eds da Uni\u00e3o Europeia com mais idosos acima dos 65 anos, segundo dados da <a href=\"https:\/\/www.dignus.pt\/2021\/03\/17\/portugal-4-o-pais-da-ue-com-mais-idosos-acima-dos-65-anos\/\" target=\"_blank\" rel=\"noopener\"><strong>Dignus<\/strong><\/a>. Somos um pa\u00eds envelhecido e com poucas estruturas adaptadas \u00e0s dificuldades que surgem com a velhice, por isso h\u00e1 que agir. Uma vez chegados \u00e0 <strong>terceira idade<\/strong>, come\u00e7amos a sentir mais dificuldade em realizar tarefas que antes pareciam f\u00e1ceis e tudo come\u00e7a a ser um verdadeiro desafio. A verdade \u00e9 que n\u00e3o tem de ser assim: <strong>chegar \u00e0 faixa et\u00e1ria dos 65+ n\u00e3o significa ter de prescindir de atividades f\u00edsicas, conv\u00edvios com os amigos e viagens.<\/strong> Tudo isso deve continuar ser feito com mais cuidado e preven\u00e7\u00e3o. Todavia, \u00e9 necess\u00e1rio come\u00e7ar a viver uma <strong>vida mais calma, segura e em ambientes adaptados \u00e1s novas necessidades<\/strong>. Por isso \u00e9 que \u00e9 t\u00e3o importante preparar a casa para a nova fase da vida de um idoso. <strong>Atente \u00e0s nossas dicas para saber onde come\u00e7ar.<\/strong><\/p>\n<\/p>\n<h2><strong>Adapte o espa\u00e7o para os idosos<\/strong><\/h2>\n<p>Importa que uma casa onde viva um idoso seja segura e esteja organizada de forma a <strong>evitar acidentes<\/strong>. Por isso, deve tomar aten\u00e7\u00e3o aos obst\u00e1culos nos <strong>corredores<\/strong>, aos pisos lisos e escorregadios e aos tapetes que podem fazer os mais velhos trope\u00e7ar e fraturarem algum osso &#8211; algo a evitar a todo o custo. A mesma l\u00f3gica se aplica \u00e1s <a href=\"https:\/\/www.imovirtual.com\/noticias\/lifestyle\/organizar-casa-de-banho\" target=\"_blank\" rel=\"noopener\"><strong>casas de banho<\/strong><\/a>: se estas possu\u00edrem banheira ao inv\u00e9s de duche, considere a possibilidade de investir num poliban para facilitar a mobilidade dos idosos e garantir a sua autonomia. Da mesma forma, pode<strong> instalar barras de suporte<\/strong>, tanto no duche como na sanita, para ajudar os mais velhos a apoiarem-se. Instale <strong>m\u00f3veis de f\u00e1cil acesso<\/strong> para armazenar todos os produtos de higiene.<\/p>\n<p>No <strong>quarto<\/strong> evite, mais uma vez, os tapetes, e considere em investir numa<strong> cama de grandes dimens\u00f5es<\/strong> para facilitar a mobilidade e evitar quedas. Muitas vezes os mais velhos utilizam \u00f3culos e tomam medica\u00e7\u00e3o a certas horas. Por isso \u00e9 conveniente instalar uma <strong>mesa de cabeceira<\/strong> para acondicionar estes itens, juntamente com outros objetos ut\u00e9is, como rel\u00f3gio e telefone. <\/p>\n<p>Se a habita\u00e7\u00e3o possuir<strong> escadas<\/strong>, \u00e9 importante considerar a op\u00e7\u00e3o de investir num<strong> elevador de escadas<\/strong> ou em alternativa, tentar convencer os mais velhos a procurarem um im\u00f3vel que melhor se adapte \u00e0 suas condi\u00e7\u00f5es.<\/p>\n<p>Outras adapta\u00e7\u00f5es gerais incluem: <\/p>\n<ul>\n<li>Evitar <strong>im\u00f3veis sem elevador <\/strong>que dificultem a mobilidade dos mais velhos;<\/li>\n<li>Ter <strong>divis\u00f5es mais espa\u00e7osas e amplas<\/strong>, com poucos m\u00f3veis ou plantas;<\/li>\n<li>Prender os&nbsp;<strong>fios el\u00e9tricos <\/strong>\u00e0 parede;<\/li>\n<li>Colocar <strong>pisos antiderrapantes,<\/strong> principalmente na <a href=\"https:\/\/www.imovirtual.com\/noticias\/decoracao\/cozinhas-inspiradoras\" target=\"_blank\" rel=\"noopener\">cozinha<\/a> e casa de banho;<\/li>\n<li>Escolher um <strong>colch\u00e3o ortop\u00e9dico confort\u00e1vel<\/strong>;<\/li>\n<li>Garantir que todas as <strong>divis\u00f5es est\u00e3o bem iluminadas<\/strong>. Instale candeeiros e&nbsp;<a href=\"https:\/\/www.imovirtual.com\/noticias\/decoracao\/estores-cortinas-vantagens-desvantagens\" target=\"_blank\" rel=\"noopener\">cortinas<\/a> claras;<\/li>\n<li>Consertar os<strong> tacos de madeira do ch\u00e3o<\/strong>, que possam estar soltos;<\/li>\n<li><strong>Nunca encerar os pisos<\/strong>, nem deixar nada molhado no ch\u00e3o;&nbsp;<\/li>\n<li>Substituir ou <strong>consertar <a href=\"https:\/\/www.imovirtual.com\/noticias\/decoracao\/upcycling-moveis-paletes\" target=\"_blank\" rel=\"noopener\">m\u00f3veis<\/a> inst\u00e1veis<\/strong>;<\/li>\n<li>Evitar <strong>cadeiras muito baixas e camas muito altas<\/strong> ou muito baixas;<\/li>\n<li>Usar <strong>ma\u00e7anetas de f\u00e1cil abertura<\/strong>.<\/li>\n<\/ul>\n<p>Note ainda que os <strong>idosos que residirem sozinhos em casa <\/strong>est\u00e3o mais expostos a perigos, especialmente se n\u00e3o tiverem algu\u00e9m para cuidar deles com regularidade. Assim, \u00e9 necess\u00e1rio avaliar a pertin\u00eancia em investir num <a href=\"https:\/\/www.imovirtual.com\/noticias\/imobiliario\/sistemas-de-alarme-casa\" target=\"_blank\" rel=\"noopener\"><strong>sistema de alarme<\/strong><\/a> para aumentar a seguran\u00e7a e conforto.<\/p>\n<\/p>\n<p class=\" block-img\"><img decoding=\"async\" src=\"https:\/\/www.imovirtual.com\/noticias\/wp-content\/uploads\/2022\/11\/bd5974cf-f0b2-4813-a690-c8359669947e_Copia-de-Banners-Autores.png\" alt=\"Ana Catarina Autor Imovirtual\"><\/p>\n<h5><em>Ana Catarina \u00e9 a mi\u00fada das tend\u00eancias. Gosta de ficar em casa a perder-se pelas p\u00e1ginas de um livro, mas tamb\u00e9m n\u00e3o dispensa um caf\u00e9 tardio com os amigos. Est\u00e1 sempre \u00e0 procura do \u00faltimo grito em Lifestyle para revelar no Blog do Imovirtual.<\/em><\/h5>\n<\/p>\n<h4><strong>Mais sobre&nbsp;<em>Lifestyle<\/em><\/strong><\/h4>\n<ul>\n<li>Dicas para&nbsp;<a href=\"https:\/\/www.imovirtual.com\/noticias\/lifestyle\/dicas-para-reduzir-o-plastico-em-casa\" target=\"_blank\" rel=\"noopener\"><strong>reduzir o pl\u00e1stico em casa<\/strong><\/a><\/li>\n<li>5 dicas para ter uma&nbsp;<a href=\"https:\/\/www.imovirtual.com\/noticias\/lifestyle\/dicas-casa-sustentabilidade\" target=\"_blank\" rel=\"noopener\"><strong>casa mais sustent\u00e1vel<\/strong><\/a><\/li>\n<li>Tipos de&nbsp;<a href=\"https:\/\/www.imovirtual.com\/noticias\/imobiliario\/tipos-de-energias-renovaveis-para-a-sua-casa\" target=\"_blank\" rel=\"noopener\"><strong>energias renov\u00e1veis<\/strong><\/a>&nbsp;que pode ter em casa<\/li>\n<\/ul>\n<\/p>\n<div class=\"css-h5fkc8\"><strong>Ultima actualiza\u00e7\u00e3o:<\/strong> 28 outubro 2021<\/div>\n","protected":false},"excerpt":{"rendered":"<p>Como melhorar a vida dos idosos em casa Hoje celebra-se o Dia Mundial da Terceira Idade, uma faixa et\u00e1ria muito bem povoada no nosso pa\u00eds: Portugal \u00e9 o 4\u00ba pa\u00eds da Uni\u00e3o Europeia com mais idosos acima dos 65 anos, segundo dados da Dignus. Somos um pa\u00eds envelhecido e com poucas estruturas adaptadas \u00e0s dificuldades &hellip;<\/p>\n","protected":false},"author":3,"featured_media":1882,"comment_status":"closed","ping_status":"open","sticky":false,"template":"","format":"standard","meta":{"footnotes":""},"categories":[3],"tags":[],"class_list":["post-1881","post","type-post","status-publish","format-standard","has-post-thumbnail","hentry","category-lifestyle"],"_links":{"self":[{"href":"https:\/\/www.imovirtual.com\/noticias\/wp-json\/wp\/v2\/posts\/1881","targetHints":{"allow":["GET"]}}],"collection":[{"href":"https:\/\/www.imovirtual.com\/noticias\/wp-json\/wp\/v2\/posts"}],"about":[{"href":"https:\/\/www.imovirtual.com\/noticias\/wp-json\/wp\/v2\/types\/post"}],"author":[{"embeddable":true,"href":"https:\/\/www.imovirtual.com\/noticias\/wp-json\/wp\/v2\/users\/3"}],"replies":[{"embeddable":true,"href":"https:\/\/www.imovirtual.com\/noticias\/wp-json\/wp\/v2\/comments?post=1881"}],"version-history":[{"count":0,"href":"https:\/\/www.imovirtual.com\/noticias\/wp-json\/wp\/v2\/posts\/1881\/revisions"}],"wp:featuredmedia":[{"embeddable":true,"href":"https:\/\/www.imovirtual.com\/noticias\/wp-json\/wp\/v2\/media\/1882"}],"wp:attachment":[{"href":"https:\/\/www.imovirtual.com\/noticias\/wp-json\/wp\/v2\/media?parent=1881"}],"wp:term":[{"taxonomy":"category","embeddable":true,"href":"https:\/\/www.imovirtual.com\/noticias\/wp-json\/wp\/v2\/categories?post=1881"},{"taxonomy":"post_tag","embeddable":true,"href":"https:\/\/www.imovirtual.com\/noticias\/wp-json\/wp\/v2\/tags?post=1881"}],"curies":[{"name":"wp","href":"https:\/\/api.w.org\/{rel}","templated":true}]}}