{"id":1868,"date":"2021-04-16T00:00:00","date_gmt":"2021-04-16T00:00:00","guid":{"rendered":"https:\/\/www.imovirtual.com\/noticias2\/2021\/04\/16\/o-que-e-o-hygge-e-como-o-levar-para-dentro-de-casa\/"},"modified":"2021-04-16T00:00:00","modified_gmt":"2021-04-16T00:00:00","slug":"o-que-e-o-hygge-e-como-o-levar-para-dentro-de-casa","status":"publish","type":"post","link":"https:\/\/www.imovirtual.com\/noticias\/lifestyle\/o-que-e-o-hygge-e-como-o-levar-para-dentro-de-casa\/","title":{"rendered":"O que \u00e9 o Hygge e como o levar para dentro de casa"},"content":{"rendered":"<p class=\"css-8qfla4\">\n<p class=\"css-m5h6m0 edperro0\">\n<h1><strong>O que \u00e9 o Hygge e como o levar para dentro de casa<\/strong><\/h1>\n<p>A <em>saudade<\/em> s\u00f3 existe em portugu\u00eas, o <em>hygge<\/em> em dinamarqu\u00eas. N\u00e3o existe uma express\u00e3o que traduza em concreto este estilo de vida dos escandinavos que tantas pessoas tem conquistado pelo mundo fora e que, inclusivamente, j\u00e1 deu origem a <a href=\"https:\/\/www.wook.pt\/pesquisa\/hygge\" target=\"_blank\" rel=\"noopener\">diversos livros<\/a>. \u00c9 claro que para esta popularidade contribuiu o <a href=\"https:\/\/worldhappiness.report\/ed\/2021\/\" target=\"_blank\" rel=\"noopener\">Ranking da Felicidade da ONU<\/a>, que em 2021 coloca, mais uma vez, os pa\u00edses do norte da Europa no topo da tabela: Finl\u00e2ndia, Isl\u00e2ndia e da Dinamarca. Portugal ocupa o 53\u00ba lugar da classifica\u00e7\u00e3o, que \u00e9 determinada atrav\u00e9s da an\u00e1lise de um conjunto de fatores sociais, pol\u00edticos e econ\u00f3micos. <\/p>\n<p>Sobre a palavra <em>hygge<\/em>, sabemos que se pronuncia <em>huga<\/em> e que representa tudo o que pode trazer conforto e sensa\u00e7\u00e3o de bem-estar. Cozinhar um prato caseiro, reunir os amigos e fam\u00edlia \u00e0 volta da mesa, ler um livro, preparar a casa para receber a nova esta\u00e7\u00e3o. Tudo isto pode ser considerado hygge, desde que transmita conforto, familiaridade, seguran\u00e7a, contentamento, e claro, a t\u00e3o desejada felicidade. Afinal, o <em>huga <\/em>\u00e9 o segredo dos dinamarqueses que toda a gente quer desvendar: qual \u00e9 o segredo para ser feliz?<\/p>\n<p>Foi precisamente a essa pergunta que Meik Wiking tentou responder na obra <em>O Livro do Hygge<\/em>. Em entrevista ao <a href=\"https:\/\/observador.pt\/especiais\/portugal-podera-ser-um-dos-paises-mais-felizes-do-mundo\/\" target=\"_blank\" rel=\"noopener\">Observador<\/a>, o autor e presidente do <a href=\"https:\/\/www.happinessresearchinstitute.com\/\" target=\"_blank\" rel=\"noopener\">Hapiness Research Institute<\/a>, define o conceito como &#8220;(&#8230;) experi\u00eancias em vez de coisas. Desde, por exemplo, passar uma tarde pregui\u00e7osa a aproveitar o bom tempo ou ter uma conversa infind\u00e1vel sobre as pequenas ou as grandes coisas da vida com amigos. N\u00e3o h\u00e1 melhor maneira de sentir o que \u00e9 o <em>hygge <\/em>do que aninhados no sof\u00e1 com algu\u00e9m que amamos, a partilhar com o nosso melhor amigo aquela comida que nos conforta ou ao acordar com a primeira luz de uma manh\u00e3 de c\u00e9u limpo&#8221;. Por isso, no seu livro, Wiking partilha o manifesto deste estado de esp\u00edrito:<\/p>\n<p class=\" block-img\"><img decoding=\"async\" src=\"https:\/\/www.imovirtual.com\/noticias\/wp-content\/uploads\/2022\/11\/1bb79e0e-3bd6-4f82-aec4-2be10e2aac51_da8f778c-179a-40fc-810d-18f03ab4473b_CopiadeSemnome30.jpg\" alt=\"manifesto hygge\"><\/p>\n<p>E agora a pergunta que nos traz c\u00e1: \u00e9 poss\u00edvel trazer o <em>hygge<\/em> para dentro de casa? Claro que sim, ali\u00e1s \u00e9 suposto tornarmos as casas mais <em>huga <\/em>para que nos possamos sentir confort\u00e1veis e em plenitude. Os dinamarqueses fazem isso mesmo, especialmente no inverno, altura em que vivem com 4 horas de sol di\u00e1rio e temperaturas de 0\u00ba, o que os leva a recolherem-se nos seus lares e a encontrarem maneiras para passarem o tempo. <\/p>\n<p>Assim reunimos um conjunto de dicas para o ajudar a aplicar o <em>hygge<\/em> ao seu lar:<\/p>\n<ol>\n<li>Crie ambientes acolhedores com v\u00e1rias mantas, almofadas e velas<\/li>\n<li>Lembre-se que as almofadas nunca s\u00e3o demais<\/li>\n<li>Receba os amigos em casa em jantares demorados e cheios de conversas<\/li>\n<li>Para a decora\u00e7\u00e3o da casa escolha uma paleta de cores neutra para lhe transmitir paz e tranquilidade<\/li>\n<li>D\u00ea valor aos objetos sentimentais, como aquele servi\u00e7o de ch\u00e1 da av\u00f3<\/li>\n<li>Teste novas receitas na cozinha<\/li>\n<li>Aposte em <em>self-care<\/em><\/li>\n<li>Utilize madeiras e fibras naturais na decora\u00e7\u00e3o<\/li>\n<li>Traga a natureza para dentro de casa atrav\u00e9s das plantas<\/li>\n<li>Brinque com as texturas dos tapetes, mantas e cobertores<\/li>\n<li>Perfume o ambiente com fragr\u00e2ncias agrad\u00e1veis.<\/li>\n<\/ol>\n<p>N\u00e3o \u00e9 muito dif\u00edcil seguir este estado de esp\u00edrito. Bastam pequenas mudan\u00e7as, que de acordo com Meik Willing podem ir desde  &#8220;(&#8230;) a ilumina\u00e7\u00e3o certa, ao planeamento de um jantar, \u00e0 cria\u00e7\u00e3o de um estojo de emerg\u00eancia <em>hygge <\/em>ou at\u00e9 \u00e0 forma correta de se vestir. Por exemplo, n\u00e3o h\u00e1 maneira mais r\u00e1pida de criar <em>hygge <\/em>do que acender velas (org\u00e2nicas e sem perfume). Os dinamarqueses s\u00e3o obcecados por ambientes acolhedores e a luz \u00e9 essencial. \u00c9 uma esp\u00e9cie de conforto emocional&#8221;. E se estas ideias n\u00e3o chegam para o inspirar, fique com a seguinte frase d&#8217; <em>O Livro do Hygge:<\/em><\/p>\n<\/p>\n<h5><strong>O <em>hygge <\/em>\u00e9 algo que \u00e9 bom e que sabe bem, portanto, se isso implicar que queremos comer bolo, pois vamos comer bolo. <\/strong><\/h5>\n<p>(<em>O Livro do Hygge<\/em>, p. 83)<\/p>\n<\/p>\n<p class=\" block-img\"><img decoding=\"async\" src=\"https:\/\/www.imovirtual.com\/noticias\/wp-content\/uploads\/2022\/11\/bd5974cf-f0b2-4813-a690-c8359669947e_Copia-de-Banners-Autores.png\" alt=\"Ana Catarina Autor Imovirtual\"><\/p>\n<h5><em>Ana Catarina \u00e9 a mi\u00fada das tend\u00eancias. Gosta de ficar em casa a perder-se pelas p\u00e1ginas de um livro, mas tamb\u00e9m n\u00e3o dispensa um caf\u00e9 tardio com os amigos. Est\u00e1 sempre \u00e0 procura do \u00faltimo grito em Lifestyle para revelar no Blog do Imovirtual.<\/em><\/h5>\n<\/p>\n<h4><strong>Tamb\u00e9m lhe pode interessar <\/strong><\/h4>\n<ul>\n<li>DecoImo: O que \u00e9 o <a href=\"https:\/\/www.imovirtual.com\/noticias\/decoracao\/o-que-e-o-japandi\" target=\"_blank\" rel=\"noopener\"><strong>Japandi<\/strong><\/a>?<\/li>\n<li>A <a href=\"https:\/\/www.imovirtual.com\/noticias\/decoracao\/como-preparar-a-casa-para-a-primavera\" target=\"_blank\" rel=\"noopener\"><strong>Primavera<\/strong><\/a> chegou. Prepare a casa para festejar esta esta\u00e7\u00e3o<\/li>\n<li>Como transformar o <a href=\"https:\/\/www.imovirtual.com\/noticias\/decoracao\/como-transformar-o-terraco-num-espaco-acolhedor\" target=\"_blank\" rel=\"noopener\"><strong>terra\u00e7o<\/strong><\/a> num espa\u00e7o acolhedor<\/li>\n<\/ul>\n<\/p>\n<div class=\"css-h5fkc8\"><strong>Ultima actualiza\u00e7\u00e3o:<\/strong> 02 novembro 2021<\/div>\n","protected":false},"excerpt":{"rendered":"<p>O que \u00e9 o Hygge e como o levar para dentro de casa A saudade s\u00f3 existe em portugu\u00eas, o hygge em dinamarqu\u00eas. N\u00e3o existe uma express\u00e3o que traduza em concreto este estilo de vida dos escandinavos que tantas pessoas tem conquistado pelo mundo fora e que, inclusivamente, j\u00e1 deu origem a diversos livros. \u00c9 &hellip;<\/p>\n","protected":false},"author":3,"featured_media":1869,"comment_status":"closed","ping_status":"open","sticky":false,"template":"","format":"standard","meta":{"footnotes":""},"categories":[3],"tags":[],"class_list":["post-1868","post","type-post","status-publish","format-standard","has-post-thumbnail","hentry","category-lifestyle"],"_links":{"self":[{"href":"https:\/\/www.imovirtual.com\/noticias\/wp-json\/wp\/v2\/posts\/1868","targetHints":{"allow":["GET"]}}],"collection":[{"href":"https:\/\/www.imovirtual.com\/noticias\/wp-json\/wp\/v2\/posts"}],"about":[{"href":"https:\/\/www.imovirtual.com\/noticias\/wp-json\/wp\/v2\/types\/post"}],"author":[{"embeddable":true,"href":"https:\/\/www.imovirtual.com\/noticias\/wp-json\/wp\/v2\/users\/3"}],"replies":[{"embeddable":true,"href":"https:\/\/www.imovirtual.com\/noticias\/wp-json\/wp\/v2\/comments?post=1868"}],"version-history":[{"count":0,"href":"https:\/\/www.imovirtual.com\/noticias\/wp-json\/wp\/v2\/posts\/1868\/revisions"}],"wp:featuredmedia":[{"embeddable":true,"href":"https:\/\/www.imovirtual.com\/noticias\/wp-json\/wp\/v2\/media\/1869"}],"wp:attachment":[{"href":"https:\/\/www.imovirtual.com\/noticias\/wp-json\/wp\/v2\/media?parent=1868"}],"wp:term":[{"taxonomy":"category","embeddable":true,"href":"https:\/\/www.imovirtual.com\/noticias\/wp-json\/wp\/v2\/categories?post=1868"},{"taxonomy":"post_tag","embeddable":true,"href":"https:\/\/www.imovirtual.com\/noticias\/wp-json\/wp\/v2\/tags?post=1868"}],"curies":[{"name":"wp","href":"https:\/\/api.w.org\/{rel}","templated":true}]}}