{"id":1865,"date":"2021-04-12T00:00:00","date_gmt":"2021-04-12T00:00:00","guid":{"rendered":"https:\/\/www.imovirtual.com\/noticias2\/2021\/04\/12\/camara-de-lisboa-aprova-construcao-de-700-imoveis-para-renda-acessivel\/"},"modified":"2024-09-02T13:51:24","modified_gmt":"2024-09-02T13:51:24","slug":"camara-de-lisboa-aprova-construcao-de-700-imoveis-para-renda-acessivel","status":"publish","type":"post","link":"https:\/\/www.imovirtual.com\/noticias\/novidades\/camara-de-lisboa-aprova-construcao-de-700-imoveis-para-renda-acessivel\/","title":{"rendered":"C\u00e2mara de Lisboa aprova constru\u00e7\u00e3o de 700 im\u00f3veis para renda acess\u00edvel"},"content":{"rendered":"<p class=\"css-8qfla4\">\n<p class=\"css-m5h6m0 edperro0\">\n<h1><strong>C\u00e2mara de Lisboa aprova constru\u00e7\u00e3o de 700 im\u00f3veis para renda acess\u00edvel<\/strong><\/h1>\n<p>No \u00e2mbito do <a href=\"https:\/\/www.imovirtual.com\/en\/noticias\/imobiliario\/as-rendas-de-imoveis-tornam-se-mais-acessiveis\" target=\"_blank\" rel=\"noopener\">Programa de Arrendamento Acess\u00edvel<\/a>, a C\u00e2mara Municipal de Lisboa aprovou tr\u00eas novas propostas para a constru\u00e7\u00e3o de cerca de 1.000 habita\u00e7\u00f5es, 700 das quais far\u00e3o parte desse regime. Benfica, Pa\u00e7o da Rainha e Parque das Na\u00e7\u00f5es s\u00e3o algumas das zonas onde se prev\u00ea a edifica\u00e7\u00e3o dos novos apartamentos que ter\u00e3o diferentes tipologias, desde T0 a T4+. <\/p>\n<p>Em comunicado, a autarquia esclarece que as opera\u00e7\u00f5es&nbsp;<em>\u00abenvolvem a constru\u00e7\u00e3o de cerca de 1.000 habita\u00e7\u00f5es, das quais 700 em renda acess\u00edvel, no \u00e2mbito deste programa destinado a responder \u00e0s necessidades das fam\u00edlias de rendimentos interm\u00e9dios e de jovens em Lisboa\u00bb.<\/em><\/p>\n<p>Considerando as diferentes necessidades de cada zona da cidade onde se inserem, os projetos ir\u00e3o incluir um total de 13.000 metros quadrados de espa\u00e7os verdes, 3.000 lugares de estacionamento privado e 800 de estacionamento p\u00fablico, al\u00e9m de v\u00e1rios servi\u00e7os p\u00fablicos.<\/p>\n<p>Segundo a autarquia, &#8220;o modelo para estas opera\u00e7\u00f5es de concess\u00e3o, que envolvem investimento privado na constru\u00e7\u00e3o e depois na gest\u00e3o das casas, sofreu altera\u00e7\u00f5es, passando a envolver apenas direito de superf\u00edcie&#8221;. No comunicado tamb\u00e9m \u00e9 sabido que&nbsp;<em>&#8220;<\/em>as receitas provenientes da explora\u00e7\u00e3o dos im\u00f3veis, tanto das habita\u00e7\u00f5es em regime livre, como das habita\u00e7\u00f5es em renda acess\u00edvel, s\u00e3o assim a contrapartida para os investimentos dos concession\u00e1rios, podendo o per\u00edodo de concess\u00e3o ser alargado at\u00e9 90 anos&#8221;.<\/p>\n<p>Por isso, a C\u00e2mara de Lisboa refor\u00e7a que nestes empreendimentos n\u00e3o haver\u00e1 lugar para &#8220;quaisquer transmiss\u00f5es em propriedade plena ou outros encargos para a autarquia, regressando os im\u00f3veis na sua totalidade ao dom\u00ednio do munic\u00edpio no final do contrato de concess\u00e3o&#8221;.<\/p>\n<\/p>\n<p class=\" block-img\"><img decoding=\"async\" src=\"https:\/\/www.imovirtual.com\/noticias\/wp-content\/uploads\/2022\/11\/3c23b667-0a08-4ca1-abcb-74566be5c538_Copia-de-Banners-Autores-2.png\" alt=\"Alexandre Lu\u00eds Autor Imovirtual\"><\/p>\n<h5><em>Tamb\u00e9m conhecido como &#8216;O Consultor&#8217;. Pode encontr\u00e1-lo a consultar o \u00faltimo estudo de mercado. N\u00e3o tem talento para vender, mas sabe tudo sobre Imobili\u00e1rio. Fala sobre quest\u00f5es relacionadas com o tema no Blog do Imovirtual.<\/em><\/h5>\n<\/p>\n<h4><strong>Leia tamb\u00e9m<\/strong><\/h4>\n<ul>\n<li><a href=\"https:\/\/www.imovirtual.com\/noticias\/imobiliario\/arrendamento-em-tempos-de-pandemia\" target=\"_blank\" rel=\"noopener\"><strong>Arrendamento<\/strong><\/a> em tempos de pandemia<\/li>\n<li>Evolu\u00e7\u00e3o do <a href=\"https:\/\/www.imovirtual.com\/noticias\/imobiliario\/preco-das-casas-em-lisboa\" target=\"_blank\" rel=\"noopener\"><strong>pre\u00e7o das casas em Lisboa<\/strong><\/a><\/li>\n<li>O Nosso Guia Para <a href=\"https:\/\/www.imovirtual.com\/noticias\/imobiliario\/guia-para-arrendar-moradia-ou-apartamento\" target=\"_blank\" rel=\"noopener\"><strong>Arrendar Moradia ou Apartamento<\/strong><\/a><\/li>\n<\/ul>\n<\/p>\n<div class=\"css-h5fkc8\"><strong>Ultima actualiza\u00e7\u00e3o:<\/strong> 02 novembro 2021<\/div>\n","protected":false},"excerpt":{"rendered":"<p>C\u00e2mara de Lisboa aprova constru\u00e7\u00e3o de 700 im\u00f3veis para renda acess\u00edvel No \u00e2mbito do Programa de Arrendamento Acess\u00edvel, a C\u00e2mara Municipal de Lisboa aprovou tr\u00eas novas propostas para a constru\u00e7\u00e3o de cerca de 1.000 habita\u00e7\u00f5es, 700 das quais far\u00e3o parte desse regime. Benfica, Pa\u00e7o da Rainha e Parque das Na\u00e7\u00f5es s\u00e3o algumas das zonas onde &hellip;<\/p>\n","protected":false},"author":3,"featured_media":1866,"comment_status":"closed","ping_status":"open","sticky":false,"template":"","format":"standard","meta":{"footnotes":""},"categories":[35,4],"tags":[],"class_list":["post-1865","post","type-post","status-publish","format-standard","has-post-thumbnail","hentry","category-guia-de-arrendamento","category-novidades"],"_links":{"self":[{"href":"https:\/\/www.imovirtual.com\/noticias\/wp-json\/wp\/v2\/posts\/1865","targetHints":{"allow":["GET"]}}],"collection":[{"href":"https:\/\/www.imovirtual.com\/noticias\/wp-json\/wp\/v2\/posts"}],"about":[{"href":"https:\/\/www.imovirtual.com\/noticias\/wp-json\/wp\/v2\/types\/post"}],"author":[{"embeddable":true,"href":"https:\/\/www.imovirtual.com\/noticias\/wp-json\/wp\/v2\/users\/3"}],"replies":[{"embeddable":true,"href":"https:\/\/www.imovirtual.com\/noticias\/wp-json\/wp\/v2\/comments?post=1865"}],"version-history":[{"count":0,"href":"https:\/\/www.imovirtual.com\/noticias\/wp-json\/wp\/v2\/posts\/1865\/revisions"}],"wp:featuredmedia":[{"embeddable":true,"href":"https:\/\/www.imovirtual.com\/noticias\/wp-json\/wp\/v2\/media\/1866"}],"wp:attachment":[{"href":"https:\/\/www.imovirtual.com\/noticias\/wp-json\/wp\/v2\/media?parent=1865"}],"wp:term":[{"taxonomy":"category","embeddable":true,"href":"https:\/\/www.imovirtual.com\/noticias\/wp-json\/wp\/v2\/categories?post=1865"},{"taxonomy":"post_tag","embeddable":true,"href":"https:\/\/www.imovirtual.com\/noticias\/wp-json\/wp\/v2\/tags?post=1865"}],"curies":[{"name":"wp","href":"https:\/\/api.w.org\/{rel}","templated":true}]}}